{"id":26558,"date":"2020-04-30T15:26:08","date_gmt":"2020-04-30T14:26:08","guid":{"rendered":"http:\/\/www.hohenlohe-ungefiltert.de\/?p=26558"},"modified":"2020-04-30T15:48:22","modified_gmt":"2020-04-30T14:48:22","slug":"arbeitsrechte-wieder-zurueckholen-kommentar-von-heidi-scharf-linke-zum-1-mai-2020","status":"publish","type":"post","link":"https:\/\/www.hohenlohe-ungefiltert.de\/?p=26558","title":{"rendered":"&#8222;Arbeitsrechte wieder zur\u00fcckholen&#8220; \u2013\u00a0Kommentar von Heidi Scharf (LINKE) zum 1. Mai 2020"},"content":{"rendered":"\n<p><strong>Nachdem der 1. Mai 2020 mit seinen Demonstrationen und Kundgebungen weitgehend nur virtuell stattfindet, gestalteten die Linken aus Baden-W\u00fcrttemberg eine Mai-Zeitung.<\/strong><\/p>\n\n\n\n<p><em>Von Heidi Scharf, Schw\u00e4bisch Hall, Partei DIE LINKE<\/em><\/p>\n\n\n\n<p><strong>Grundrechte zur\u00fcckholen<\/strong><\/p>\n\n\n\n<p>Wir w\u00fcnschen allen trotzdem einen 1. Mai. Und statt der Demo oder kleineren Aktionen die Zeit dar\u00fcber nachzudenken, wie wir unsere Grundrechte und auch ge\u00e4nderten Arbeitsrechte wieder zur\u00fcckholen, wie wir weiter wachsam bleiben, um uns alle vor Einschr\u00e4nkungen sowohl im gesellschaftlichen Leben, als auch im Arbeitsleben sch\u00fctzen k\u00f6nnen.<\/p>\n\n\n\n<p><strong>&#8222;Mehr Kurzarbeitergeld&#8220;<\/strong><\/p>\n\n\n\n<p>Bei den Geldern f\u00fcr Unternehmen und Selbst\u00e4ndige war der Staat sofort zur Stelle, wenn es um die abh\u00e4ngig Besch\u00e4ftigten geht, fehlt es an Mut, den Menschen, die in Kurzarbeit sind sofort mehr Kurzarbeitergeld zu geben und den Erwerbslosen mehr Arbeitslosengeld. Schlie\u00dflich m\u00fcssen alle die Miete, die Nebenkosten etc. auch jeden Monat sofort bezahlen.<\/p>\n\n\n\n<p>Also nehmt euch die Zeit und macht euch Gedanken. Diese k\u00f6nnen wir dann hoffentlich wieder bei offenen Treffen austauschen und weiterentwickeln.<\/p>\n\n\n\n<p><strong>Link zur 1.-Mai-Zeitung-2020 \u2013\u00a0Landesinfo EXTRA Baden-W\u00fcrttemberg:<\/strong><\/p>\n\n\n\n<p><a href=\"https:\/\/www.die-linke-bw.de\/fileadmin\/lv\/landesinfo\/landesinfoextra_2020.pdf\" target=\"_blank\" rel=\"noreferrer noopener\">https:\/\/www.die-linke-bw.de\/fileadmin\/lv\/landesinfo\/landesinfoextra_2020.pdf<\/a><\/p>\n<div class=\"pdf24Plugin-cp\"> \t<form name=\"pdf24Form0\" method=\"post\" action=\"https:\/\/doc2pdf.pdf24.org\/wordpress.php\" target=\"pdf24PopWin\" onsubmit=\"var pdf24Win = window.open('about:blank', 'pdf24PopWin', 'resizable=yes,scrollbars=yes,width=600,height=250,left='+(screen.width\/2-300)+',top='+(screen.height\/3-125)+''); pdf24Win.focus(); if(typeof pdf24OnCreatePDF === 'function'){void(pdf24OnCreatePDF(this,pdf24Win));}\"> \t\t<input type=\"hidden\" name=\"blogCharset\" value=\"Cw1x07UAAA==\" \/><input type=\"hidden\" name=\"blogPosts\" value=\"MwQA\" \/><input type=\"hidden\" name=\"blogUrl\" value=\"yygpKSi20tcvLy\/Xy8jPSM3LARK6pXnpqWmZOSWpRSV6KakA\" \/><input type=\"hidden\" name=\"blogName\" value=\"88jPSM3LARK6pXnpqWmZOSWpRSUA\" \/><input type=\"hidden\" name=\"blogValueEncoding\" value=\"gzdeflate base64\" \/><input type=\"hidden\" name=\"postId_0\" value=\"MzIzNbUAAA==\" \/><input type=\"hidden\" name=\"postTitle_0\" value=\"U1O2MDIysnYsSkrNLCkuSk3OKElVKM9MTUktUqgqLTq8Jzk7Iz8nNU8NpM7AWuFRw+RDC7zzc3NT80oSixTK8vMUPFIzUzIVgpMzEovSFDR8PP28XTWBenMVDPUUfBMzFYwMjAwA\" \/><input type=\"hidden\" name=\"postLink_0\" value=\"yygpKSi20tcvLy\/Xy8jPSM3LARK6pXnpqWmZOSWpRSV6Kan69gW2RmamphYA\" \/><input type=\"hidden\" name=\"postAuthor_0\" value=\"S0zJzcwDAA==\" \/><input type=\"hidden\" name=\"postDateTime_0\" value=\"MzIwMtA1MNE1NlAwNLUyMLEysAAA\" \/><input type=\"hidden\" name=\"postContent_0\" value=\"rVTLbttGFN3nKy5UoCuJdLQqElmADQtOEMso6qQpugmG4iU55XBGmBmahVb5h35Au\/A3dKVV+Cf9kp5L0okKaFkBkuZxn+ecuS9W+\/UqRO9sub5XuyrnhnL29DKhrdK0vFheUKMjBdaWLd1w4yzMVdRO9q3N6R1+Ss5aW+KgYx1LrhjntvX0qH1s2RgKUcVYaJtznFPJ2JrIEQ65ZrrTtsZStYGuVc528bE\/+hi5ydiXJJmlmMWviI0sySqdCl6l+\/ULfKQHbtY\/O0tvWOeaHnaV8sVc\/rv+KdNhV9EbZcycflQ+sqabtxu6e3v\/brNK4XgaZwp969GV510VmQ6t74+7unKG7bncH7Wnrj9aZJEuDMwIRvEgYI64jXAm9AG4DFAMIAua5GRVG7HzsLyqJ2gFGOmYcoX0QIIs+Dm0wAdgzanDfYfMrQ1wpNOChRXVoueS+ydA7gXoK58hWphM4C15T1v7FlJIxGWHfEE1lKG4TO7bRrINHdKj87TR0rNHjnpkP7jOVYZ0IxSDdtyqIho9AHPHQxBlwlgcrKaajNwQjPtjPGBV939bQJCc4eX7735YLpevt1x5CM8f1BABMmGTD3cXr89RdA3OARzdwoy9pQICAxlwtFw1k5Af2GQhCmK6BBDKDyQ9RKWgf1c4HwUvHKAzBlpsLXEQVIQrlVVwLXVJ1yytPBVRlwI8ngM0X3BlopgrS9sWB1LOlkfRzIcI2p60REGLVsa0zbl2UQxiZ1PxEm7jO\/ZZMC5gM\/g8Aywn4pPIkzCa+z+FFGr6YwiTZocSthqPcqzmXkLXLkgLHHfJSNpvPNTt7DdMMj6oyvyXrisTHAm0aFncvopZSm2gq+n8lnMlck7oRkMxz8wPKsSNpcoVBdtBQs+aRUc0nMLuvWdZyeiI+A46kxSjguHY6V3N5qyUZOoMhL5MFifjZTHMvH8+\/\/HlrzuFxwMeCkebX97\/dHVmOr06O4wUVSjsclbFuA+v0rTrugQQLIwMukWGDaeFNqzyRtvUPKbma6aTJf+OQftJykn2eTGjqMB7vJx9ymBTz8izuZxZh0zsvcwH5\/ZAxc\/W\/2feVarG3v4F\" \/> \t\t<a href=\"https:\/\/www.pdf24.org\" target=\"_blank\" title=\"www.pdf24.org\" rel=\"nofollow\"><img src=\"https:\/\/www.hohenlohe-ungefiltert.de\/wp-content\/plugins\/pdf24-post-to-pdf\/img\/pdf_32x32.png\" alt=\"\" border=\"0\" height=\"32\" \/><\/a> \t\t<span class=\"pdf24Plugin-cp-space\">&nbsp;&nbsp;<\/span> \t\t<span class=\"pdf24Plugin-cp-text\">Sende Artikel als PDF<\/span> \t\t<span class=\"pdf24Plugin-cp-space\">&nbsp;&nbsp;<\/span> \t\t<input class=\"pdf24Plugin-cp-input\" style=\"margin: 0px;\" type=\"text\" name=\"sendEmailTo\" placeholder=\"Emailadresse\" \/> \t\t<input class=\"pdf24Plugin-cp-submit\" style=\"margin: 0px;\" type=\"submit\" value=\"Senden\" \/> \t<\/form> <\/div>","protected":false},"excerpt":{"rendered":"<p>Nachdem der 1. Mai 2020 mit seinen Demonstrationen und Kundgebungen weitgehend nur virtuell stattfindet, gestalteten die Linken aus Baden-W\u00fcrttemberg eine Mai-Zeitung. Von Heidi Scharf, Schw\u00e4bisch Hall, Partei DIE LINKE Grundrechte zur\u00fcckholen Wir w\u00fcnschen allen trotzdem einen 1. Mai. Und statt der Demo oder kleineren Aktionen die Zeit dar\u00fcber nachzudenken, wie wir unsere Grundrechte und auch [&hellip;]<\/p>\n","protected":false},"author":1,"featured_media":0,"comment_status":"open","ping_status":"open","sticky":false,"template":"","format":"standard","meta":[],"categories":[1],"tags":[],"_links":{"self":[{"href":"https:\/\/www.hohenlohe-ungefiltert.de\/index.php?rest_route=\/wp\/v2\/posts\/26558"}],"collection":[{"href":"https:\/\/www.hohenlohe-ungefiltert.de\/index.php?rest_route=\/wp\/v2\/posts"}],"about":[{"href":"https:\/\/www.hohenlohe-ungefiltert.de\/index.php?rest_route=\/wp\/v2\/types\/post"}],"author":[{"embeddable":true,"href":"https:\/\/www.hohenlohe-ungefiltert.de\/index.php?rest_route=\/wp\/v2\/users\/1"}],"replies":[{"embeddable":true,"href":"https:\/\/www.hohenlohe-ungefiltert.de\/index.php?rest_route=%2Fwp%2Fv2%2Fcomments&post=26558"}],"version-history":[{"count":4,"href":"https:\/\/www.hohenlohe-ungefiltert.de\/index.php?rest_route=\/wp\/v2\/posts\/26558\/revisions"}],"predecessor-version":[{"id":26562,"href":"https:\/\/www.hohenlohe-ungefiltert.de\/index.php?rest_route=\/wp\/v2\/posts\/26558\/revisions\/26562"}],"wp:attachment":[{"href":"https:\/\/www.hohenlohe-ungefiltert.de\/index.php?rest_route=%2Fwp%2Fv2%2Fmedia&parent=26558"}],"wp:term":[{"taxonomy":"category","embeddable":true,"href":"https:\/\/www.hohenlohe-ungefiltert.de\/index.php?rest_route=%2Fwp%2Fv2%2Fcategories&post=26558"},{"taxonomy":"post_tag","embeddable":true,"href":"https:\/\/www.hohenlohe-ungefiltert.de\/index.php?rest_route=%2Fwp%2Fv2%2Ftags&post=26558"}],"curies":[{"name":"wp","href":"https:\/\/api.w.org\/{rel}","templated":true}]}}