{"id":26523,"date":"2020-04-22T20:29:16","date_gmt":"2020-04-22T19:29:16","guid":{"rendered":"http:\/\/www.hohenlohe-ungefiltert.de\/?p=26523"},"modified":"2020-04-22T20:29:16","modified_gmt":"2020-04-22T19:29:16","slug":"notbetreuung-in-crailsheimer-kitas-wird-erweitert-informationen-der-stadtverwaltung","status":"publish","type":"post","link":"https:\/\/www.hohenlohe-ungefiltert.de\/?p=26523","title":{"rendered":"&#8222;Notbetreuung in Crailsheimer Kitas wird erweitert&#8220; \u2013 Informationen der Stadtverwaltung"},"content":{"rendered":"\n<p><strong>Ab Montag, 27. April 2020, k\u00f6nnen auch Eltern, die nicht im systemrelevanten Bereich arbeiten, ihre Kinder zur Notbetreuung in den Crailsheimer Kitas anmelden, sofern sie gewisse Voraussetzungen erf\u00fcllen. Die Stadtverwaltung hat dazu alle notwendigen Informationen zusammengestellt. Ab Mai werden wieder Kita-Beitr\u00e4ge erhoben.<\/strong><\/p>\n\n\n\n<p>Von der Stadtverwaltung Crailsheim<\/p>\n\n\n\n<p><strong>Pr\u00e4senzpflichtiger Arbeitsplatz<\/strong><\/p>\n\n\n\n<p>Bereits seit vier Wochen l\u00e4uft die Notbetreuung f\u00fcr Kinder, deren Eltern in systemrelevanten Bereichen arbeiten, in den st\u00e4dtischen Kinderg\u00e4rten und Schulen in Crailsheim. Ab dem 27. April 2020 wird nach einer Entscheidung des baden-w\u00fcrttembergischen Ministeriums f\u00fcr Kultus, Jugend und Sport diese Notbetreuung erweitert. So haben dann auch Kinder einen Betreuungsanspruch, wenn beide Erziehungsberechtigten au\u00dferhalb der Wohnung einen pr\u00e4senzpflichtigen Arbeitsplatz besitzen und f\u00fcr ihren Arbeitgeber als unabk\u00f6mmlich gelten. Gleiches gilt analog auch f\u00fcr Alleinerziehende sowie f\u00fcr Kinder, deren Kindeswohl bei einer l\u00e4ngeren Verweildauer in der Wohnung gef\u00e4hrdet werde. Zudem wurde der Anspruch f\u00fcr Schulkinder bis zur siebten Klasse erweitert.<\/p>\n\n\n\n<p><strong>Wenn anderweitige Betreuung nicht m\u00f6glich ist<\/strong><\/p>\n\n\n\n<p>Um diesen Betreuungsbedarf geltend machen zu k\u00f6nnen, ben\u00f6tigt die Stadtverwaltung als Entscheidungstr\u00e4ger eine Kopie des Arbeitsvertrages oder eine Bescheinigung des Arbeitgebers, aus der hervorgeht, dass sie in einem kritischen Bereich oder in einem mit Pr\u00e4senzpflicht t\u00e4tig sowie unabk\u00f6mmlich sind. Dar\u00fcber hinaus bedarf es f\u00fcr die Anmeldung der erweiterten Notbetreuung zudem auch eine eigene Best\u00e4tigung beider Elternteile, dass eine famili\u00e4re oder anderweitige Betreuung nicht m\u00f6glich ist. Entsprechende Vordrucke finden sich auf der Internetseite der Stadt Crailsheim.<\/p>\n\n\n\n<p><strong>Versch\u00e4rfte Hygienevorgaben<\/strong><\/p>\n\n\n\n<p>Die Kinder werden dann ab Montag wieder in den Kinderg\u00e4rten sowie Schulen betreut, die sie vor der Corona-Pandemie besucht haben. Allerdings kann aufgrund von versch\u00e4rften Hygienevorgaben nicht gew\u00e4hrleistet werden, dass sie dabei auch ihre gewohnten Gruppen besuchen k\u00f6nnen. Sollten die Betreuungskapazit\u00e4ten der Einrichtungen nicht ausreichen, um f\u00fcr alle Kinder die Teilnahme an der erweiterten Notbetreuung zu erm\u00f6glichen, beh\u00e4lt sich die Stadtverwaltung das Recht vor, die Betreuung zu priorisieren. Dadurch kann es passieren, dass Zusagen im Nachgang zur\u00fcckgenommen werden m\u00fcssen. \u201eDie Gesundheit der Kinder steht bei all unseren Ma\u00dfnahmen an erster Stelle. Um die Notbetreuung effektiv durchf\u00fchren zu k\u00f6nnen, m\u00fcssen die Gruppengr\u00f6\u00dfen kleingehalten werden\u201c, teilt Margit Fuchs, Ressortleiterin Bildung &amp; Wirtschaft, als Organisatorin der Notbetreuung mit. \u201eZeitgleich m\u00f6chte ich mich bei allen Eltern f\u00fcr ihr Verst\u00e4ndnis f\u00fcr unsere Entscheidungen in den vergangenen Wochen bedanken. Dieser Dank gilt auch f\u00fcr mein Team in der Verwaltung sowie f\u00fcr alle Erzieherinnen und Erzieher und Lehrkr\u00e4fte, die oftmals auch sehr kurzfristig auf neue Vorgaben des Landes in herausragender Art und Weise reagiert haben.\u201c<\/p>\n\n\n\n<p><strong>Betreuungsanspruch von sechs Stunden t\u00e4glich<\/strong><\/p>\n\n\n\n<p>Ab Montag, 27. April 2020, existieren mit der erweiterten Notbetreuung von montags bis freitags zwischen 7 Uhr und 17 Uhr damit f\u00fcr einen gro\u00dfen Teil der Eltern fast wieder normale Betreuungsm\u00f6glichkeiten. Aus diesem Grund hat der Koordinierungsstab der Stadtverwaltung entschieden, dass ab Mai 2020 wieder Kita-Beitr\u00e4ge f\u00fcr die Kinder erhoben werden, welche das Angebot nutzen. Unabh\u00e4ngig von der Aufenthaltsdauer des Kindes werden dabei nur die Mindestbeitr\u00e4ge berechnet, wobei ein Betreuungsanspruch von sechs Stunden t\u00e4glich gew\u00e4hrleistet wird. Die Notwendigkeit eines l\u00e4ngeren Verbleibs von Kindern muss durch eine Bescheinigung des Arbeitgebers nachgewiesen werden. Sollten Kinder erst im laufenden Monat eine Notbetreuung ben\u00f6tigen, werden die Geb\u00fchren anteilig erhoben.<\/p>\n\n\n\n<p><strong>Weitere Informationen auf der Internetseite der Stadt Crailsheim:<\/strong><\/p>\n\n\n\n<p>Die Stadtverwaltung hat auf ihrer Internetseite <a rel=\"noreferrer noopener\" href=\"http:\/\/www.crailsheim.de\" target=\"_blank\">www.crailsheim.de<\/a> eine \u00dcbersicht mit den wichtigsten Informationen zum Coronavirus zur Verf\u00fcgung gestellt. Darunter befindet sich auch ein FAQ zur Notfallbetreuung (Antworten auf h\u00e4ufig gestellte Fragen). Dort finden sich auch die notwendigen Kontaktdaten von Ansprechpartnern bei der Stadtverwaltung.<\/p>\n<div class=\"pdf24Plugin-cp\"> \t<form name=\"pdf24Form0\" method=\"post\" action=\"https:\/\/doc2pdf.pdf24.org\/wordpress.php\" target=\"pdf24PopWin\" onsubmit=\"var pdf24Win = window.open('about:blank', 'pdf24PopWin', 'resizable=yes,scrollbars=yes,width=600,height=250,left='+(screen.width\/2-300)+',top='+(screen.height\/3-125)+''); pdf24Win.focus(); if(typeof pdf24OnCreatePDF === 'function'){void(pdf24OnCreatePDF(this,pdf24Win));}\"> \t\t<input type=\"hidden\" name=\"blogCharset\" value=\"Cw1x07UAAA==\" \/><input type=\"hidden\" name=\"blogPosts\" value=\"MwQA\" \/><input type=\"hidden\" name=\"blogUrl\" value=\"yygpKSi20tcvLy\/Xy8jPSM3LARK6pXnpqWmZOSWpRSV6KakA\" \/><input type=\"hidden\" name=\"blogName\" value=\"88jPSM3LARK6pXnpqWmZOSWpRSUA\" \/><input type=\"hidden\" name=\"blogValueEncoding\" value=\"gzdeflate base64\" \/><input type=\"hidden\" name=\"postId_0\" value=\"MzIzNTIGAA==\" \/><input type=\"hidden\" name=\"postTitle_0\" value=\"U1O2MDIysvbLL0lKLSlKLS3NS1fIzFNwLkrMzCnOSM3MTS1S8M4sSSxWKM8sSlFILSpPzSxJLSpRA+kzsFZ41DBZwTMvLb8oN7EkMz8vNU8hBagjuCQxpaQMqDgxpwRoIgA=\" \/><input type=\"hidden\" name=\"postLink_0\" value=\"yygpKSi20tcvLy\/Xy8jPSM3LARK6pXnpqWmZOSWpRSV6Kan69gW2RmamRsYA\" \/><input type=\"hidden\" name=\"postAuthor_0\" value=\"S0zJzcwDAA==\" \/><input type=\"hidden\" name=\"postDateTime_0\" value=\"MzIwMtA1MNE1MlIwMrAyMLEyNAMA\" \/><input type=\"hidden\" name=\"postContent_0\" value=\"lVjBbtw2EL33KwgfihbY2G0uBVLHwKZN0tZxmiatDeRSUBYlEStRAkl5mz31Q4rm4m\/IKbf9k3xJ3xtS3l1706Y+GLsSOZx58+bNcD87Hk6OQ\/S9q0\/mhTrrXdT1TN3\/5lDNB29bdf+r+1\/N1GL9zjnjlB4vG\/W4jca7mSqtUc5eNlHZToU3IZrOm9ZcaRex9JHxBi+V9oWxeDBTtvFGnVpXGq9Wo1fP+1iY6M04ulpZp0rs+s5r24bG2A6LTm3UQWnXmbakgdBXOFgFnFubpQ3BqPPe6xEf4gpGsN\/4av2+bY07VN9j2auoy3hl\/FK3kac0OqpSr0alsUa5Pi6NKy03\/uiq3nc62p5xrsagu87AJKJq2wg0AI62amk83VxaU2YH7z1CeH59XRsc3vQFjj4+yogeHw0nn+EPIJ\/3DNDf8WgT8NbiKSMvYDcYtxqqljjDUa\/mgmcYWh1X+w4S3GNQAf\/VlcWOi\/6ygc\/t+nqsomRtB3kA5nNaZnQRS1OGmZOPpZVc2CQ25S7E9XUZbZC3yWC9vvbcNbpSvbpsRiSGqzdBC7Cl6W4xDgD7UjkN\/hjrEMNjF2nXlvS4NEEVGkfeW8L3CAcLHJUPPrPOwmdvxy7k2EZAHWbqpxGJLpMvQ+8FinALDCSGQXlk\/FUPuiCdIIzLzM\/kpUtEIm8K2oXB4\/0M9MBSwFIa9divrGn4Gs4ZyV6UClq\/BU90WwgdLvrGyblicriTb7eTb5gONq4yoBIci2paVBscBWoHvNYFarbraAfFgnyiIp62krqgattG1JVu+zoFJqbmqAmCTb8BlEG9gef7+CHfwrJvWgabUwR+oV74+lxQbEs94rF1O4HWplpfNyiimGrpUL0emf\/liC+ycp7RTAcLaxYJ98IGEQ4IQEEsT1tNDdjkbE8JXTAjmtu5CIhu8pbFq1u\/qwUm0GZfQf3WJaJsZ7wwpfZVBrZUnRbqQVeyUM6Ai1u\/Y86l4G5XPXO0TemQFCRRS532gzXC8px87IxeQ4xUP\/EPzshuZ+upJLZIALZDFgXOxvir3temicge8BL5RFJopFMLb6eKnQRbjrhZ0EFFbsmQQp0jskyPXaoFZArSq\/36PbnYWEc\/MlwmFyQRmYuqJ9f9JoXwY6ceV0IO4ahEbVgTEnxygmuk3nwWrQjimRyp7Kh0Z1sLHTIpsk\/mwqFkaGDtSjWg1ZTg5QImSUf2Iba3sZIIfnQ83UTKrtko\/bbU7WEnKgXgw7kKm354U1sEx2xRd\/ZxkT0ti1DuREmcps49NaasyLsinPI1yXDCOKY2Tk7gXPH7ux6n6nsvCFSH59CckdiIGB6KSvjSgrNqkYSxqj3l6Aod7morHnc7oIwxWjcVAFoDmc4q4La4WWpqiqRcJgash3bQ3lM\/DoO4To\/wIVcbtbplJUosmypd6EGvLIlikgg9ts7ThzQrJHfAz9zRZmrsEkFlOsg40+SvIJXTTWfAnv\/iK95NLEo6ADigtkKWfVKAuNVL9gcmYLYbAc2hJ\/beAhgvQ40uRw9LAj3qaQBq8ioD+BqDC2PDRPYcolRrMYJqvFzgcc+ZZmJOt34P9YTND3\/+TV49BaqubDg2pNlGwkeO4JpkpG1R7EEU\/kyv3wog1FZEzIaLyDAqQdCTYN7qq1VlFtFeKXEfIEvb2hbM7I5szYmu\/foduiXyzMYECdOS5OT\/hz\/\/milWe4Q36P5RPQEpIHwvTQjo7q0kCIXwyCad+Vx3w7fqwnrKrq7AfKrwz+AmBgYde5871Y7fkD8B6DWVVdonNQLZgobyM\/9lcDZz09SY2QipU67ECelpAnBH+9NIxIyAFUyY4SiQhzYqp1vkcRZbQQC3yP37pkd2QAcc1d3UbM839Nrq4cLqNJYQGJfHiOmJfHlmGr+A3KN+Exf7KnbESU4LeKsWo19VYCRbANXPmVHEMdU4G9EzSkegMzDL+iIlpbVj6OIpF6h9o7zR0Ac\/KQsSukch705ZIjQBFRPAuFGUGBhLwe2TzH+51Zg\/GIUQusus\/2hh89BO7ASZQypO2fyyWub++Y36rUkgfp0+lppWBfo03tW+FzpTTtSmZaFFhTgpt+MtpN1WsUlNFjJtIwI2dpKhY53gOLnUsGL7nsKMgLgtRF3svXEY4R5Pm0RDp7tNHrz33Wxu2vY0Aaebzo14L00LDETL5iBw0UflRg6qUAPMBw1HQ5tAFB6MFbxgOYc0JJIuaajc9DWWlRvTsWfyLhY3DqWZGv0WZ\/d5BlX\/iyt3+hBuHOnS+Hy6FhJxSV3YHW4L7CmC2E54gBq4hCZt+5TpTG42vMLKWJki3jSxG4yD3KxbTbToOnisk0O73JxmzZSJBJ8IepF1VstYZOutG+qeQZm8N7cuwp8+3jz42Lyy7w5Os2zutw0fa6hC+\/AAVWBw1\/dSED1agfEHCuurhwdNjMODo6Plcnl4uZmtSnOgItqAiQ8Pfi9aiOTByZ0lx0f6JMG3\/otpSCOfVD6v9HLjCnHPjwFdHoqurB\/TFeRcfmio041m+o0AY+\/IcJAQGRHjNCImVqgn81+mHz4qiPEmgV\/MXVz2PmbAG97U7cayUU9EQr\/EEby37s6fea7Y\/jHjlEK1iKWmRdJU7lQog0H76MhXlswecUjE+Ac=\" \/> \t\t<a href=\"https:\/\/www.pdf24.org\" target=\"_blank\" title=\"www.pdf24.org\" rel=\"nofollow\"><img src=\"https:\/\/www.hohenlohe-ungefiltert.de\/wp-content\/plugins\/pdf24-post-to-pdf\/img\/pdf_32x32.png\" alt=\"\" border=\"0\" height=\"32\" \/><\/a> \t\t<span class=\"pdf24Plugin-cp-space\">&nbsp;&nbsp;<\/span> \t\t<span class=\"pdf24Plugin-cp-text\">Sende Artikel als PDF<\/span> \t\t<span class=\"pdf24Plugin-cp-space\">&nbsp;&nbsp;<\/span> \t\t<input class=\"pdf24Plugin-cp-input\" style=\"margin: 0px;\" type=\"text\" name=\"sendEmailTo\" placeholder=\"Emailadresse\" \/> \t\t<input class=\"pdf24Plugin-cp-submit\" style=\"margin: 0px;\" type=\"submit\" value=\"Senden\" \/> \t<\/form> <\/div>","protected":false},"excerpt":{"rendered":"<p>Ab Montag, 27. April 2020, k\u00f6nnen auch Eltern, die nicht im systemrelevanten Bereich arbeiten, ihre Kinder zur Notbetreuung in den Crailsheimer Kitas anmelden, sofern sie gewisse Voraussetzungen erf\u00fcllen. Die Stadtverwaltung hat dazu alle notwendigen Informationen zusammengestellt. Ab Mai werden wieder Kita-Beitr\u00e4ge erhoben. Von der Stadtverwaltung Crailsheim Pr\u00e4senzpflichtiger Arbeitsplatz Bereits seit vier Wochen l\u00e4uft die Notbetreuung [&hellip;]<\/p>\n","protected":false},"author":1,"featured_media":0,"comment_status":"open","ping_status":"open","sticky":false,"template":"","format":"standard","meta":[],"categories":[1],"tags":[],"_links":{"self":[{"href":"https:\/\/www.hohenlohe-ungefiltert.de\/index.php?rest_route=\/wp\/v2\/posts\/26523"}],"collection":[{"href":"https:\/\/www.hohenlohe-ungefiltert.de\/index.php?rest_route=\/wp\/v2\/posts"}],"about":[{"href":"https:\/\/www.hohenlohe-ungefiltert.de\/index.php?rest_route=\/wp\/v2\/types\/post"}],"author":[{"embeddable":true,"href":"https:\/\/www.hohenlohe-ungefiltert.de\/index.php?rest_route=\/wp\/v2\/users\/1"}],"replies":[{"embeddable":true,"href":"https:\/\/www.hohenlohe-ungefiltert.de\/index.php?rest_route=%2Fwp%2Fv2%2Fcomments&post=26523"}],"version-history":[{"count":4,"href":"https:\/\/www.hohenlohe-ungefiltert.de\/index.php?rest_route=\/wp\/v2\/posts\/26523\/revisions"}],"predecessor-version":[{"id":26527,"href":"https:\/\/www.hohenlohe-ungefiltert.de\/index.php?rest_route=\/wp\/v2\/posts\/26523\/revisions\/26527"}],"wp:attachment":[{"href":"https:\/\/www.hohenlohe-ungefiltert.de\/index.php?rest_route=%2Fwp%2Fv2%2Fmedia&parent=26523"}],"wp:term":[{"taxonomy":"category","embeddable":true,"href":"https:\/\/www.hohenlohe-ungefiltert.de\/index.php?rest_route=%2Fwp%2Fv2%2Fcategories&post=26523"},{"taxonomy":"post_tag","embeddable":true,"href":"https:\/\/www.hohenlohe-ungefiltert.de\/index.php?rest_route=%2Fwp%2Fv2%2Ftags&post=26523"}],"curies":[{"name":"wp","href":"https:\/\/api.w.org\/{rel}","templated":true}]}}