{"id":2634,"date":"2009-06-29T23:48:55","date_gmt":"2009-06-29T22:48:55","guid":{"rendered":"http:\/\/www.hohenlohe-ungefiltert.de\/?p=2634"},"modified":"2009-06-29T23:55:55","modified_gmt":"2009-06-29T22:55:55","slug":"regionale-medienkritik-26-juni-2009-mach-mir-den-hartz","status":"publish","type":"post","link":"https:\/\/www.hohenlohe-ungefiltert.de\/?p=2634","title":{"rendered":"Regionale Medienkritik \/ 26. Juni 2009: Unterwegs zu Hartz V"},"content":{"rendered":"<p><strong>Liest sich eigentlich mal jemand beim Hohenloher Tagblatt die ganzen Pressemitteilungen und PR-Artikel durch, bevor er sie in die Zeitung setzt? Aber vielleicht handelt es sich bei \u201eEine Idee f\u00fcr neue Perspektiven. Konzept Minipreneure: CSU-Mittelstand f\u00f6rdert Initiative gegen Arbeitslosigkeit\u201c (K\u00fcrzel: ibe) ja auch nur um eine Satire \u2013 und ich habe es nur nicht verstanden!<\/strong><\/p>\n<p><em>Von Axel Wiczorke, Hohenlohe-ungefiltert<\/em><\/p>\n<p>Gleich unter der \u00dcberschrift ein Foto von <strong>Peter Hartz<\/strong> (Jaja, genau der!). Wir lesen:<br \/>\n<em>\u201eDas vom fr\u00fcheren Berater der Bundesregierung, Peter Hartz, initiierte Konzept \u201eMinipreneure\u201c soll seinen bundesweiten Start in Ansbach haben.\u201c<\/em><\/p>\n<p>Abgesehen davon, dass man ein Konzept nicht initiieren kann, h\u00f6chstens seine Erstellung, wird es im Artikel erst richtig lustig, als es zu der Vorstellung von <strong>Peter Hartz<\/strong> kommt:<br \/>\n<em>\u201eHauptreferent ist der seit der gleichnamigen Sozialreform weithin bekannte Professor Hartz. Hartz selbst hat \u00fcber mehrere Jahrzehnte eine Vielzahl von Initiativen gegen die Arbeitslosigkeit gestartet.\u201c<\/em><\/p>\n<p>Weithin bekannt ist <strong>Peter Hartz<\/strong> vor allem durch seine Mitwirkung an vorderster Front in der <strong>VW-Aff\u00e4re<\/strong> um Untreue und Verg\u00fcnstigungen f\u00fcr Betriebsr\u00e4te geworden! In deren Folge wurde er im Januar 2007 zu einer zweij\u00e4hrigen Bew\u00e4hrungsstrafe und 576 000 Euro Geldbu\u00dfe verurteilt. Er r\u00e4umte ein, den ehemaligen VW-Betriebsratschef Klaus Volkert mit Sonderzahlungen in Millionenh\u00f6he \u201egekauft\u201c zu haben.<\/p>\n<p><img loading=\"lazy\" src=\"https:\/\/www.hohenlohe-ungefiltert.de\/wp-content\/uploads\/2009\/06\/Hartz1.jpg\" alt=\"Hartz1\" title=\"Hartz1\" width=\"954\" height=\"1431\" class=\"aligncenter size-full wp-image-2635\" \/\n\nUnd warum soll der bundesweite Start f\u00fcr das Projekt nun ausgerechnet in <strong srcset=\"https:\/\/www.hohenlohe-ungefiltert.de\/wp-content\/uploads\/2009\/06\/Hartz1.jpg 954w, https:\/\/www.hohenlohe-ungefiltert.de\/wp-content\/uploads\/2009\/06\/Hartz1-200x300.jpg 200w, https:\/\/www.hohenlohe-ungefiltert.de\/wp-content\/uploads\/2009\/06\/Hartz1-682x1024.jpg 682w\" sizes=\"(max-width: 954px) 100vw, 954px\" \/>Ansbach<\/strong> sein?<br \/>\nSchon im November vergangenen Jahres hatte <strong>Peter Hartz<\/strong> seine R\u00fcckkehr in die Arbeitsmarktpolitik geplant. Das ging allerdings gr\u00fcndlich daneben. Die Saarbr\u00fccker Arbeitsagentur sagte damals kurzfristig die Vorstellung des von ihm mitentwickelten Konzeptes der <strong>Minipreneure<\/strong> (zur Bek\u00e4mpfung der Langzeitarbeitslosigkeit) mit der Begr\u00fcndung, die bundesweite Berichterstattung in Vorfeld sei zu negativ gewesen, ab!<\/p>\n<p>Die <strong>Rede von Peter Hartz<\/strong> kann inzwischen \u00fcbrigens hier nachgelesen werden:<br \/>\n<a href=\"http:\/\/www.shsfoundation.de\/fileadmin\/contents\/minipreneure\/Rede_Ansbach_29_06.pdf\">http:\/\/www.shsfoundation.de\/fileadmin\/contents\/minipreneure\/Rede_Ansbach_29_06.pdf<\/a><\/p>\n<p>Mehr zu seiner Person und dem <strong>VW-Skandal<\/strong>:<br \/>\n<a href=\"http:\/\/de.wikipedia.org\/wiki\/Peter_Hartz\">http:\/\/de.wikipedia.org\/wiki\/Peter_Hartz<\/a><\/p>\n<p>Zur <strong>Vorgeschichte der Minipreneure<\/strong> und dem medialen Echo im Vorfeld:<br \/>\n<a href=\"http:\/\/www.welt.de\/politik\/article2790025\/Comeback-von-Peter-Hartz-wegen-Kritik-gescheitert.html\">http:\/\/www.welt.de\/politik\/article2790025\/Comeback-von-Peter-Hartz-wegen-Kritik-gescheitert.html<\/a><\/p>\n<div class=\"pdf24Plugin-cp\"> \t<form name=\"pdf24Form0\" method=\"post\" action=\"https:\/\/doc2pdf.pdf24.org\/wordpress.php\" target=\"pdf24PopWin\" onsubmit=\"var pdf24Win = window.open('about:blank', 'pdf24PopWin', 'resizable=yes,scrollbars=yes,width=600,height=250,left='+(screen.width\/2-300)+',top='+(screen.height\/3-125)+''); pdf24Win.focus(); if(typeof pdf24OnCreatePDF === 'function'){void(pdf24OnCreatePDF(this,pdf24Win));}\"> \t\t<input type=\"hidden\" name=\"blogCharset\" value=\"Cw1x07UAAA==\" \/><input type=\"hidden\" name=\"blogPosts\" value=\"MwQA\" \/><input type=\"hidden\" name=\"blogUrl\" value=\"yygpKSi20tcvLy\/Xy8jPSM3LARK6pXnpqWmZOSWpRSV6KakA\" \/><input type=\"hidden\" name=\"blogName\" value=\"88jPSM3LARK6pXnpqWmZOSWpRSUA\" \/><input type=\"hidden\" name=\"blogValueEncoding\" value=\"gzdeflate base64\" \/><input type=\"hidden\" name=\"postId_0\" value=\"MzIzNgEA\" \/><input type=\"hidden\" name=\"postTitle_0\" value=\"C0pNz8zPS8xJVfBNTclMzcsuyizJzFbQVzAy01PwKs3LVDAyMLC0UgjNK0ktKk9NL1aoKlXwSCwqqVIIAwA=\" \/><input type=\"hidden\" name=\"postLink_0\" value=\"yygpKSi20tcvLy\/Xy8jPSM3LARK6pXnpqWmZOSWpRSV6Kan69gW2RmbGJgA=\" \/><input type=\"hidden\" name=\"postAuthor_0\" value=\"AwA=\" \/><input type=\"hidden\" name=\"postDateTime_0\" value=\"MzIwsNQ1MNM1slQwMrYyMLMyNQUA\" \/><input type=\"hidden\" name=\"postContent_0\" value=\"tVZNc9NIEL3zKxqfSFVsOYGETSoJFSB8s5UiS6jikhpbLWni0cg1M4qyPvEf9kqxl\/wGTrn5n\/BL9vVIdgzLwoW9xFI00\/P69evXszc92PPBVTY\/eKXZB\/J6XBDrnG0w8lgqQ+dcKpvSiHVJz6qCrcEfR3+ofGRUCJRqplzZGVs6duw9lzoE1qa2CEM1th6\/6R+6oCdsKK3duFhHsIvKEaJ4bNY2xnjPOmAPeQ6z8IAOR\/h8odkYBpJABUCwCcS+RQk89OXDpyNtmZ6nzJTNrx1ZrpmO2fkpT4K+YDuglxWwTQO91lZPHWOF4116dPK2\/1qAGh8kvWz+2aXsAj23OmgleylnyeDQ4ajgTeV1PsHTlw8f6c5LHDZjs0t6xGt0rkjVwGRrR3UJAoHpBDEcA+JfkQOBXKgRC35ZZmNSF0Aqx7O9vZd0ldhLpge39lAZLg9OK5x\/Cd7e6fGschNevylBXwjOtAlAvZdg8WLj08gYTsUXQk40\/wgu\/bhwOgsCjp5UoaILxF5U\/5hl7TPlwmyJg+68UOdqHSxYVUuc22sD4HBk2LPd3Rs5SnAeDkYZHiuPgCVlbn4NdYC2h+zUAsBDMMDeca7ZAfU6rZy3jvqDcXwJvKwVIq6WSyj3lTHQBqi1NIrxGhQDLycBYUREh9aPVEezHWDPV6wcjnLgBneUKqS+jh\/vIXAbGVkc3JZlgQiLJ8pibTH\/PC48TvMtBDpC3SDNmEyjXSplRX8sZC5lJSexdE6m9vhZJ2W8LJtFMum0Wob4eSkmVVmGbyh\/puppcJwJTEDGgRIW8NqHPKrAqlK6mU6qmVYGqytXkhBXIOkRS3ag\/dhVGTq36s4dtD+IZUZeOi\/Q\/FraseTC4Th6oQqov5CtkY1TtOlMFSYmctNAtusg6e5vuwifvBSOw78q9e5reDG1H7IjXqLgE2VrL12J0N2ozET4RZGxJpWqYPcT7IqCEZoWgU\/f9Q+zbH7l+CYuWvmtBcWwFGnhU3b5\/NpKMVtvi47zkIPTPPJufhXEMho5yN4GDRKfpdlMztTU+Lc4HlTyQtlaOdocDu+LGgStoxmqcj6\/QpPmsXsaecY5HmhU1iLYur9Nw+GQjmpX0VM26aie\/83iIrUTyw0DCJOApC7b0kDlCAbVw8hjXKS5BKwCPIEzemlU7aFHMxH\/g3tDLegvJxVtEwVXr7UxukLzoRUKsbVPOcpTZ9EOkUTbdEvv0iV0X6lU23y\/Z9Tszx55N97vFSFM\/W6SNE0zKL7nZIOUk2baH6NEkHVSTyWKT8DVTjLcTmLlNwbn07yHkof9XvuPHgUdDN+8NjoNxX5vZ+tejwoMtAJLN+7dxZexQd\/v94QPO+bokV7PuJ\/V8BecrEuVc39z++5Wj5Jbt96C9kY5SCEakEhmxX0684lCgJ9II51j8MDhLSaCzyEA9CBHtXVKEx4w4n4lFYQ0G5jULwnYx+vl3eEwBsbzrwu8\/dvm5cZw816MjJemF5lHMe6U6rIfS7YruUwv12hjOLzA0fENhTjozP2mOaXJH3SOeDIuYDzorN+rCy7jxQG9qkS7UK+4FXwXNoaC\/dBIWuN4M78eTyawusXNpPOuUrlJmFYG9jZBo0+Nsmg4mXy5FpOBAzkRPN4xBW0ab1CpsiydQY+13AmUGzkJj7O7qEouW7gQ4AHwUlXKmJjUbpY5LVYTEawOC2gv+qwuSmlW7G40AhqZhd0Yw4pVb1sdpSvjfVaLe03mV+U0awM7egXSZoClvrHrtegLcZZzm10cfYJttR0w9GXoxVtNiLc5UAjwGbxK2BWnsJzLdBCrlIsE5uLo9sI3hKQF6jcMw5REvz8RMRoQfNZoMTErAyo6J+qMwU0WWsk53lQw7sSRl9NTEeSQtf3XidoXPquQBnBVVsQMXbNKS22TTtM+KVdITATbWSfJs82ds+H2YJpmvYNfH3MvUcvB+Fo0CQZ9OzHkmlu1N+wUs29lkp2AnVSZJVv\/lXvKg0ZP9JRTrQaVyxN5SyLfZ5HvZUY\/XbmK8329MlexmFGiKIsooO+rcZFFKScYVO0IPS0t3annR+VrIH5huOvNBHj02PDm\/Z3hcHMreVSVDFInfYipHyH3I+R+I7eT\/ksnm\/oRpYgYdlaE0nxVzP\/lhCVl\/wA=\" \/> \t\t<a href=\"https:\/\/www.pdf24.org\" target=\"_blank\" title=\"www.pdf24.org\" rel=\"nofollow\"><img src=\"https:\/\/www.hohenlohe-ungefiltert.de\/wp-content\/plugins\/pdf24-post-to-pdf\/img\/pdf_32x32.png\" alt=\"\" border=\"0\" height=\"32\" \/><\/a> \t\t<span class=\"pdf24Plugin-cp-space\">&nbsp;&nbsp;<\/span> \t\t<span class=\"pdf24Plugin-cp-text\">Sende Artikel als PDF<\/span> \t\t<span class=\"pdf24Plugin-cp-space\">&nbsp;&nbsp;<\/span> \t\t<input class=\"pdf24Plugin-cp-input\" style=\"margin: 0px;\" type=\"text\" name=\"sendEmailTo\" placeholder=\"Emailadresse\" \/> \t\t<input class=\"pdf24Plugin-cp-submit\" style=\"margin: 0px;\" type=\"submit\" value=\"Senden\" \/> \t<\/form> <\/div>","protected":false},"excerpt":{"rendered":"<p>Liest sich eigentlich mal jemand beim Hohenloher Tagblatt die ganzen Pressemitteilungen und PR-Artikel durch, bevor er sie in die Zeitung setzt? Aber vielleicht handelt es sich bei \u201eEine Idee f\u00fcr neue Perspektiven. Konzept Minipreneure: CSU-Mittelstand f\u00f6rdert Initiative gegen Arbeitslosigkeit\u201c (K\u00fcrzel: ibe) ja auch nur um eine Satire \u2013 und ich habe es nur nicht verstanden! [&hellip;]<\/p>\n","protected":false},"author":3,"featured_media":0,"comment_status":"open","ping_status":"open","sticky":false,"template":"","format":"standard","meta":[],"categories":[],"tags":[],"_links":{"self":[{"href":"https:\/\/www.hohenlohe-ungefiltert.de\/index.php?rest_route=\/wp\/v2\/posts\/2634"}],"collection":[{"href":"https:\/\/www.hohenlohe-ungefiltert.de\/index.php?rest_route=\/wp\/v2\/posts"}],"about":[{"href":"https:\/\/www.hohenlohe-ungefiltert.de\/index.php?rest_route=\/wp\/v2\/types\/post"}],"author":[{"embeddable":true,"href":"https:\/\/www.hohenlohe-ungefiltert.de\/index.php?rest_route=\/wp\/v2\/users\/3"}],"replies":[{"embeddable":true,"href":"https:\/\/www.hohenlohe-ungefiltert.de\/index.php?rest_route=%2Fwp%2Fv2%2Fcomments&post=2634"}],"version-history":[{"count":9,"href":"https:\/\/www.hohenlohe-ungefiltert.de\/index.php?rest_route=\/wp\/v2\/posts\/2634\/revisions"}],"predecessor-version":[{"id":2644,"href":"https:\/\/www.hohenlohe-ungefiltert.de\/index.php?rest_route=\/wp\/v2\/posts\/2634\/revisions\/2644"}],"wp:attachment":[{"href":"https:\/\/www.hohenlohe-ungefiltert.de\/index.php?rest_route=%2Fwp%2Fv2%2Fmedia&parent=2634"}],"wp:term":[{"taxonomy":"category","embeddable":true,"href":"https:\/\/www.hohenlohe-ungefiltert.de\/index.php?rest_route=%2Fwp%2Fv2%2Fcategories&post=2634"},{"taxonomy":"post_tag","embeddable":true,"href":"https:\/\/www.hohenlohe-ungefiltert.de\/index.php?rest_route=%2Fwp%2Fv2%2Ftags&post=2634"}],"curies":[{"name":"wp","href":"https:\/\/api.w.org\/{rel}","templated":true}]}}