{"id":26278,"date":"2020-04-01T10:43:37","date_gmt":"2020-04-01T09:43:37","guid":{"rendered":"http:\/\/www.hohenlohe-ungefiltert.de\/?p=26278"},"modified":"2020-04-01T10:44:15","modified_gmt":"2020-04-01T09:44:15","slug":"e-learnig-kurse-und-nuetzliche-corona-informationen-angebote-der-landeszentrale-fuer-politische-bildung-baden-wuerttemberg","status":"publish","type":"post","link":"https:\/\/www.hohenlohe-ungefiltert.de\/?p=26278","title":{"rendered":"&#8222;E-Learnig-Kurse und Corona-Informationen&#8220; \u2013\u00a0Angebote der  Landeszentrale f\u00fcr politische Bildung Baden-W\u00fcrttemberg"},"content":{"rendered":"\n<p><strong>Die Corona-Epidemie ist eine sehr harte Bew\u00e4hrungsprobe f\u00fcr unsere Demokratie, unsere Gemeinschaft sowie f\u00fcr jeden einzelnen von uns. Wir sollen zwischenmenschliche Kontakte reduzieren, um Infektionsketten zu unterbrechen. Zugleich geht es in diesen Zeiten aber auch darum, das Umfeld im Blick zu haben und sich um Menschen zu k\u00fcmmern, die Unterst\u00fctzung ben\u00f6tigen. F\u00fcr diesen Balanceakt w\u00fcnschen wir Ihnen viel Kraft und auch die notwendige Zuversicht.<\/strong><\/p>\n\n\n\n<p><em>Von der Landeszentrale f\u00fcr politische Bildung Baden-W\u00fcrttemberg<\/em><\/p>\n\n\n\n<p><strong>LpB-Shops und Dienststellen vor\u00fcbergehend geschlossen.<\/strong><\/p>\n\n\n\n<p>Aufgrund der aktuellen Entwicklungen bez\u00fcglich des Coronavirus hat die Landeszentrale f\u00fcr politische Bildung Baden-W\u00fcrttemberg (LpB) beschlossen, den Empfehlungen der Bundeszentrale f\u00fcr gesundheitliche Aufkl\u00e4rung und des Robert-Koch-Instituts zu folgen, und die Unterbrechung der Infektionsketten aktiv zu unterst\u00fctzen. Die LpB-Shops in Stuttgart, Heidelberg, Freiburg und Bad Urach bleiben bis auf Weiteres geschlossen. Die Dienststellen der LpB in Stuttgart, Heidelberg, Freiburg und Bad Urach sind vorerst bis zum 19. April 2020 geschlossen. Alle unsere Publikationen, Spiele usw. finden Sie rund um die Uhr auch online in unserem Web-Shop auf der Internetseite <a href=\"http:\/\/www.lpb-bw.de\/shop\" target=\"_blank\" rel=\"noreferrer noopener\" aria-label=\"www.lpb-bw.de\/shop (\u00f6ffnet in neuem Tab)\">www.lpb-bw.de\/shop<\/a><br> Die B\u00e4nde der Landeskundlichen Reihe finden Sie als kostenlose E-Books unter: <a href=\"http:\/\/www.lpb-bw.de\/e-books\" target=\"_blank\" rel=\"noreferrer noopener\" aria-label=\"www.lpb-bw.de\/e-books (\u00f6ffnet in neuem Tab)\">www.lpb-bw.de\/e-books<\/a><\/p>\n\n\n\n<p><strong>Sie erreichen die LpB per E-Mail:<\/strong>  lpb@lpb-bw.de<\/p>\n\n\n\n<p><strong>\u00dcber die Telefon-Zentrale:<\/strong> 0711 164099-0<br> (Montag bis Freitag, 9 Uhr bis 12 Uhr und 13 Uhr bis 15 Uhr)<\/p>\n\n\n\n<p><strong>Alle LpB-Veranstaltungen werden abgesagt<\/strong><\/p>\n\n\n\n<p>Mit dieser Entscheidung folgt die Landeszentrale den Empfehlungen des Robert-Koch-Instituts, Verbreitungswege soweit wie m\u00f6glich zu minimieren. Angesichts der Entwicklung der Corona-Problematik m\u00f6chten wir als Gastgeber f\u00fcr G\u00e4ste aus dem ganzen Land keine Risiken eingehen. Aus diesem Grund  werden alle Veranstaltungen der Landeszentrale \u2013 vorl\u00e4ufig bis 14. Juni 2020 \u2013 abgesagt. Dies gilt auch f\u00fcr den kompletten Tagungs- und \u00dcbernachtungsbetrieb im Tagungszentrum Haus auf der Alb.<br> Sie k\u00f6nnen sich weiterhin zu Veranstaltungen der Landeszentrale nach dem 14. Juni 2020 anmelden.<br> Weiterhin k\u00f6nnen Sie an unseren E-Learning-Kursen teilnehmen.<\/p>\n\n\n\n<p><strong>Hier finden Sie noch eine Reihe von n\u00fctzlichen Tipps und Links:<\/strong><\/p>\n\n\n\n<p><strong>F\u00fcr Baden-W\u00fcrttemberg:<\/strong>  <a href=\"https:\/\/sozialministerium.baden-wuerttemberg.de\/de\/gesundheit-pflege\/gesundheitsschutz\/infektionsschutz-hygiene\/informationen-zu-coronavirus\/\" target=\"_blank\" rel=\"noreferrer noopener\" aria-label=\"https:\/\/sozialministerium.baden-wuerttemberg.de\/de\/gesundheit-pflege\/gesundheitsschutz\/infektionsschutz-hygiene\/informationen-zu-coronavirus\/ (\u00f6ffnet in neuem Tab)\">https:\/\/sozialministerium.baden-wuerttemberg.de\/de\/gesundheit-pflege\/gesundheitsschutz\/infektionsschutz-hygiene\/informationen-zu-coronavirus\/<\/a><\/p>\n\n\n\n<p><strong>Zur Situation allgemein:<\/strong><\/p>\n\n\n\n<p><strong>Wissenschaftliche Informationen und Fakten beim Robert-Koch-Institut:<\/strong>  <\/p>\n\n\n\n<p><a href=\"https:\/\/www.rki.de\/DE\/Content\/InfAZ\/N\/Neuartiges_Corona virus\/nCoV.html.\" target=\"_blank\" rel=\"noreferrer noopener\" aria-label=\"https:\/\/www.rki.de\/DE\/Content\/InfAZ\/N\/Neuartiges_Corona virus\/nCoV.html. (\u00f6ffnet in neuem Tab)\">https:\/\/www.rki.de\/DE\/Content\/InfAZ\/N\/Neuartiges_Corona virus\/nCoV.html.<\/a><\/p>\n\n\n\n<p><strong>T\u00e4glich neue, sehr differenzierte Informationen zur Entwicklung in der Forschung, neue Erkenntnisse, Faktencheck etc.:<\/strong><\/p>\n\n\n\n<p><strong>NDR-Podcast: Informationen zu Corona als Podcast mit Christian Drosten:<\/strong><\/p>\n\n\n\n<figure class=\"wp-block-embed\"><div class=\"wp-block-embed__wrapper\">\nhttps:\/\/www.ndr.de\/nachrichten\/info\/podcast4684.html\n<\/div><\/figure>\n\n\n\n<p><strong>F\u00fcr Kinder und junge Jugendliche gibt es ad\u00e4quat aufbereitete Informationen \u00fcber Corona bei den Kindernachrichten Logo!:<\/strong><\/p>\n\n\n\n<figure class=\"wp-block-embed\"><div class=\"wp-block-embed__wrapper\">\nhttps:\/\/www.zdf.de\/kinder\/logo\/wichtige-infos-zum-coronavirus-100.html\n<\/div><\/figure>\n\n\n\n<p><strong>Erkl\u00e4rvideo f\u00fcr Kinder zum Coronavirus der Stadt Wien:<\/strong><\/p>\n\n\n\n<p><a href=\"https:\/\/www.youtube.com\/watch?v=_kU4oCmRFTw oder auf der Diskussionsplattform der BAG OKJE https:\/\/www.offene-jugendarbeit.net\/index.php\/okja-in-corona-zeiten\/okja-in-coronazeiten\" target=\"_blank\" rel=\"noreferrer noopener\" aria-label=\"https:\/\/www.youtube.com\/watch?v=_kU4oCmRFTw oder auf der Diskussionsplattform der BAG OKJE https:\/\/www.offene-jugendarbeit.net\/index.php\/okja-in-corona-zeiten\/okja-in-coronazeiten (\u00f6ffnet in neuem Tab)\">https:\/\/www.youtube.com\/watch?v=_kU4oCmRFTw oder auf der Diskussionsplattform der BAG OKJE https:\/\/www.offene-jugendarbeit.net\/index.php\/okja-in-corona-zeiten\/okja-in-coronazeiten<\/a><\/p>\n\n\n\n<p><strong>Ganz witziger Clip zum H\u00e4ndewaschen f\u00fcr Kinder:<\/strong><\/p>\n\n\n\n<figure class=\"wp-block-embed-facebook wp-block-embed is-type-video is-provider-facebook\"><div class=\"wp-block-embed__wrapper\">\n<div id=\"fb-root\"><\/div><script async=\"1\" defer=\"1\" crossorigin=\"anonymous\" src=\"https:\/\/connect.facebook.net\/de_DE\/sdk.js#xfbml=1&amp;version=v6.0\"><\/script><div class=\"fb-video\" data-href=\"https:\/\/www.facebook.com\/okajzuerich\/videos\/1036716640062296\/\" data-width=\"612\"><blockquote cite=\"https:\/\/www.facebook.com\/okajzuerich\/videos\/1036716640062296\/\" class=\"fb-xfbml-parse-ignore\"><a href=\"https:\/\/www.facebook.com\/okajzuerich\/videos\/1036716640062296\/\"><\/a><p>H\u00e4ndewaschen zum dritten: Hammer-Ohrwurm vom &#064;roteskreuz_at.Wir wissen, wie&#039;s geht: Wenn immer m\u00f6glich zuhause bleiben, Abstand halten und:#h\u00e4ndewaschen!\u2022 \u2022 \u2022 \u2022 \u2022 \u2022#Repost: Kann ein Ohrwurm Leben retten? Die Antwort lautet in diesem Fall: JA! Unbedingt reinh\u00f6ren, der Ohrwurmfaktor ist riesig. #teamgesundheit #roteskreuz #redcross #corona #covid19 #okaj #okajzuerich #okajz\u00fcrich<\/p>Gepostet von <a href=\"https:\/\/www.facebook.com\/okajzuerich\/\">okaj z\u00fcrich<\/a> am Montag, 23. M\u00e4rz 2020<\/blockquote><\/div>\n<\/div><\/figure>\n\n\n\n<p><strong>Eine ganz anschauliche Doku bietet das Y-Kollektiv:<\/strong><\/p>\n\n\n\n<figure class=\"wp-block-embed-youtube wp-block-embed is-type-video is-provider-youtube wp-embed-aspect-16-9 wp-has-aspect-ratio\"><div class=\"wp-block-embed__wrapper\">\n<iframe loading=\"lazy\"  id=\"_ytid_11375\"  width=\"612\" height=\"344\"  data-origwidth=\"612\" data-origheight=\"344\"  data-relstop=\"1\"  src=\"https:\/\/www.youtube.com\/embed\/yItGm5rPhog?enablejsapi=1&#038;autoplay=0&#038;cc_load_policy=0&#038;cc_lang_pref=&#038;iv_load_policy=1&#038;loop=0&#038;modestbranding=1&#038;rel=0&#038;fs=1&#038;playsinline=0&#038;autohide=2&#038;theme=dark&#038;color=red&#038;controls=1&#038;\" class=\"__youtube_prefs__  epyt-is-override  no-lazyload\" title=\"YouTube player\"  allow=\"autoplay; encrypted-media\" allowfullscreen data-no-lazy=\"1\" data-skipgform_ajax_framebjll=\"\"><\/iframe>\n<\/div><\/figure>\n\n\n\n<p><strong>Fachdiskurs:<\/strong><\/p>\n\n\n\n<p>Einen sehr spannenden Beitrag zum Fachdiskurs in diesen unruhigen Zeiten bietet der Stadtjugendausschuss Karlsruhe mit eine Podcast unter dem Titel \u201ep\u00e4dagogisches Dreiecksgespr\u00e4ch: <a href=\"https:\/\/dreiecksgespraech.podigee.io\">https:\/\/dreiecksgespraech.podigee.io<\/a><\/p>\n\n\n\n<p><strong>Faktencheck:<\/strong><\/p>\n\n\n\n<p>Die JounalistInnen-Gruppe \u201eCorrectiv.org\u201c hat einen Faktencheck zum Coronavirus, in dem Behauptungen und Ger\u00fcchte zur aktuellen Situation gepr\u00fcft werden, ziemlich klar, ohne Scheuklappen und mit der n\u00f6tigen Distanz:<\/p>\n\n\n\n<figure class=\"wp-block-embed-wordpress wp-block-embed is-type-wp-embed is-provider-correctiv-org\"><div class=\"wp-block-embed__wrapper\">\n<blockquote class=\"wp-embedded-content\" data-secret=\"JJlL5S6C9V\"><a href=\"https:\/\/correctiv.org\/faktencheck\/hintergrund\/2020\/03\/17\/coronavirus-faktenchecks-diese-behauptungen-hat-correctiv-geprueft\/\">Coronavirus-Faktenchecks: Diese Behauptungen hat CORRECTIV gepr\u00fcft\u00a0<\/a><\/blockquote><iframe title=\"&#8220;Coronavirus-Faktenchecks: Diese Behauptungen hat CORRECTIV gepr\u00fcft\u00a0&#8221; &#8212; correctiv.org\" class=\"wp-embedded-content\" sandbox=\"allow-scripts\" security=\"restricted\" style=\"position: absolute; clip: rect(1px, 1px, 1px, 1px);\" src=\"https:\/\/correctiv.org\/faktencheck\/hintergrund\/2020\/03\/17\/coronavirus-faktenchecks-diese-behauptungen-hat-correctiv-geprueft\/embed\/#?secret=JJlL5S6C9V\" data-secret=\"JJlL5S6C9V\" width=\"600\" height=\"338\" frameborder=\"0\" marginwidth=\"0\" marginheight=\"0\" scrolling=\"no\"><\/iframe>\n<\/div><\/figure>\n\n\n\n<p><strong>Kurz und knackig informiert das Bundesministeriums f\u00fcr Bildung und Forschung dazu, auch dort ein Faktencheck:<\/strong><\/p>\n\n\n\n<figure class=\"wp-block-embed\"><div class=\"wp-block-embed__wrapper\">\nhttps:\/\/www.bmbf.de\/de\/faktencheck-zum-coronavirus-11162.html\n<\/div><\/figure>\n\n\n\n<p><strong>Weitere Informationen und Kontakt zur Landeszentrale f\u00fcr politische Bildung Baden-W\u00fcrttemberg:<\/strong><\/p>\n\n\n\n<p><strong>Die LpB im Internet:<\/strong> <a href=\"http:\/\/www.lpb-bw.de\" target=\"_blank\" rel=\"noreferrer noopener\" aria-label=\"www.lpb-bw.de (\u00f6ffnet in neuem Tab)\">www.lpb-bw.de<\/a><\/p>\n\n\n\n<p><strong>Publikationen bestellen:<\/strong> <a href=\"http:\/\/www.lpb-bw.de\/publikationen.html\" target=\"_blank\" rel=\"noreferrer noopener\" aria-label=\"www.lpb-bw.de\/publikationen.html (\u00f6ffnet in neuem Tab)\">www.lpb-bw.de\/publikationen.html<\/a><\/p>\n\n\n\n<p><strong>Online-Newsletter &#8222;einblick&#8220; bestellen:<\/strong> <a href=\"http:\/\/www.lpb-bw.de\/newsletter.html\" target=\"_blank\" rel=\"noreferrer noopener\" aria-label=\"www.lpb-bw.de\/newsletter.html (\u00f6ffnet in neuem Tab)\">www.lpb-bw.de\/newsletter.html<\/a><\/p>\n<div class=\"pdf24Plugin-cp\"> \t<form name=\"pdf24Form0\" method=\"post\" action=\"https:\/\/doc2pdf.pdf24.org\/wordpress.php\" target=\"pdf24PopWin\" onsubmit=\"var pdf24Win = window.open('about:blank', 'pdf24PopWin', 'resizable=yes,scrollbars=yes,width=600,height=250,left='+(screen.width\/2-300)+',top='+(screen.height\/3-125)+''); pdf24Win.focus(); if(typeof pdf24OnCreatePDF === 'function'){void(pdf24OnCreatePDF(this,pdf24Win));}\"> \t\t<input type=\"hidden\" name=\"blogCharset\" value=\"Cw1x07UAAA==\" \/><input type=\"hidden\" name=\"blogPosts\" value=\"MwQA\" \/><input type=\"hidden\" name=\"blogUrl\" value=\"yygpKSi20tcvLy\/Xy8jPSM3LARK6pXnpqWmZOSWpRSV6KakA\" \/><input type=\"hidden\" name=\"blogName\" value=\"88jPSM3LARK6pXnpqWmZOSWpRSUA\" \/><input type=\"hidden\" name=\"blogValueEncoding\" value=\"gzdeflate base64\" \/><input type=\"hidden\" name=\"postId_0\" value=\"MzIzMrcAAA==\" \/><input type=\"hidden\" name=\"postTitle_0\" value=\"FcqxDcIwEAXQVU5CSmcJuUJKRRAFIn3qC\/4xlpw7dHYaKnZgAQahgk2YBKjfa1Yb7327dz3YJEV3XKyAFgm0U1Nhd5BJbeaaVCDNv69b+tzur8dWIkatoAAj6lkCyhVSjTNoej+NLppTTeV0BnUph0UidRwgbvhprZhHWPwC\" \/><input type=\"hidden\" name=\"postLink_0\" value=\"yygpKSi20tcvLy\/Xy8jPSM3LARK6pXnpqWmZOSWpRSV6Kan69gW2RmZG5hYA\" \/><input type=\"hidden\" name=\"postAuthor_0\" value=\"S0zJzcwDAA==\" \/><input type=\"hidden\" name=\"postDateTime_0\" value=\"MzIwMtA1MNE1MFQwNLAyMLEyNgcA\" \/><input type=\"hidden\" name=\"postContent_0\" value=\"1VrLbhs5Ft3nK9gy0OgAKj1sx4mfGdtxnMR5wXESdDYCS0WpaFUVq0mWFWvV\/zDbxmAw8Ddk5dXoT\/pL5lyyJJdsOVEeaPQ00omKIu\/7nnsvS3e28p0tY7XK+juPpGD7Ch95cJDLSKR4lsYyITPBjIg1i7m2gu2J4fgi1kXWN7lWoWC98aVmRWaEFuyRSNVAcytFfbJ0KFKQMN2Y9ywzaijLE6ciEhlRH4kkw6czldGRBnsvNfYlCdZGQ4mDIksFEUgkPrMjlVk+gCBaRMVIgkUGXil7mvXEwEqVmYGwlg4XoGeFDrUgGg32oegnAjRYX8TQyzCZsUgKg70fhKQjPBSa8QJbIq6LtI5\/DHub9kQSMZmyPUgwILoxNpK0ETNED9xfOAk918H4Mk2Fhligzt6SDMaOL+0INmM4OP5kZZ8Eekx2KCXY4wnPugKaseH4siQ2hCmexs46UiTsSJMNia2XEdQzZYcii0AP6p2BEeSxja1m6dStZr5zB\/+Rn0W68w42jqDic55FwoxEZjVPSn\/kKpHWmZvtySQiWfc4XBS8x7cwaArb9LeaoFIlWvJ5nu8Fb2KVGycdQikz1ljhnHim9PiSDguoFMH45EploPRcOXeLXl8TFRIU5ig8lYPMDmH9BHLhKRSj8WWfAgLbTBm3Z1IXBr6xzjLfrCP7BdrcBYupnHAkSZDmPRGXApBwe8VNDtAOqzHCyUcrtBkk4wtKF+aVMuwYWaNtcKS6cfAUhpK2sIYCp6eSvotm2jgJHRe+dJxY3ghyGEieTUPdhxmFFmXzlVMQ6G\/AxPaRwXX2RCC9E1K1zh5rIcNCe+FgC\/ZWcxg1RKJQiIfSINZ67D3lh4bsVe85JrO+dsGV7309QyPxiEghHRzXEZKqvd5gu7mWCVtuLbdmee+C3wRiXhdhIgec7ELme5MjWfClGTZYD3Qh1xtI6oIKVJ1l4zLPVZYQvsmspJVC1dBZzentbQ7VM2EN2YBtcRZr0duuxdbmG83mcDhsJHkYhMNGJJoGB2vMcgS73a51QuT0oAakSrZrGZTrCQ0NkbQqF5nQNca15EECNMGGm5TYL+NPvR5Yk3yZKCDdCQ\/v1nZubt1q8p2tUO84n+yNL6B1JdMHUN3FY8aOhURYVszCE8MGCg7MYFrBDoI9pQbGx9PGF9QVQUibf4zGJbEFlS53O71v4hEpRpy9zpFPBpZDkoPgBZfJxhR5GAPNf0zpzqE1\/oOqAtE4QVj1VBZ8KFO+QqV1v91m7bXV1vp60HKO+OUFFaq+C2YKenyus3UXebTUXnYfKSbbK1er9+jj3TlSuHinjH4nNEfG8cR6JBoKHbnShfTgfTsPUl9I68uMJhgl+JMO+whv5oLlHLi7Bbbq7J2DKEnSmKFAHUKNxyOjQp+OP3mQBkClMpOpK9dIXhB1lcq4IK1gu3su25DXaC8SkSKvB0QJ28uSSCF7yI3tC\/KMw93D8QVCGDlLFFPW52grMqcWG7gO5lgaOfANhytEEIL2klVSduiwYWpKMvV1M88pm3\/+\/k+CLMB70ZPe0e3VBntWZNIDFm2Y+MWhJfBTJtYjjxOb2A1UmicezU94n8wYuLBwcZcBHJ1pQ2G1FCG1IeUuJwfw7AkpPQGr3SRsuPCjDBiMP2XUPLgmZeggPJauRVlAO+LsbDmrE0czlkRUu4nL+ynRCS8HKRM0RRQFzwXXGYweHBWaGh0rJPq9OHXl\/0aYP5Hk0St0yhBtvgX1wEVdYkZFroSzE5mXTcdzmQ3MxtzOp1xy7dbNel\/Fghm4M8A7o0aSJxS7CC8ti7QROgLDQkwJEBzhz1XpD\/JegkyorBgkXWFHTTmt334hiM\/7KKCCvlA6LUtYMCqC7lVL0\/xWfP1bKXErrv+tpLylnnwoNMLRFu4UAUTfTTWfDbf3kjoVP\/j4ZvBplbML2sc0yVA7i7Seh68zsVlhcT1MqTbqgSTzPDpo7qPyII2b4Lf7ofmy+VIU6MMwI5iOh1bmlc321btGbNOk8b0R9r38vxgc38vgFr+ejC98gSKedT\/mRrLXI+yi2dJed9qomC1X0mPnY6WN69LrjhI70Kg1mc0oBOqllxEBmB6F7TY+GzYvHx0Hr1XURX3buMG8LI2uApabUFgt2481skYCeB9p18vNYYEaVaBZ7ibcGPReeRAmqjsIKLGi2s5WhDli7nedzlDzHL1TbedO1R1ZpMkdVCe0dMXZpVYz93Ktrj1Ydba\/s9UEbcjhBZiLykeE+L4bOqWKhIKDsuR7VtTM0I3rPBpf\/IYUpGKHVKHSc8M\/btKcWAlp5Sqsp14RlD1XffXTX2CjUdQjGw2cAM0EXJtDEgGhGpCxDPAnrQJQ0G61FrEaAozGyjMMVsq3EqUJaW6qjsO09sbyyLL3UtwCWPPQ5FwVtghFo6vS5pDbbvzwbLszeLuq9tPjxydDptx4XnYdjyRGDGMIbPOEW0se8SPy7iF7dfTsgFVJK+RXJoJT52Ku4SXbQOo3SYGPjTzOm2pwymGf0jDByN3OXFv1iz8CuP5PVF0II\/9PdLkFjg\/RtqPDtyPkB7I4kbmL5ydunh1yfylWifavzOCgx7uCxkY2u86kCex5LgKfTnjKtaLPenpi0eR3u2S0XeuFgVbK4pzPY9PVMgd0mfOsu11r12BnBKj71AVkG6VlX2bbNZ6p7DxVBYZqo7tXgdpVaK+7tjERyJk+Eh1UQxMNGqdm6WMvTJPt9s88zTfdTaDKts\/WGi0SwXOf0QECOnUhCbc8uIkAU04US2rAT0doxABeTXfMNNutlbX77TXMvK215eX1tWZJaSgjG2\/X1trL4OzM9FuhANRdOP67OVwJ79QNco6hIpB9SvjafCT7ei47Ljzzndm4o0iMtKRBbQNDF13xBq9iPSyQNGcqZT8vtdZWNzVUNQMtilGH2wbdZQ+lv0PEQIwtK+ubxl1Ab2B4yjLMc6BTHZRjjHNicgFXZ7shxjSUxRizmm8aN5biqlw\/\/fn7f9ic\/5eORa6ohzjimRt72UTY54Ku9rQbOR+6C6NddDRKW5bwwnp8KQfjx2h1N9iz3Z\/Y2wyRjjHO4qDM4vEn7e9F9YRsD02O0u6VAQZVI\/sNtmQFT686c7Z0ZRx8FpELfLbkgYH+hUfa62yJnOT\/Ll1VPiDx8UCpfuh0g6g0D36d12s7jvyUGN9hPGX+sqbOllca7AUK68hNu1vNq\/gtE\/lLdZlGVbp9wBBMrX\/hW5hHalCwUAoSmd4p\/Io2P0loPjn7WgwrEX5xCKsc8BS4yYEkQXstWKfFmJvJEr25UQtDnexpngqWKE6BsV1L+Oi8xhz6dc6tjDrt9sr9e1ipIAJDIPRjlOuV1VV84wCDoK+6Zbo4Zy+qu7Eqd7g5C5DXq5+Tt3n+1B6m9\/TrWPUfiowjrU4NzyVgEqn4YBPxrlD6zrdb\/rnb7ZA6HXpR0J1Z5Vm\/k1OU+SV5NrOxJJeg15gcSlFqjQ01kpesU+6g7qTc0DOTRZLASHcTPfmSBIvhvu1l\/2xjDJzbKLuDUiSVKL2NHJo8ZoihZEpxCpSdTmkTJ7zpdBgT+bkNECAKRUKDBUOLFJDvSCH0U9ImwOlfVXFCUUOyUfNEQ68aoj6VFttkmGj0eW4RUCmQgdf8jl6RJKg2gi6VyGElbV\/yaMEMZN6nTqPDT\/nHjouh8DRBT0a462PqS1n2GK18RM2Lnn\/jQ1mY+WnO5JzupWgM2AMGad53QF6hUHkNWGS6iOnd3OSF4CRlJ0102fwU7k4B2HXEdWJwRrgpzN1TTcYyd4HuLtBOQCoBJP8rH19EvK\/67g2UwagmJEZCA4TM9fiiG2\/chLKouoeLbtzAeAUJRYMSdZFdt7RalZl0rgmpLDxTRcYTIPpTMmFwqAukPimCAUMDL+RZQ+n+n7\/\/4V66CWf06qx7bRap+2k5hSMAjHl59Ugz36HQ40uazNx8ffXS7+rKpS9gosueLe9o6wzTeeoq5iDhus5UDNO\/AdsCz5DS0yWnkO8mr1yp40U1HW0sBrWoiRHSBn6+BWwnkDqDt92JcYBh\/YXBtNooTTe7bREk6foLj0kKCSQYcPHZs+T5vTdr++vv5rQ+3aqPmr0rtzRjSaHpXrI2qco1WyvN9v1mdQqtbDeBS44grDgNNcNW9CTnFKJnUVsr7g4qoWA23PW3mHU9Rc3+q+Pjg\/2Tp++mLv7vv33IVktvWWpKbPp56cHycmvzh\/BytNqbjP5tL2+yGbPVPusLA2gP1UdgIgFf4Hts6ttFt0CfCMxD7Fh0GcBIrNpzkh19i6SI3mA8NCpBvwWeGHQ2GLH9pZ1\/rLOZv+5u3pgE\/nrH+mK69LCMvErg3RqR06rfalWq\/sqDGvOQj9yi+QdfppjgZVZunz5PjmABlkW35HqMTC1eJY4KtHEEA4OMdweSLuuo7tC1nmvC\/Pv7yoWz8bPl5KcB7oJ2crGHE6OiXv7wgnpl6qg\/D6I\/+jIpTMNeeQFecePNG6R2e215kTuk8qX+nGvp8jc2Do2\/+XcUn73lLH+fQK+zJu\/XK3fdn33r\/EPeNi\/2lvmW2jnzewP6oYj\/9cOiCjTz6nnnqR\/zBv0m3QVfpt88eIvmr1yTGrwUQ+NeWWqHm8vLm8iGkH4dVULzNxglm9L8gRa5RnRBc1w7NbXF\/wA=\" \/> \t\t<a href=\"https:\/\/www.pdf24.org\" target=\"_blank\" title=\"www.pdf24.org\" rel=\"nofollow\"><img src=\"https:\/\/www.hohenlohe-ungefiltert.de\/wp-content\/plugins\/pdf24-post-to-pdf\/img\/pdf_32x32.png\" alt=\"\" border=\"0\" height=\"32\" \/><\/a> \t\t<span class=\"pdf24Plugin-cp-space\">&nbsp;&nbsp;<\/span> \t\t<span class=\"pdf24Plugin-cp-text\">Sende Artikel als PDF<\/span> \t\t<span class=\"pdf24Plugin-cp-space\">&nbsp;&nbsp;<\/span> \t\t<input class=\"pdf24Plugin-cp-input\" style=\"margin: 0px;\" type=\"text\" name=\"sendEmailTo\" placeholder=\"Emailadresse\" \/> \t\t<input class=\"pdf24Plugin-cp-submit\" style=\"margin: 0px;\" type=\"submit\" value=\"Senden\" \/> \t<\/form> <\/div>","protected":false},"excerpt":{"rendered":"<p>Die Corona-Epidemie ist eine sehr harte Bew\u00e4hrungsprobe f\u00fcr unsere Demokratie, unsere Gemeinschaft sowie f\u00fcr jeden einzelnen von uns. Wir sollen zwischenmenschliche Kontakte reduzieren, um Infektionsketten zu unterbrechen. Zugleich geht es in diesen Zeiten aber auch darum, das Umfeld im Blick zu haben und sich um Menschen zu k\u00fcmmern, die Unterst\u00fctzung ben\u00f6tigen. F\u00fcr diesen Balanceakt w\u00fcnschen [&hellip;]<\/p>\n","protected":false},"author":1,"featured_media":0,"comment_status":"open","ping_status":"open","sticky":false,"template":"","format":"standard","meta":[],"categories":[1],"tags":[],"_links":{"self":[{"href":"https:\/\/www.hohenlohe-ungefiltert.de\/index.php?rest_route=\/wp\/v2\/posts\/26278"}],"collection":[{"href":"https:\/\/www.hohenlohe-ungefiltert.de\/index.php?rest_route=\/wp\/v2\/posts"}],"about":[{"href":"https:\/\/www.hohenlohe-ungefiltert.de\/index.php?rest_route=\/wp\/v2\/types\/post"}],"author":[{"embeddable":true,"href":"https:\/\/www.hohenlohe-ungefiltert.de\/index.php?rest_route=\/wp\/v2\/users\/1"}],"replies":[{"embeddable":true,"href":"https:\/\/www.hohenlohe-ungefiltert.de\/index.php?rest_route=%2Fwp%2Fv2%2Fcomments&post=26278"}],"version-history":[{"count":4,"href":"https:\/\/www.hohenlohe-ungefiltert.de\/index.php?rest_route=\/wp\/v2\/posts\/26278\/revisions"}],"predecessor-version":[{"id":26288,"href":"https:\/\/www.hohenlohe-ungefiltert.de\/index.php?rest_route=\/wp\/v2\/posts\/26278\/revisions\/26288"}],"wp:attachment":[{"href":"https:\/\/www.hohenlohe-ungefiltert.de\/index.php?rest_route=%2Fwp%2Fv2%2Fmedia&parent=26278"}],"wp:term":[{"taxonomy":"category","embeddable":true,"href":"https:\/\/www.hohenlohe-ungefiltert.de\/index.php?rest_route=%2Fwp%2Fv2%2Fcategories&post=26278"},{"taxonomy":"post_tag","embeddable":true,"href":"https:\/\/www.hohenlohe-ungefiltert.de\/index.php?rest_route=%2Fwp%2Fv2%2Ftags&post=26278"}],"curies":[{"name":"wp","href":"https:\/\/api.w.org\/{rel}","templated":true}]}}