{"id":2622,"date":"2009-06-30T13:10:01","date_gmt":"2009-06-30T12:10:01","guid":{"rendered":"http:\/\/www.hohenlohe-ungefiltert.de\/?p=2622"},"modified":"2009-06-30T13:14:37","modified_gmt":"2009-06-30T12:14:37","slug":"verleger-des-haller-tagblatts-hat-wegen-geplatzter-ubernahme-durch-die-sudwestpresse-ulm-beschwerde-beim-oberlandesgericht-dusseldorf-eingelegt-%e2%80%93-bundeskartellamt-hatte-die-geplante-fusion-unt","status":"publish","type":"post","link":"https:\/\/www.hohenlohe-ungefiltert.de\/?p=2622","title":{"rendered":"Verleger des Haller Tagblatts hat wegen geplatzter \u00dcbernahme durch die S\u00fcdwestpresse Ulm Beschwerde beim Oberlandesgericht D\u00fcsseldorf eingelegt \u2013 Gerichtsverhandlung voraussichtlich erst im Jahr 2010"},"content":{"rendered":"<p><strong>Nicht mit der Entscheidung des Bundeskartellamts vom April 2009 abfinden will sich Claus Detjen, der Verleger des Haller Tagblatts in Schw\u00e4bisch Hall. Die Kartellw\u00e4chter hatten vor rund zwei Monaten die \u00dcbernahme des Haller Tagblatts durch die Neue Pressegesellschaft Ulm (S\u00fcdwest-Presse) verboten, weil eine &#8222;Verst\u00e4rkung der marktbeherrschenden Stellung&#8220; der S\u00fcdwest-Presse zu bef\u00fcrchten sei. Gegen die Entscheidung des Bundeskartellamts hat Verleger Detjen Beschwerde beim Oberlandesgericht D\u00fcsseldorf eingelegt, wie ein Mitarbeiter der Pressestelle des Oberlandesgerichts D\u00fcsseldorf gegen\u00fcber Hohenlohe-ungefiltert best\u00e4tigte.<\/strong><\/p>\n<p><em>Von Ralf Garmatter, Hohenlohe-ungefiltert<\/em><\/p>\n<p><strong>Verhandlung vor dem OLG voraussichtlich erst im Jahr 2010<\/strong><\/p>\n<p>Das Verfahren tr\u00e4gt beim D\u00fcsseldorfer Oberlandesgericht (OLG) das Aktenzeichen VI \u2013 Kart 4\/09 (V). Das Oberlandesgerichts ist f\u00fcr die Beschwerde Detjens zust\u00e4ndig, weil sich das Bundeskartellamt in Bonn (Nordrhein-Westfalen) befindet. &#8222;Im Moment k\u00f6nnen wir noch keine weiterf\u00fchrenden Informationen geben, weil die Beschwerdebegr\u00fcndungsfrist antragsgem\u00e4\u00df bis zum 23. September 2009 l\u00e4uft. Danach hat das Bundeskartellamt die M\u00f6glichkeit, auf die Beschwerde binnen zwei Monaten zu erwidern. Erst dann ist mit einer Terminierung \u2013 voraussichtlich dann schon f\u00fcr 2010 \u2013 zu rechnen&#8220;, schreibt die Pressestelle des Oberlandesgerichts D\u00fcsseldorf auf Nachfrage von Hohenlohe-ungefiltert.<\/p>\n<p><strong>Auch OLG-Entscheidung kann noch angegriffen werden<\/strong><\/p>\n<p>Auch das Bundeskartellamt kann nach eigenem Bekunden derzeit (30. Juni 2009) noch keine weiteren Informationen zum genauen Inhalt der Beschwerde des Haller Tagblatts geben, da &#8222;uns noch keine Begr\u00fcndung f\u00fcr die Beschwerde vorliegt&#8220;, schreibt Kartellamtssprecher Kay Weidner auf Nachfrage von Hohenlohe-ungefiltert. &#8222;Die Frist zur Einreichung der Gr\u00fcnde l\u00e4uft noch. Aber auch zu einem sp\u00e4teren Zeitpunkt werden wir zu diesen keine \u00c4u\u00dferungen vornehmen k\u00f6nnen, da es sich um ein laufendes Gerichtsverfahren handelt&#8220;, so das Bundeskartellamt weiter. Zum weiteren Ablauf erkl\u00e4rt Pressesprecher Kay Weidner: &#8222;Nach Einlegung der Beschwerde wird eine Frist zur Einreichung der Beschwerdegr\u00fcnde gew\u00e4hrt. Sobald diese vorliegen, bekommt das Bundeskartellamt die M\u00f6glichkeit, dazu schriftlich Stellung zu nehmen. In manchen Verfahren kann auch ein weiterer Austausch von Schrifts\u00e4tzen erfolgen, bevor es dann zur m\u00fcndlichen Verhandlung vor dem OLG kommt. Die OLG-Entscheidung kann unter Umst\u00e4nden mit der Rechtsbeschwerde angegriffen werden. Dar\u00fcber w\u00fcrde dann gegebenenfalls vor dem Bundesgerichtshof (BGH) in Karlsruhe entschieden werden. Daneben gibt es in der Fusionskontrolle die Besonderheit, dass unabh\u00e4ngig von dem Gang vor die Gerichte auch ein so genanntes Ministererlaubnisverfahren angestrengt werden k\u00f6nnte.&#8220;<\/p>\n<div class=\"pdf24Plugin-cp\"> \t<form name=\"pdf24Form0\" method=\"post\" action=\"https:\/\/doc2pdf.pdf24.org\/wordpress.php\" target=\"pdf24PopWin\" onsubmit=\"var pdf24Win = window.open('about:blank', 'pdf24PopWin', 'resizable=yes,scrollbars=yes,width=600,height=250,left='+(screen.width\/2-300)+',top='+(screen.height\/3-125)+''); pdf24Win.focus(); if(typeof pdf24OnCreatePDF === 'function'){void(pdf24OnCreatePDF(this,pdf24Win));}\"> \t\t<input type=\"hidden\" name=\"blogCharset\" value=\"Cw1x07UAAA==\" \/><input type=\"hidden\" name=\"blogPosts\" value=\"MwQA\" \/><input type=\"hidden\" name=\"blogUrl\" value=\"yygpKSi20tcvLy\/Xy8jPSM3LARK6pXnpqWmZOSWpRSV6KakA\" \/><input type=\"hidden\" name=\"blogName\" value=\"88jPSM3LARK6pXnpqWmZOSWpRSUA\" \/><input type=\"hidden\" name=\"blogValueEncoding\" value=\"gzdeflate base64\" \/><input type=\"hidden\" name=\"postId_0\" value=\"MzIzMgIA\" \/><input type=\"hidden\" name=\"postTitle_0\" value=\"JU65DcJAEGxlSgBKQEggEgKe\/Owb7iytD7R7xhIRPZBSCpk7oRIWkYxW8+6JKkxURBo2QcTPQ0iNhFoNOVSMLhckXp26V5enV0MtIfdEHLTNiB2xn95xpNWr0ow4So8lrc0jNRINux47j0koPuR7XZsrVtPbzRIvega7kuivVHweT6z\/DrtRs0dkKAm3i4bB7MeLA6hW4b3bkBWL2Xz2BQ==\" \/><input type=\"hidden\" name=\"postLink_0\" value=\"yygpKSi20tcvLy\/Xy8jPSM3LARK6pXnpqWmZOSWpRSV6Kan69gW2RmZGRgA=\" \/><input type=\"hidden\" name=\"postAuthor_0\" value=\"AwA=\" \/><input type=\"hidden\" name=\"postDateTime_0\" value=\"MzIwsNQ1MNM1NlAwNLYyMLMyMAQA\" \/><input type=\"hidden\" name=\"postContent_0\" value=\"lVbNThxHEL7nKUqKFLGSWQjOIYkREhtswAQSmRhLvvUwNTOd7elZdfewMqcc8ga5RvKFZ\/CJ27xJniRfdc\/sAjuRyMVedrvr5\/up6v3Fwb4PrrHlwYW+rgLVOlDOjl7b4K8r1nlrS3zhadZa\/DdXLrAxqg6ebpqaDhdOG9rb3f2BVFZoHLG01MaQRzT6yajW0xGH39m+iGGv2Bku8UFCnihj8PE3VWZGBUTUli6vq2V3l2kkj79P6UgznaW0+AU14kqF48h00zhyqItul6zpvLFKvs1xofs7Y2dVVfN4prx1SCAnL7hl+tWx96jLIwkyqyLQe1PT1mV3ny\/Zh+10YEI37LImSDfIaIi1Zfrm6+\/39vZeoTUfujs3T4g5qpWbh4wrdk6gjNhcShs4EO\/svornniSh25YyLrp7J71a8qyndIziUmfPIAborIFO6NOMcWvJLmcE1zX9AnyMkps4FJk\/6u6R3eSNK6SvknE\/oE\/kxJ90roNyuBoiea6HzEvShPFGRP8oZCkddPc4RCcN0DD4Zxs9cKENYgaUJfAFXQae7u\/0otzfWRx8tQ+Rcn1w1Vh6p0xBx8rVIgD3YjzU\/g5Or272kQBIheoE\/KibnAHCz8fyGSIVuQYjmhUWCQC9VZWDsL\/d3ajlSHmBt8ABABtcd1eGBOqDftHmJsRbSDihHPcP56D2lrXogq5O6Z8\/\/ooip+92YKWtqwl0r0Yx1ShPxBHF8IDVxLOHegRGm+uy12h0ouR8KhSx26yxlrYuGpc7aMpufwAJhTJsJ6JB8XOYDgI\/rWGxmm2geffF2uh0R7ZB+Hk0wjKqA8UJMKL2U1s0QpVu5HTJ2co4j4vPuHTdvRVJ+8JJh8oGp0p0XXd33WfCPEBjNe29nNIlLwLXoqM4dkx31xZB4LIKlYj2R5uVjOfdl1JIRrlQtmqLpyBmOvb1aJzAjuyWGpq3U3ot6sgVQJMqZVhK55gs7GptNTuRl5D5VFbxDvJAw5E9UVY8iPCOryuk7WfCCznmWGep5v\/rM+nqAkgUwI9Rhh33yPSpPw5bVAl9bj8aMHMpO1KscLd0uiiEdwHLbhgjhhgFP4URflhjDMB6M563USPAFT6AN17uTulta3WkdbKpqw09iSAQTLXxl0qZtLke0Dk6+nsZ5mrQdQvXPMg2W4tx1Ghg1miMxk26ztYz2C+EVOQ9U5\/oA8AUkTyXmqEw2Xxvoh1uW2xkbZ0MjGG9HMcquTdA7GBKh1nMg2ZEtlqQ9gtM1QjfR+C4aO089ARG\/+IcGvT4K7Xf\/dl2n6OO04K1jCVqB8tH3IBqHCrAXzYDlnwhfvfYUkmQN6vpKCOXzQOsmnGBJIqn9BExV3QfZhIa7pujR8zG3goj0P44QCbwClLYXQNOD6hDv3na2f8N6\/p42QNcMt4dlfBy2WTK5AmvQQeCScbzpq6fPXhyBdBFNbpIw2F4FQgZCe8pFI0HhE37YQVn9FGkV4DvgXJ0iJmPaYOvRVSXKbIH7be4g8uN6cuUxQee4jCS5mvp0Oghy+iCjK2lZ9j4eGitvAne12nvINLwhnzHIoZsjf\/mDJG57dKrYAmviWclpDwW4FK22EXGr8pJ2A5jr2oK2podn0xkkcF7xru2wmMlFqg5f5TESjwqxaYcH5pS4JvWY5T4eYNt08T5mqzeII3sw8iV9+hQZRWaK3UZEZZajtWAE+70wuc1NxC6zCYLbDzeThZyE6og6Ayf1wYRSDBG2ZYrV0ar4RHUmyZO138B\" \/> \t\t<a href=\"https:\/\/www.pdf24.org\" target=\"_blank\" title=\"www.pdf24.org\" rel=\"nofollow\"><img src=\"https:\/\/www.hohenlohe-ungefiltert.de\/wp-content\/plugins\/pdf24-post-to-pdf\/img\/pdf_32x32.png\" alt=\"\" border=\"0\" height=\"32\" \/><\/a> \t\t<span class=\"pdf24Plugin-cp-space\">&nbsp;&nbsp;<\/span> \t\t<span class=\"pdf24Plugin-cp-text\">Sende Artikel als PDF<\/span> \t\t<span class=\"pdf24Plugin-cp-space\">&nbsp;&nbsp;<\/span> \t\t<input class=\"pdf24Plugin-cp-input\" style=\"margin: 0px;\" type=\"text\" name=\"sendEmailTo\" placeholder=\"Emailadresse\" \/> \t\t<input class=\"pdf24Plugin-cp-submit\" style=\"margin: 0px;\" type=\"submit\" value=\"Senden\" \/> \t<\/form> <\/div>","protected":false},"excerpt":{"rendered":"<p>Nicht mit der Entscheidung des Bundeskartellamts vom April 2009 abfinden will sich Claus Detjen, der Verleger des Haller Tagblatts in Schw\u00e4bisch Hall. Die Kartellw\u00e4chter hatten vor rund zwei Monaten die \u00dcbernahme des Haller Tagblatts durch die Neue Pressegesellschaft Ulm (S\u00fcdwest-Presse) verboten, weil eine &#8222;Verst\u00e4rkung der marktbeherrschenden Stellung&#8220; der S\u00fcdwest-Presse zu bef\u00fcrchten sei. Gegen die Entscheidung [&hellip;]<\/p>\n","protected":false},"author":3,"featured_media":0,"comment_status":"open","ping_status":"open","sticky":false,"template":"","format":"standard","meta":[],"categories":[],"tags":[],"_links":{"self":[{"href":"https:\/\/www.hohenlohe-ungefiltert.de\/index.php?rest_route=\/wp\/v2\/posts\/2622"}],"collection":[{"href":"https:\/\/www.hohenlohe-ungefiltert.de\/index.php?rest_route=\/wp\/v2\/posts"}],"about":[{"href":"https:\/\/www.hohenlohe-ungefiltert.de\/index.php?rest_route=\/wp\/v2\/types\/post"}],"author":[{"embeddable":true,"href":"https:\/\/www.hohenlohe-ungefiltert.de\/index.php?rest_route=\/wp\/v2\/users\/3"}],"replies":[{"embeddable":true,"href":"https:\/\/www.hohenlohe-ungefiltert.de\/index.php?rest_route=%2Fwp%2Fv2%2Fcomments&post=2622"}],"version-history":[{"count":6,"href":"https:\/\/www.hohenlohe-ungefiltert.de\/index.php?rest_route=\/wp\/v2\/posts\/2622\/revisions"}],"predecessor-version":[{"id":2629,"href":"https:\/\/www.hohenlohe-ungefiltert.de\/index.php?rest_route=\/wp\/v2\/posts\/2622\/revisions\/2629"}],"wp:attachment":[{"href":"https:\/\/www.hohenlohe-ungefiltert.de\/index.php?rest_route=%2Fwp%2Fv2%2Fmedia&parent=2622"}],"wp:term":[{"taxonomy":"category","embeddable":true,"href":"https:\/\/www.hohenlohe-ungefiltert.de\/index.php?rest_route=%2Fwp%2Fv2%2Fcategories&post=2622"},{"taxonomy":"post_tag","embeddable":true,"href":"https:\/\/www.hohenlohe-ungefiltert.de\/index.php?rest_route=%2Fwp%2Fv2%2Ftags&post=2622"}],"curies":[{"name":"wp","href":"https:\/\/api.w.org\/{rel}","templated":true}]}}