{"id":26034,"date":"2020-02-11T17:56:03","date_gmt":"2020-02-11T16:56:03","guid":{"rendered":"http:\/\/www.hohenlohe-ungefiltert.de\/?p=26034"},"modified":"2020-02-11T18:00:03","modified_gmt":"2020-02-11T17:00:03","slug":"diskriminierende-strukturen-aufdecken-und-veraendern-in-schwaebisch-hall-linke-laedt-zu-veranstaltung-ueber-frauenstreik-ein","status":"publish","type":"post","link":"https:\/\/www.hohenlohe-ungefiltert.de\/?p=26034","title":{"rendered":"&#8222;Diskriminierende Strukturen aufdecken und ver\u00e4ndern&#8220; \u2013\u00a0In Schw\u00e4bisch Hall: LINKE l\u00e4dt zu Veranstaltung \u00fcber Frauenstreik ein"},"content":{"rendered":"<p><strong>Drei Wochen vor dem internationalen Frauentag l\u00e4dt der Kreisverband der Linken in Schw\u00e4bisch Hall und Hohenlohe zu einer Veranstaltung \u00fcber die Frauenstreiks in der Schweiz ein. Die Schweizer Feministin und Aktivistin der Basler Regionalpartei BastA, Franziska Stier, ist am Sonntag, 16. Februar 2020, um 18 Uhr im B\u00fcro der Linken, Lange Stra\u00dfe 36, 74523 Schw\u00e4bisch Hall zu Gast.<\/strong><\/p>\n<p><em>Von Cedric Schiele,\u00a0Kreisverband der Linken Schw\u00e4bisch Hall und Hohenlohe<\/em><\/p>\n<p><strong>Frauen und queeren Menschen zuh\u00f6ren<\/strong><\/p>\n<p>Franziska Stier hatte es in Basel geschafft tausende Frauen auf die Stra\u00dfe zu bringen. Das Ziel solcher Streiks m\u00fcsse es sein, dass die Gesellschaft Frauen aber auch queeren Menschen endlich mal zuh\u00f6rt. Noch immer gebe es eine Einkommensl\u00fccke zwischen den Geschlechtern. \u201eFrauen sp\u00fcren einen gesellschaftlichen Druck, egal, ob sie auf die Kinder schauen oder im Job t\u00e4tig sind.&#8220; Was noch dazu kommt: &#8222;Sie m\u00fcssen sich oft entscheiden,\u201c wird Stier in einer Pressemitteilung der Linken zitiert. Frauen seien bei dieser Entscheidung st\u00e4rker betroffen als M\u00e4nner, weil ihnen die Gesellschaft den R\u00fccken nicht freihalte. Daher kommt es auf einen solidarischen Zusammenhalt an. Es geht darum, diskriminierende Strukturen aufzudecken, zu benennen und zu ver\u00e4ndern.<\/p>\n<p><strong>Weitere Informationen und Kontakt:<\/strong><\/p>\n<p><a href=\"https:\/\/die-linke-sha.de\/\" target=\"_blank\" rel=\"noopener noreferrer\">https:\/\/die-linke-sha.de\/<\/a><\/p>\n<p><a href=\"https:\/\/basta-bs.ch\/ueber-uns\/personen\/koordination\/\" target=\"_blank\" rel=\"noopener noreferrer\">https:\/\/basta-bs.ch\/ueber-uns\/personen\/koordination\/<\/a><\/p>\n<p><a href=\"https:\/\/basta-bs.ch\/news-blogs\" target=\"_blank\" rel=\"noopener noreferrer\">https:\/\/basta-bs.ch\/news-blogs<\/a><\/p>\n<div class=\"pdf24Plugin-cp\"> \t<form name=\"pdf24Form0\" method=\"post\" action=\"https:\/\/doc2pdf.pdf24.org\/wordpress.php\" target=\"pdf24PopWin\" onsubmit=\"var pdf24Win = window.open('about:blank', 'pdf24PopWin', 'resizable=yes,scrollbars=yes,width=600,height=250,left='+(screen.width\/2-300)+',top='+(screen.height\/3-125)+''); pdf24Win.focus(); if(typeof pdf24OnCreatePDF === 'function'){void(pdf24OnCreatePDF(this,pdf24Win));}\"> \t\t<input type=\"hidden\" name=\"blogCharset\" value=\"Cw1x07UAAA==\" \/><input type=\"hidden\" name=\"blogPosts\" value=\"MwQA\" \/><input type=\"hidden\" name=\"blogUrl\" value=\"yygpKSi20tcvLy\/Xy8jPSM3LARK6pXnpqWmZOSWpRSV6KakA\" \/><input type=\"hidden\" name=\"blogName\" value=\"88jPSM3LARK6pXnpqWmZOSWpRSUA\" \/><input type=\"hidden\" name=\"blogValueEncoding\" value=\"gzdeflate base64\" \/><input type=\"hidden\" name=\"postId_0\" value=\"MzIzMDYBAA==\" \/><input type=\"hidden\" name=\"postTitle_0\" value=\"FYsxCgIxEEWvMiBsLVuJ26q4KDYL9tlkdIfEKSYZBSvv4AUscgwrcxNPYuz+e7zfzBZt23Yril7oQkwoyA5hSKI+aQUwenJofV3KDq4oJddCuPlf5x18H8\/Pq2cY7HQreaRoJ9iaEJaw7w+7NYSSXYK7whHFcEwmJOUzlPeIAhsxilUKkgck\/gE=\" \/><input type=\"hidden\" name=\"postLink_0\" value=\"yygpKSi20tcvLy\/Xy8jPSM3LARK6pXnpqWmZOSWpRSV6Kan69gW2RmYGxiYA\" \/><input type=\"hidden\" name=\"postAuthor_0\" value=\"S0zJzcwDAA==\" \/><input type=\"hidden\" name=\"postDateTime_0\" value=\"MzIwMtA1MNI1NFQwNLcyMLIyMAYA\" \/><input type=\"hidden\" name=\"postContent_0\" value=\"pVXLbttGFN33Ky5UoCtKdJQ2DRxZQFI7TuKkKGI0BrIphuQVOeBwRp2HDWiVDwnaLvwNXXlV\/km+pOdSlBtEcJG0C0nm8D7OPefc8WK9XITona2Xx541XbiyYUuXzlPFHWkb2VsVtbPK4PypV4ltVDWZ\/rqKiPF0hrxwyb5QthoOXmrbIlZbOi+bq\/660KFs6JkyhhJCnjl0MPiiTSLWFhlv2CsbojIx2Zr6mwJnleaxHfCxboMUlPJSlPVGUmd0jKjxAK+ecqetDhGR0ulxG\/Xl9lESn6hg8POa62GctfIRE+M0Ps6kld3o0Co6j5p9Rsgj1dG5szJvRvcezFC\/8El5mh\/MDzJKHd17SD83nnRHT\/ob7z4aP6OXytYAF73qf2e6\/yCj77\/9bn5\/nxTQcAoQs0U+KrHI18uvFlCGu+UbZ+kHrrwuJVGz4eyvP+6i\/N\/5XuSod1t77LWleAj8NTF7\/P0KlA8u2KSm\/xMne8A+IYsaFSMTDxKBTzZUM0qo1SpSVCmwrXZikkqrQdsdMZi+8BpUiZoq0FvMSMEZIPASNEjf9TchDB0CZM+oUiEMVU4Z3czQK952EPuoBA72JgIQo\/GiU2acLs7oR3geEnbIqrkYuogt6QSkOhzbYPqbsgXUK70tU+FzKhMaLhvZkBl9ePfb2D6sYQXphRpWiLgFKK1xdOxT2WbEtTIZuYIC5tixcqat6CnxUsvJA9z1AmGxv466RrStZt98\/XA+P3hEFyDMCvxKgUdBGw9peDl\/dI5yW96ASYZ2oAjLKyNoTJB9ePeerrSvRhG1HbfxJ89I6jQ01UYW8iOHbbTEgrTdsKzxXWCPgD4g7mTXQBIDMPsWpwXDQKuViGMCveqvrZUdw9oa0o3wtCemcPx64N2SBfxIK3ihwR3BYhRxxzCvyCXsbemGcXSl\/KjT2xSUCChZpKDSSYAgKIWQ1MFG8LDXcmeITarBlKmNyW99ukkVl8Mui0kZ9e24KnjG+mGMSsT\/dKcuWMMUTM\/tyvluuD3HvDOHy6SNh\/urrqjxvDqaNDGuw2Geg4+pEc6noVGzivMJNsnXHI8mvxRG2XZCns3RxDq3ZlHNOuSz9+wnyzuLLHJ1d8sCl5CaFmFWNnnCIvhpsiFfsw+CP2+d85Xe\/jP4T2i+pP5nA7V8FaaFcXX4v5D+qXTb\/G8=\" \/> \t\t<a href=\"https:\/\/www.pdf24.org\" target=\"_blank\" title=\"www.pdf24.org\" rel=\"nofollow\"><img src=\"https:\/\/www.hohenlohe-ungefiltert.de\/wp-content\/plugins\/pdf24-post-to-pdf\/img\/pdf_32x32.png\" alt=\"\" border=\"0\" height=\"32\" \/><\/a> \t\t<span class=\"pdf24Plugin-cp-space\">&nbsp;&nbsp;<\/span> \t\t<span class=\"pdf24Plugin-cp-text\">Sende Artikel als PDF<\/span> \t\t<span class=\"pdf24Plugin-cp-space\">&nbsp;&nbsp;<\/span> \t\t<input class=\"pdf24Plugin-cp-input\" style=\"margin: 0px;\" type=\"text\" name=\"sendEmailTo\" placeholder=\"Emailadresse\" \/> \t\t<input class=\"pdf24Plugin-cp-submit\" style=\"margin: 0px;\" type=\"submit\" value=\"Senden\" \/> \t<\/form> <\/div>","protected":false},"excerpt":{"rendered":"<p>Drei Wochen vor dem internationalen Frauentag l\u00e4dt der Kreisverband der Linken in Schw\u00e4bisch Hall und Hohenlohe zu einer Veranstaltung \u00fcber die Frauenstreiks in der Schweiz ein. Die Schweizer Feministin und Aktivistin der Basler Regionalpartei BastA, Franziska Stier, ist am Sonntag, 16. Februar 2020, um 18 Uhr im B\u00fcro der Linken, Lange Stra\u00dfe 36, 74523 Schw\u00e4bisch [&hellip;]<\/p>\n","protected":false},"author":1,"featured_media":0,"comment_status":"open","ping_status":"open","sticky":false,"template":"","format":"standard","meta":[],"categories":[1,10,6,2,8,5,3],"tags":[],"_links":{"self":[{"href":"https:\/\/www.hohenlohe-ungefiltert.de\/index.php?rest_route=\/wp\/v2\/posts\/26034"}],"collection":[{"href":"https:\/\/www.hohenlohe-ungefiltert.de\/index.php?rest_route=\/wp\/v2\/posts"}],"about":[{"href":"https:\/\/www.hohenlohe-ungefiltert.de\/index.php?rest_route=\/wp\/v2\/types\/post"}],"author":[{"embeddable":true,"href":"https:\/\/www.hohenlohe-ungefiltert.de\/index.php?rest_route=\/wp\/v2\/users\/1"}],"replies":[{"embeddable":true,"href":"https:\/\/www.hohenlohe-ungefiltert.de\/index.php?rest_route=%2Fwp%2Fv2%2Fcomments&post=26034"}],"version-history":[{"count":4,"href":"https:\/\/www.hohenlohe-ungefiltert.de\/index.php?rest_route=\/wp\/v2\/posts\/26034\/revisions"}],"predecessor-version":[{"id":26038,"href":"https:\/\/www.hohenlohe-ungefiltert.de\/index.php?rest_route=\/wp\/v2\/posts\/26034\/revisions\/26038"}],"wp:attachment":[{"href":"https:\/\/www.hohenlohe-ungefiltert.de\/index.php?rest_route=%2Fwp%2Fv2%2Fmedia&parent=26034"}],"wp:term":[{"taxonomy":"category","embeddable":true,"href":"https:\/\/www.hohenlohe-ungefiltert.de\/index.php?rest_route=%2Fwp%2Fv2%2Fcategories&post=26034"},{"taxonomy":"post_tag","embeddable":true,"href":"https:\/\/www.hohenlohe-ungefiltert.de\/index.php?rest_route=%2Fwp%2Fv2%2Ftags&post=26034"}],"curies":[{"name":"wp","href":"https:\/\/api.w.org\/{rel}","templated":true}]}}