{"id":26019,"date":"2020-02-10T22:00:35","date_gmt":"2020-02-10T21:00:35","guid":{"rendered":"http:\/\/www.hohenlohe-ungefiltert.de\/?p=26019"},"modified":"2020-02-10T22:00:35","modified_gmt":"2020-02-10T21:00:35","slug":"linke-nominieren-landtagskandidatinnen-kreisverband-schwaebisch-hall-hohenlohe-trifft-sich-in-kupferzell-eschental","status":"publish","type":"post","link":"https:\/\/www.hohenlohe-ungefiltert.de\/?p=26019","title":{"rendered":"&#8222;Linke nominieren LandtagskandidatInnen&#8220; \u2013\u00a0Kreisverband Schw\u00e4bisch Hall-Hohenlohe trifft sich in Kupferzell-Eschental"},"content":{"rendered":"<p><strong>Der Kreisverband Schw\u00e4bisch Hall und Hohenlohe der Partei &#8222;Die Linke&#8220; trifft sich am Dienstag, 10. M\u00e4rz 2020, um 19 Uhr im Landhotel G\u00fcnzburg in Kupferzell-Eschental. Bei dieser Veranstaltung werden die KandidatInnen der Linken f\u00fcr die Landtagswahl 2021 nominiert.<\/strong><\/p>\n<p><em>Die Linke, Kreisverband Schw\u00e4bisch Hall und Hohenlohe<\/em><\/p>\n<p><strong>Kostenlose Bildung von der Kita bis zum Hochschulabschluss<\/strong><\/p>\n<p>Die baden-w\u00fcrttembergischen Landtagswahlen finden im M\u00e4rz 2021 statt. Die Linke will erstmals in den Stuttgarter Landtag einziehen. Nur eine Linke, die auch im l\u00e4ndlichen Raum stark ist, kann die F\u00fcnf-Prozen-H\u00fcrde \u00fcberspringen. Die Linke Baden-W\u00fcrttemberg hat in den Jahren seit der letzten Landtagswahl wichtige Weichen gestellt und Themen des l\u00e4ndlichen Raums angepackt. Wichtig ist hierbei, die Forderung nach kostenloser Bildung von der Kita bis zum Hochschulabschluss, eine Landwirtschaftspolitik, die das Klima und die Artenvielfalt nicht gegen kleine und mittelst\u00e4ndische Bauern ausspielt und das Thema der Infrastruktur. Bei letzterem muss \u00a0man sowohl die Erhaltung von Kreiskrankenh\u00e4usern, den Wiederaufbau von Bahnstrecken und den Ausbau des gesamten \u00d6PNV, verbunden mit einer Geb\u00fchrenfreiheit, als auch den Ausbau von Erneuerbaren Energien und der digitalen Infrastruktur in den Blick nehmen.<\/p>\n<p><strong>Volksantrag zum Mietendeckel<\/strong><\/p>\n<p>Auch f\u00fcr einen Mietendeckel, der am vergangenen Wochenende vom Landesparteitag gefordert wurde, will man sich einsetzen. Gemeinsam mit dem gesamten Landesverband sammeln die Haller und Hohenloher Linken in den n\u00e4chsten Monaten Unterschriften f\u00fcr einen Volksantrag zu diesem Thema. In Verbindung mit diesen Themen f\u00fchlt sich der Kreisverband gut ger\u00fcstet f\u00fcr die Wahlen. Er hat in den vergangen Jahren einen Erneuerungsprozess vollzogen und verzeichnet zahlreiche Neueintritte, vor allem von jungen Menschen. Au\u00dferdem sei man durch die Kommunalwahlen im Mai 2019 gest\u00e4rkt worden. Die Linke hatte es geschafft, das Mandat im Hohenloher Kreistag zu verteidigen und zog erstmals sowohl im Haller Gemeinderat, als auch in den Haller Kreistag ein.\u00a0Deshalb erhoffen sich die Verantwortlichen der Partei, eine deutliche Verbesserung der Wahlergebnisse von 2016 zu erreichen.<\/p>\n<p><strong>Folgende Kandidaturen sind dem Kreisverband f\u00fcr die Nominierungsveranstaltung bisher bekannt:<\/strong><\/p>\n<p><strong>Wahlkreis Hohenlohe Erstkandidat:<\/strong> Simon Brecht, 21 Jahre alt, Landesgesch\u00e4ftsf\u00fchrer der Linksjugend solid Baden W\u00fcrttemberg sowie Kassierer des Linken-Kreisverbands.<\/p>\n<p><strong>Ersatzkandidatin:<\/strong> Heidi Scharf, 66 Jahre alt, Mitglied des Landesvorstands der Linken Baden W\u00fcrttemberg sowie Kreissprecherin des Kreisverbands.<\/p>\n<p><strong> Wahlkreis Schw\u00e4bisch Hall Erstkandidatin:<\/strong> Ellena Schumacher Koelsch, 33 Jahre alt, Stadt-und Kreisr\u00e4tin Schw\u00e4bisch Hall, Mitglied des Kreisvorstands Die Linke<\/p>\n<p><strong>Ersatzkandidat:<\/strong> Cedric Schiele, 22 Jahre alt, Kreissprecher Die Linke Schw\u00e4bisch und Hohenlohe<\/p>\n<div class=\"pdf24Plugin-cp\"> \t<form name=\"pdf24Form0\" method=\"post\" action=\"https:\/\/doc2pdf.pdf24.org\/wordpress.php\" target=\"pdf24PopWin\" onsubmit=\"var pdf24Win = window.open('about:blank', 'pdf24PopWin', 'resizable=yes,scrollbars=yes,width=600,height=250,left='+(screen.width\/2-300)+',top='+(screen.height\/3-125)+''); pdf24Win.focus(); if(typeof pdf24OnCreatePDF === 'function'){void(pdf24OnCreatePDF(this,pdf24Win));}\"> \t\t<input type=\"hidden\" name=\"blogCharset\" value=\"Cw1x07UAAA==\" \/><input type=\"hidden\" name=\"blogPosts\" value=\"MwQA\" \/><input type=\"hidden\" name=\"blogUrl\" value=\"yygpKSi20tcvLy\/Xy8jPSM3LARK6pXnpqWmZOSWpRSV6KakA\" \/><input type=\"hidden\" name=\"blogName\" value=\"88jPSM3LARK6pXnpqWmZOSWpRSUA\" \/><input type=\"hidden\" name=\"blogValueEncoding\" value=\"gzdeflate base64\" \/><input type=\"hidden\" name=\"postId_0\" value=\"MzIzMLQEAA==\" \/><input type=\"hidden\" name=\"postTitle_0\" value=\"U1O2MDIysvbJzMtOVcjLz83My0wtSs1T8EnMSylJTC\/OBtKZKYklnnl5qXlqIMUG1gqPGiYfWuBdlJpZXJZalARUoRCcnFF+eElSZnFyhoJHYk6Orkd+RmpeDpBQKCnKTEsrUSjOBEpl5il4lxakpRZVpQLVuAJVp+aVJOYAAA==\" \/><input type=\"hidden\" name=\"postLink_0\" value=\"yygpKSi20tcvLy\/Xy8jPSM3LARK6pXnpqWmZOSWpRSV6Kan69gW2RmYGhpYA\" \/><input type=\"hidden\" name=\"postAuthor_0\" value=\"S0zJzcwDAA==\" \/><input type=\"hidden\" name=\"postDateTime_0\" value=\"MzIwMtA1MNI1NFAwMrIyMLIyNgUA\" \/><input type=\"hidden\" name=\"postContent_0\" value=\"lVZNbxs3EL33VwxQoCdZsRUgaBvDgF07cerYCOrGPlNa7i6zJFfghwXoh\/TaHPQzfMr+sb4hV6uVhQbIRQvtkjPvvZl55Ony7NQH19rq7FI6unFS+Sfp5sIWdL+oV91mrvyipmuhNUW8vG5raTV+qMD6T8IFqeiXn3+dzWZvL5Wkj8o2Mv0\/fkvBqbIM5BUiCEP4bn0Q1YROjqd0223cmmbHs+MJRUMnv9Hn2pEy9BHJ6zZITe+7Z7ueR1eRsnQTl6V0a6n10RUgSRuEntIF0hdKeoB5kE5wfB2irWglXSEtf6MbBFSFCB+s5TdYmlBaKrtnl1ZwSgDzK1FrhnRCtjXKKunC9PRVL9Dpq+XZT6cQTJqzgerkRzQ7fYWtQ5g+7E3rA3\/2ki6ULhj7U5th3qggCMFoDYGu20WNsFGLOR46en+AjFHNBWgfrcAsBGnm0lUqqbXHkbkry\/pA76EQJwT1QpjSwI5WChyk88EI7bkKvOc+xBAqLr3bRiWp7FpJ5JnSXXT8dxCIBRYRgiCX7ja20CoB+kuAFTK6hpQPE2qEzfV6h7KXR59cuwaTazApJHXPoOKXTtmKc+wQXiS+jyO+VIuwhfqnqB0eXqqQFNUyrMMLMUByUQdVSXqUGVklURKtQ6re37U0qW38AXpPAnCWYtFAtMcchblQjc6ZS5W5v2tBwHFdrYAKzVBv96MFn\/S6AvxKuYC3ogx+2WoVVJOTFcLTjVZGJOz85hx1sk9K6hKTQZZRgiBUpEancLzQKKinfWCCqV+ga5TOonDeL7E5a8HRWQ+R0H6wpRNowdiE6PIoZn2dNGSwkb59NQLqt6sWMjOYK1f388mU0+g0mFoMY91tIiSxk1S3RyWRQcRyLmJaeiFqzLaTC57bBAXP8+j5O5cGJROGK9v98+nuYUI8kDF1OKgl2Ry9l\/PumfuhRN4aLTEh7urUm6NwnO7KWRl5prl7rixP0ZCXLaNCoXiK9iTYNt0FWqQhK2v0zfTluD+0uvHCBoeh4SrfKgnYBRPTBwN9ztCSSzEDu7d4kqDAVkG14j7kBY8tNycvAY1spdIvk0vzlFayTM0YaBXxnOT5TjVij0YSjwLygL1H0+Mfwps0OmancA66dTy8NFLnwWXHA6Y9zxvMthfHdhu0Nce5ba3g52eLjkHP4bAIW1POdPe1yj5vcgNOIT07\/hw2xu2UUPJ3ux1YxKl1f\/gUL8+2KvIQuO4ZSMLuHHhM3jhF+ccmMgi8tZOMru8RZIcvwavQ70+t1uu26lvliY8rpLdIsUZkl+yF7rBLgRSPHBq1RREhm0l99yWmPLc4KBfJTM9j9y+fZIY9LFWqiI4Z8bnWGhOt0L2js5ULBSPHUcoOBltvUGgu+J5jglmQlGeGHaTEHPBg30IYJm3GxUuqhaw\/+KCP0Pw9PzDdnQ39kPPu3AW5g3iKx3PWS9qvGaJj5fTb10vpYQ9zBK3bspR9VzLVdLYHcAm9\/e5uH70pFjLmb6krUIxsubwuVdVVcm4VXiedIdIbpiRdLsrhnL5rdZXmaHt7iOkgUckCzH43Df1z198auCee9q4jMHWWcy75lAu\/H14q+v+MteHYo5vWFTRuehS7nXSvDBsjPLGGwji9U3dCavzLM5oK3G1wRpTJ+Nxw+fFfIrND1bQq8hlKe2coypluTt6DTtro+0E+GlP3B7oBrAjrLVxlR4CvuXn4iiRcOaE3b8aAb1WoNEw\/J8oO04I35xhf2f4fKqPCIEIN6VQ+r7+PlHZaH1zbxpLvcbhC31rBG6IRizQhLQ7ORT2h16\/HhO6DKMIRj0lC4boNAh0kekE8Ax54DzP7fZFH8P6QhVMLToMzG+4ym40x7Wk0coQxqhcXVuT9Dw==\" \/> \t\t<a href=\"https:\/\/www.pdf24.org\" target=\"_blank\" title=\"www.pdf24.org\" rel=\"nofollow\"><img src=\"https:\/\/www.hohenlohe-ungefiltert.de\/wp-content\/plugins\/pdf24-post-to-pdf\/img\/pdf_32x32.png\" alt=\"\" border=\"0\" height=\"32\" \/><\/a> \t\t<span class=\"pdf24Plugin-cp-space\">&nbsp;&nbsp;<\/span> \t\t<span class=\"pdf24Plugin-cp-text\">Sende Artikel als PDF<\/span> \t\t<span class=\"pdf24Plugin-cp-space\">&nbsp;&nbsp;<\/span> \t\t<input class=\"pdf24Plugin-cp-input\" style=\"margin: 0px;\" type=\"text\" name=\"sendEmailTo\" placeholder=\"Emailadresse\" \/> \t\t<input class=\"pdf24Plugin-cp-submit\" style=\"margin: 0px;\" type=\"submit\" value=\"Senden\" \/> \t<\/form> <\/div>","protected":false},"excerpt":{"rendered":"<p>Der Kreisverband Schw\u00e4bisch Hall und Hohenlohe der Partei &#8222;Die Linke&#8220; trifft sich am Dienstag, 10. M\u00e4rz 2020, um 19 Uhr im Landhotel G\u00fcnzburg in Kupferzell-Eschental. Bei dieser Veranstaltung werden die KandidatInnen der Linken f\u00fcr die Landtagswahl 2021 nominiert. Die Linke, Kreisverband Schw\u00e4bisch Hall und Hohenlohe Kostenlose Bildung von der Kita bis zum Hochschulabschluss Die baden-w\u00fcrttembergischen [&hellip;]<\/p>\n","protected":false},"author":1,"featured_media":0,"comment_status":"open","ping_status":"open","sticky":false,"template":"","format":"standard","meta":[],"categories":[1,6,2,8,5],"tags":[],"_links":{"self":[{"href":"https:\/\/www.hohenlohe-ungefiltert.de\/index.php?rest_route=\/wp\/v2\/posts\/26019"}],"collection":[{"href":"https:\/\/www.hohenlohe-ungefiltert.de\/index.php?rest_route=\/wp\/v2\/posts"}],"about":[{"href":"https:\/\/www.hohenlohe-ungefiltert.de\/index.php?rest_route=\/wp\/v2\/types\/post"}],"author":[{"embeddable":true,"href":"https:\/\/www.hohenlohe-ungefiltert.de\/index.php?rest_route=\/wp\/v2\/users\/1"}],"replies":[{"embeddable":true,"href":"https:\/\/www.hohenlohe-ungefiltert.de\/index.php?rest_route=%2Fwp%2Fv2%2Fcomments&post=26019"}],"version-history":[{"count":2,"href":"https:\/\/www.hohenlohe-ungefiltert.de\/index.php?rest_route=\/wp\/v2\/posts\/26019\/revisions"}],"predecessor-version":[{"id":26021,"href":"https:\/\/www.hohenlohe-ungefiltert.de\/index.php?rest_route=\/wp\/v2\/posts\/26019\/revisions\/26021"}],"wp:attachment":[{"href":"https:\/\/www.hohenlohe-ungefiltert.de\/index.php?rest_route=%2Fwp%2Fv2%2Fmedia&parent=26019"}],"wp:term":[{"taxonomy":"category","embeddable":true,"href":"https:\/\/www.hohenlohe-ungefiltert.de\/index.php?rest_route=%2Fwp%2Fv2%2Fcategories&post=26019"},{"taxonomy":"post_tag","embeddable":true,"href":"https:\/\/www.hohenlohe-ungefiltert.de\/index.php?rest_route=%2Fwp%2Fv2%2Ftags&post=26019"}],"curies":[{"name":"wp","href":"https:\/\/api.w.org\/{rel}","templated":true}]}}