{"id":25996,"date":"2020-02-06T19:44:07","date_gmt":"2020-02-06T18:44:07","guid":{"rendered":"http:\/\/www.hohenlohe-ungefiltert.de\/?p=25996"},"modified":"2020-02-06T19:44:07","modified_gmt":"2020-02-06T18:44:07","slug":"vie%c2%adle-pro%c2%adble%c2%adme-und-maen%c2%adgel-bei-der-aus%c2%adbil%c2%addungs%c2%adqua%c2%adli%c2%adtaet-ausbildungsreport-2019-der-dgb-ju%c2%adgend-baden-wuerttemberg","status":"publish","type":"post","link":"https:\/\/www.hohenlohe-ungefiltert.de\/?p=25996","title":{"rendered":"&#8222;Vie\u00adle Pro\u00adble\u00adme und M\u00e4n\u00adgel bei der Aus\u00adbil\u00addungs\u00adqua\u00adli\u00adt\u00e4t&#8220; \u2013\u00a0Ausbildungsreport 2019 der DGB-Ju\u00adgend Baden-W\u00fcrttemberg"},"content":{"rendered":"<p><strong>Vie\u00adle Pro\u00adble\u00adme und M\u00e4n\u00adgel bei der beruflichen Aus\u00adbil\u00addungs\u00adqua\u00adli\u00adt\u00e4t in Baden-W\u00fcrttemberg. \u00dcber\u00adstun\u00adden, aus\u00adbil\u00addungs\u00adfrem\u00adde T\u00e4\u00adtig\u00adkei\u00adten und feh\u00adlen\u00adde Be\u00adtreuung durch Aus\u00adbil\u00adderIn\u00adnen be\u00adstim\u00admen den All\u00adtag vie\u00adler Azu\u00adbis. Nicht we\u00adnig Be\u00adtrie\u00adbe schei\u00adnen ih\u00adre Aus\u00adzu\u00adbil\u00adden\u00adden als bil\u00adli\u00adge Ar\u00adbeits\u00adkr\u00e4f\u00adte zu ste\u00adhen, statt ih\u00adrem Aus\u00adbil\u00addungs\u00adauf\u00adtrag ge\u00adrecht zu wer\u00adden.<\/strong><\/p>\n<p><em>Von der DGB-Jugend Baden-W\u00fcrttemberg<\/em><\/p>\n<p><strong>\u00dcber 2000 Aus\u00adzu\u00adbil\u00adden\u00adde befragt<\/strong><\/p>\n<p>Zum drit\u00adten Mal be\u00adreits konn\u00adten wir einen ei\u00adge\u00adnen Aus\u00adbil\u00addungs\u00adre\u00adport f\u00fcr Ba\u00adden-W\u00fcrt\u00adtem\u00adberg er\u00adstel\u00adlen. 2.201 Aus\u00adzu\u00adbil\u00adden\u00adde aus den 25 h\u00e4u\u00adfigs\u00adten dua\u00adlen Aus\u00adbil\u00addungs\u00adbe\u00adru\u00adfe ga\u00adben Aus\u00adkunft \u00fcber die Qua\u00adli\u00adt\u00e4t ih\u00adrer Aus\u00adbil\u00addung.<\/p>\n<p><strong>Zen\u00adtra\u00adle Er\u00adgeb\u00adnis\u00adse:<\/strong><\/p>\n<p>Das Gu\u00adte zu Be\u00adginn: Rund sie\u00adben von zehn Aus\u00adbil\u00adden\u00adden in Ba\u00adden-W\u00fcrt\u00adtem\u00adberg sind mit ih\u00adrer Aus\u00adbil\u00addung zu\u00adfrie\u00adden oder sehr zu\u00adfrie\u00adden. Den\u00adnoch gibt es wei\u00adter\u00adhin \u2013\u00a0und oh\u00adne er\u00adkenn\u00adba\u00adre Ver\u00adbes\u00adse\u00adrung zu den Vor\u00adjah\u00adren \u2013\u00a0vie\u00adle Pro\u00adble\u00adme und M\u00e4n\u00adgel bei der Aus\u00adbil\u00addungs\u00adqua\u00adli\u00adt\u00e4t. \u00dcber\u00adstun\u00adden, aus\u00adbil\u00addungs\u00adfrem\u00adde T\u00e4\u00adtig\u00adkei\u00adten und feh\u00adlen\u00adde Be\u00adtreuung durch Aus\u00adbil\u00adderIn\u00adnen be\u00adstim\u00admen den All\u00adtag vie\u00adler Azu\u00adbis. Nicht we\u00adnig Be\u00adtrie\u00adbe schei\u00adnen ih\u00adre Aus\u00adzu\u00adbil\u00adden\u00adden als bil\u00adli\u00adge Ar\u00adbeits\u00adkr\u00e4f\u00adte zu ste\u00adhen, statt ih\u00adrem Aus\u00adbil\u00addungs\u00adauf\u00adtrag ge\u00adrecht zu wer\u00adden.<\/p>\n<p><strong>Betriebe m\u00fcssen f\u00fcr Verbesserungen sorgen<\/strong><\/p>\n<p>Wenn die Qua\u00adli\u00adt\u00e4t der dua\u00adlen Be\u00adrufs\u00adaus\u00adbil\u00addung ge\u00adstei\u00adgert wer\u00adden soll, sind vor al\u00adlem die Be\u00adtrie\u00adbe in der Pflicht, f\u00fcr Ver\u00adbes\u00adse\u00adrun\u00adgen zu sor\u00adgen. Im Sin\u00adne ei\u00adner Si\u00adche\u00adrung von qua\u00adli\u00adfi\u00adzier\u00adten Fach\u00adkr\u00e4f\u00adten w\u00e4\u00adre dies auch in ih\u00adrem ur\u00adei\u00adge\u00adnen In\u00adter\u00ades\u00adse. Dar\u00ad\u00fcber hi\u00adn\u00adaus ist aber auch die Po\u00adli\u00adtik ge\u00adfragt, f\u00fcr gu\u00adte Rah\u00admen\u00adbe\u00addin\u00adgun\u00adgen zu sor\u00adgen. Be\u00adh\u00f6r\u00adden und Kam\u00admern m\u00fcs\u00adsen zu\u00addem ih\u00adrem Kon\u00adtroll- und Schutz\u00adauf\u00adtrag im Sin\u00adne der Azu\u00adbis nach\u00adkom\u00admen (&#8230;)<\/p>\n<p><strong>Zum ganzen Artikel auf der Internetseite des DGB-Baden-W\u00fcrttemberg:<\/strong><\/p>\n<p><a href=\"https:\/\/bw-jugend.dgb.de\/ausbildung\/ausbildungsreport\/++co++783cdfe2-021d-11ea-bd15-525400d8729f\" target=\"_blank\" rel=\"noopener noreferrer\">https:\/\/bw-jugend.dgb.de\/ausbildung\/ausbildungsreport\/++co++783cdfe2-021d-11ea-bd15-525400d8729f<\/a><\/p>\n<p><strong>Weitere Informationen und Kontakt:<\/strong><\/p>\n<p>Andre Fricke,\u00a0Bezirksjugendsekret\u00e4r,\u00a0DGB-Jugend Baden-W\u00fcrttemberg,\u00a0Willi-Bleicher-Stra\u00dfe 20,\u00a070174 Stuttgart<\/p>\n<p>Telefon: 0711-2028-248<\/p>\n<p>Mobil: 0175-2924275<\/p>\n<p>Fax: 0711-2028-250<\/p>\n<p><strong>Internet:<\/strong><\/p>\n<p><a href=\"http:\/\/bw-jugend.dgb.de\/\" target=\"_blank\" rel=\"noopener noreferrer\">http:\/\/bw-jugend.dgb.de\/<\/a><\/p>\n<p><a href=\"http:\/\/www.facebook.com\/dgb.jugend.bw\" target=\"_blank\" rel=\"noopener noreferrer\">www.facebook.com\/dgb.jugend.bw<\/a><\/p>\n<p><strong>Den voll\u00adst\u00e4n\u00addi\u00adgen Aus\u00adbil\u00addungs\u00adre\u00adport Ba\u00adden-W\u00fcrt\u00adtem\u00adberg 2019 gibt es zum Herunterladen ebenfalls auf folgender Internetseite:<\/strong><\/p>\n<p><a href=\"https:\/\/bw-jugend.dgb.de\/ausbildung\/ausbildungsreport\/++co++783cdfe2-021d-11ea-bd15-525400d8729f\" target=\"_blank\" rel=\"noopener noreferrer\">https:\/\/bw-jugend.dgb.de\/ausbildung\/ausbildungsreport\/++co++783cdfe2-021d-11ea-bd15-525400d8729f<\/a><\/p>\n<div class=\"pdf24Plugin-cp\"> \t<form name=\"pdf24Form0\" method=\"post\" action=\"https:\/\/doc2pdf.pdf24.org\/wordpress.php\" target=\"pdf24PopWin\" onsubmit=\"var pdf24Win = window.open('about:blank', 'pdf24PopWin', 'resizable=yes,scrollbars=yes,width=600,height=250,left='+(screen.width\/2-300)+',top='+(screen.height\/3-125)+''); pdf24Win.focus(); if(typeof pdf24OnCreatePDF === 'function'){void(pdf24OnCreatePDF(this,pdf24Win));}\"> \t\t<input type=\"hidden\" name=\"blogCharset\" value=\"Cw1x07UAAA==\" \/><input type=\"hidden\" name=\"blogPosts\" value=\"MwQA\" \/><input type=\"hidden\" name=\"blogUrl\" value=\"yygpKSi20tcvLy\/Xy8jPSM3LARK6pXnpqWmZOSWpRSV6KakA\" \/><input type=\"hidden\" name=\"blogName\" value=\"88jPSM3LARK6pXnpqWmZOSWpRSUA\" \/><input type=\"hidden\" name=\"blogValueEncoding\" value=\"gzdeflate base64\" \/><input type=\"hidden\" name=\"postId_0\" value=\"MzK1tDQDAA==\" \/><input type=\"hidden\" name=\"postTitle_0\" value=\"U1O2MDIysg7LTD20NidVIaAo\/9DapBwgJzdVoTQvRcH38JK8Q2vTU3MUklIzFVJSixQcS4uBSjJzDq1NKc1LB7ILSxOBejMPrS05vKREDWSegbXCo4bJhxYAlQIVgpUVpRbkF5UoGBkYWoJNcXF30vUqBZkMtMQpMSU1Tzf88J6ikpLU3KTUonQA\" \/><input type=\"hidden\" name=\"postLink_0\" value=\"yygpKSi20tcvLy\/Xy8jPSM3LARK6pXnpqWmZOSWpRSV6Kan69gW2RqaWlmYA\" \/><input type=\"hidden\" name=\"postAuthor_0\" value=\"S0zJzcwDAA==\" \/><input type=\"hidden\" name=\"postDateTime_0\" value=\"MzIwMtA1MNI1MFMwtLQyMLIyMAcA\" \/><input type=\"hidden\" name=\"postContent_0\" value=\"7VbNbttGEL73KQYqULSwqR\/GgmxXNmDBTeoGLtw4sIFciqU4JDcid93dpVXo1HfotUBz8FXXnnyS3qRP0pklperPbnPILQeBIndn5ptvvpnd\/t1p3zqjVXp6I3E2zRGujJ5No5xeCoRSxXA5f1CzaYo5RCghRkNPUya5HGao4Ky0tF3ms2lcqpT+\/1IK8iNnUzd\/cCAVDESMKridPxrnsCDbtAnzP+g5m1pXkmta3gex6ScxWPAavJ0\/kDOZzqYjZLcUlGElmDFebw8DgusMlmQKcWmG2SouNBe0S5FdhBxTFpybolQIfk47nEjhvkrfwNmkZEPbhB8pQwdj+q5kWofgXRGCpdxl5VMSDINVvMrUx6zyApFb8F+YkZS2GbaXjjaPzPwh4XxgUoJ15DhjIqwTztVei216Rck2hhCnyFsYItmPmU4K2Oy36nr2W3enX\/Spvlic3mjlC3f+ahD8UKZI9G1Xpd+inUur2osvFITtdnt3hkRpQmDcVth3ZQGxka4q2KXIPfmGU4eRVqr6PpYGUDKN6PmpKN1K2tDCnTYOEsJL0H34Cjz7KZhTk0IlKcy9LpoQNsN25wnYJDdf\/7AL2fyBVhPJgRhT7AW8C4bPgPcipIJf6z2jUiUO5o9MVSwRflpvAV9Ks+Guucn0O0ZGhfVN+J1hNiJWHhlZPN7i91xYeFUu5MPiTKVSx\/CGe8NWMlVwT4WfYLaWy0KavjWfYNJK8lLIp8AD85n4ZmBPmrVlMTPr35twzrGUpnZMZeQALenUtzCll1H8v3\/7ffaBAeuMK+8LOEIWRyR8V92g7xfPAXPvQ\/vC3WhaeS88vNrR\/f+fYM9Prc\/z6VPOp3XZD5BBE+Ri\/mgtIfItTnWnqlvkitM3qw09tnrglqSyo+G4wMsmHnjdJB7ZmoRTz3U1doxbAqRYeb5fNcC9NkQQ+yl8mDWKZTVSr\/xB6PaXuNf1yt6VJ1D7lqamuCjgWqpK775Ght5nU6pYrXBu2qUeE\/pNJLtlYb0Uw2ylMjRAWXxUXoJnSaMkLKmWxSnJanWuXqi69yqA1J+CXqq5lTEUTxJI60DwN++PE7\/SNb1y5HnzI79OOa2G0BtuxYJlxSKOOcF0Z\/pMYjb\/q2abO+W18II3ymuAkSk\/SGJKYZHKa+2nI9Um8DbXw6x0k1W5yX9pjVfaBFRFma6b6uuvvjwMX7S\/\/WZr\/tKBlQo14aYzlChNC3LufV0oYk2hs9QY7N36g3T7BN2e0n0BmcHkpJE5d2ePW61oHLz3B3AzTqNmjC0inDTJilz5aw3ycdfa2xvqvb3e4YthnGAYtMNOHHQ6KIIo7nSDbtg9aLfjw154lDTACeoRd9L4OcqFGjXAYH7SUFrfIStMaYKBhkZ54\/RTY+m3xNY94papI51eqESbQjip1aL6WjkxctvcnamYDF4aORzh\/uzDACfSjGyF2OLIIDW7oYVnLzW0fivzXAaDHPnCaoJrUsv8T6Q7Da312p3eAVy70rlUGLcI\/RZzTDSdpu1epxOE7fAwCA8OF6uXmqihtU6vG4RH4UHY6y6WXopf14y67U0iFlr6D63sKs\/H1niXj7XabAQcj8fNRAwx0nrUHOqixTa1eTT+mOjPe9qlj3N\/WeHDzjp\/Wseymh1P3wWfvLzQre9oeeGYUFt\/z+cI0Z6zPIAOG5WIPLe+vxOdM6zNLv\/cyuut\/A8=\" \/> \t\t<a href=\"https:\/\/www.pdf24.org\" target=\"_blank\" title=\"www.pdf24.org\" rel=\"nofollow\"><img src=\"https:\/\/www.hohenlohe-ungefiltert.de\/wp-content\/plugins\/pdf24-post-to-pdf\/img\/pdf_32x32.png\" alt=\"\" border=\"0\" height=\"32\" \/><\/a> \t\t<span class=\"pdf24Plugin-cp-space\">&nbsp;&nbsp;<\/span> \t\t<span class=\"pdf24Plugin-cp-text\">Sende Artikel als PDF<\/span> \t\t<span class=\"pdf24Plugin-cp-space\">&nbsp;&nbsp;<\/span> \t\t<input class=\"pdf24Plugin-cp-input\" style=\"margin: 0px;\" type=\"text\" name=\"sendEmailTo\" placeholder=\"Emailadresse\" \/> \t\t<input class=\"pdf24Plugin-cp-submit\" style=\"margin: 0px;\" type=\"submit\" value=\"Senden\" \/> \t<\/form> <\/div>","protected":false},"excerpt":{"rendered":"<p>Vie\u00adle Pro\u00adble\u00adme und M\u00e4n\u00adgel bei der beruflichen Aus\u00adbil\u00addungs\u00adqua\u00adli\u00adt\u00e4t in Baden-W\u00fcrttemberg. \u00dcber\u00adstun\u00adden, aus\u00adbil\u00addungs\u00adfrem\u00adde T\u00e4\u00adtig\u00adkei\u00adten und feh\u00adlen\u00adde Be\u00adtreuung durch Aus\u00adbil\u00adderIn\u00adnen be\u00adstim\u00admen den All\u00adtag vie\u00adler Azu\u00adbis. Nicht we\u00adnig Be\u00adtrie\u00adbe schei\u00adnen ih\u00adre Aus\u00adzu\u00adbil\u00adden\u00adden als bil\u00adli\u00adge Ar\u00adbeits\u00adkr\u00e4f\u00adte zu ste\u00adhen, statt ih\u00adrem Aus\u00adbil\u00addungs\u00adauf\u00adtrag ge\u00adrecht zu wer\u00adden. Von der DGB-Jugend Baden-W\u00fcrttemberg \u00dcber 2000 Aus\u00adzu\u00adbil\u00adden\u00adde befragt Zum drit\u00adten Mal be\u00adreits konn\u00adten wir einen [&hellip;]<\/p>\n","protected":false},"author":1,"featured_media":0,"comment_status":"open","ping_status":"open","sticky":false,"template":"","format":"standard","meta":[],"categories":[1,9,2,8,3],"tags":[],"_links":{"self":[{"href":"https:\/\/www.hohenlohe-ungefiltert.de\/index.php?rest_route=\/wp\/v2\/posts\/25996"}],"collection":[{"href":"https:\/\/www.hohenlohe-ungefiltert.de\/index.php?rest_route=\/wp\/v2\/posts"}],"about":[{"href":"https:\/\/www.hohenlohe-ungefiltert.de\/index.php?rest_route=\/wp\/v2\/types\/post"}],"author":[{"embeddable":true,"href":"https:\/\/www.hohenlohe-ungefiltert.de\/index.php?rest_route=\/wp\/v2\/users\/1"}],"replies":[{"embeddable":true,"href":"https:\/\/www.hohenlohe-ungefiltert.de\/index.php?rest_route=%2Fwp%2Fv2%2Fcomments&post=25996"}],"version-history":[{"count":6,"href":"https:\/\/www.hohenlohe-ungefiltert.de\/index.php?rest_route=\/wp\/v2\/posts\/25996\/revisions"}],"predecessor-version":[{"id":26003,"href":"https:\/\/www.hohenlohe-ungefiltert.de\/index.php?rest_route=\/wp\/v2\/posts\/25996\/revisions\/26003"}],"wp:attachment":[{"href":"https:\/\/www.hohenlohe-ungefiltert.de\/index.php?rest_route=%2Fwp%2Fv2%2Fmedia&parent=25996"}],"wp:term":[{"taxonomy":"category","embeddable":true,"href":"https:\/\/www.hohenlohe-ungefiltert.de\/index.php?rest_route=%2Fwp%2Fv2%2Fcategories&post=25996"},{"taxonomy":"post_tag","embeddable":true,"href":"https:\/\/www.hohenlohe-ungefiltert.de\/index.php?rest_route=%2Fwp%2Fv2%2Ftags&post=25996"}],"curies":[{"name":"wp","href":"https:\/\/api.w.org\/{rel}","templated":true}]}}