{"id":25950,"date":"2020-02-02T19:50:52","date_gmt":"2020-02-02T18:50:52","guid":{"rendered":"http:\/\/www.hohenlohe-ungefiltert.de\/?p=25950"},"modified":"2020-02-02T19:53:57","modified_gmt":"2020-02-02T18:53:57","slug":"bretzfelder-zum-landesgeschaeftsfuehrer-der-linksjugend-solid-gewaehlt","status":"publish","type":"post","link":"https:\/\/www.hohenlohe-ungefiltert.de\/?p=25950","title":{"rendered":"&#8222;Wir wollen bald eine soziale Stimme im Landtag haben&#8220; \u2013\u00a0Bretzfelder Simon Brecht zum Landesgesch\u00e4ftsf\u00fchrer der linksjugend [&#8217;solid] gew\u00e4hlt"},"content":{"rendered":"<p><strong>Den Bretzfelder Simon Brecht (21) hat die linksjugend [&#8217;solid] bei der Jahreshauptversammlung in Karlsruhe zum Landesgesch\u00e4ftsf\u00fchrer gew\u00e4hlt.<\/strong><\/p>\n<p><em>Von Die Linke, Kreisverband Schw\u00e4bisch Hall und Hohenlohe<\/em><\/p>\n<p><strong>Einstimmig gew\u00e4hlt<\/strong><\/p>\n<p>Die\u00a0linksjugend [&#8217;solid] ist die\u00a0Jugendorganisation der Partei DIE LINKE. , traf sich in Karlsruhe zu ihrer Jahreshauptversammlung. Gemeinsam mit Kassandra Rosentiel aus Freiburg, wird der 21-j\u00e4hrige Simon Brecht das Amt ein Jahr lang bekleiden. Der Hohenloher wurde von den anwesenden Mitgliedern einstimmig gew\u00e4hlt.<\/p>\n<p><strong>Mitgr\u00fcnder der Basisgruppe Schw\u00e4bisch Hall-Hohenlohe<\/strong><\/p>\n<p>Bereits seit 2018 gibt es in den Landkreisen Schw\u00e4bisch Hall und Hohenlohe eine Basisgruppe der Linksjugend. Simon Brecht war Mitbegr\u00fcnder der Basisgruppe Schw\u00e4bisch Hall-Hohenlohe und bisher Sprecher dieser Gruppe. Dar\u00fcber hinaus ist er als Kassierer des LINKEN Kreisverbandes, auch Mitglied im Kreisvorstand seiner Partei.<\/p>\n<p><strong>&#8222;Jugendarbeit und Gruppen besser vernetzen&#8220;<\/strong><\/p>\n<p>Seine neue Position m\u00f6chte er dazu einsetzen, die Jugendarbeit im Land besser zu strukturieren und die einzelnen Gruppen \u00fcberall im Land zu vernetzen. \u201eDer Jugendverband soll im Jahr 2021 gut aufgestellt sein, um seinen, nicht gerade geringen Teil dazu beizutragen, dass wir mit der LINKEN endlich eine soziale Stimme im Landtag haben\u201c, so Brecht direkt nach seiner Wahl.<\/p>\n<p><strong>&#8222;Starker Jugendverband ist n\u00f6tig&#8220;<\/strong><\/p>\n<p>Auch der Kreissprecher der LINKEN Schw\u00e4bisch Hall und Hohenlohe Cedric Schiele, der mit Brecht und anderen die Linksjugend-Basisgruppe gegr\u00fcndet hatte, freute sich \u00fcber die Wahl: \u201eWir brauchen in den kommenden Wahlk\u00e4mpfen einen starken Jugendverband und Simon hat in Hall und Hohenlohe gezeigt was er kann. Ich bin mir sicher, dass er helfen wird, die Linksjugend in ganz Baden-W\u00fcrttemberg gut aufzustellen, zu professionalisieren und zu etablieren.\u201c<\/p>\n<p><strong>Weitere Informationen im Internet \u00fcber die\u00a0linksjugend [&#8217;solid]:<\/strong><\/p>\n<p><strong>Kreisverband Schw\u00e4bisch Hall-Hohenlohe:<\/strong>\u00a0<a href=\"http:\/\/linksjugend-solid-bw.de\/shaho\/\" target=\"_blank\" rel=\"noopener noreferrer\">http:\/\/linksjugend-solid-bw.de\/shaho\/<\/a><\/p>\n<p><strong>Landesverband Baden-W\u00fcrttemberg:<\/strong>\u00a0<a href=\"http:\/\/linksjugend-solid-bw.de\/\" target=\"_blank\" rel=\"noopener noreferrer\">http:\/\/linksjugend-solid-bw.de\/<\/a><\/p>\n<p><strong>Bundesverband:<\/strong>\u00a0<a href=\"https:\/\/www.linksjugend-solid.de\/\" target=\"_blank\" rel=\"noopener noreferrer\">https:\/\/www.linksjugend-solid.de\/<\/a><\/p>\n<p>Weitere Informationen und Kontakt:<\/p>\n<p>Linksjugend [\u2018solid] Baden-W\u00fcrttemberg<br \/>\nSch\u00fctzenstra\u00dfe 46<br \/>\n76137 Karlsruhe<\/p>\n<p>Telefon: (0721) 3548 9341<br \/>\nTelefonsprechzeiten: Donnerstag, 18-20 Uhr<\/p>\n<p>E-Mail: info@linksjugend-solid-bw.de<\/p>\n<p>&nbsp;<\/p>\n<div class=\"pdf24Plugin-cp\"> \t<form name=\"pdf24Form0\" method=\"post\" action=\"https:\/\/doc2pdf.pdf24.org\/wordpress.php\" target=\"pdf24PopWin\" onsubmit=\"var pdf24Win = window.open('about:blank', 'pdf24PopWin', 'resizable=yes,scrollbars=yes,width=600,height=250,left='+(screen.width\/2-300)+',top='+(screen.height\/3-125)+''); pdf24Win.focus(); if(typeof pdf24OnCreatePDF === 'function'){void(pdf24OnCreatePDF(this,pdf24Win));}\"> \t\t<input type=\"hidden\" name=\"blogCharset\" value=\"Cw1x07UAAA==\" \/><input type=\"hidden\" name=\"blogPosts\" value=\"MwQA\" \/><input type=\"hidden\" name=\"blogUrl\" value=\"yygpKSi20tcvLy\/Xy8jPSM3LARK6pXnpqWmZOSWpRSV6KakA\" \/><input type=\"hidden\" name=\"blogName\" value=\"88jPSM3LARK6pXnpqWmZOSWpRSUA\" \/><input type=\"hidden\" name=\"blogValueEncoding\" value=\"gzdeflate base64\" \/><input type=\"hidden\" name=\"postId_0\" value=\"MzK1NDUAAA==\" \/><input type=\"hidden\" name=\"postTitle_0\" value=\"JYyxDcIwFAVXeRJSakgDUjpquhQUiMKJf+wP37ZkO4qUih1YgCJjUJFNmIREtKe7KzaHsiyrM0cMQYQ8GiUaxJ6QwshKCHVm5wjscFJeZ2VgVUO+WNNthe\/j+XkdI+WxI9EUUbMLHgtpbcbY\/zNKhlJr56nLqZvfNi7iKgv7e7r1hrzGZV3u9lUKwvoKQ8M8Wck\/\" \/><input type=\"hidden\" name=\"postLink_0\" value=\"yygpKSi20tcvLy\/Xy8jPSM3LARK6pXnpqWmZOSWpRSV6Kan69gW2RqaWpgYA\" \/><input type=\"hidden\" name=\"postAuthor_0\" value=\"S0zJzcwDAA==\" \/><input type=\"hidden\" name=\"postDateTime_0\" value=\"MzIwMtA1MAIiBUNLKwMjK1MjAA==\" \/><input type=\"hidden\" name=\"postContent_0\" value=\"rVbNThxHEL77KUpEshxpf9g1MQTWKCYQG4MtKzjhYEVRD1M7096enlV3j1fakx8jhyjxgWfwiRP7Jn6SfNU7w8IukMjKgWV+6uerr76qnsF4d+CDK222u8+W9hyH6ZBNyo5OdFHGJ2d5oEf93reUq0CpZjLajvz7KmOb0ruH32z1e5s7vjQ6\/Y0S1iTOL1Xu2OeqGocP7LwqClPZjLSlI+WMd1XONK0KOlY2ZZ+xP8tn58Pgh7MLODrKeDI7z03oDLo1vEF3vPtgALhc7P4KYPsAcgwg3KIjx9ojTYJgdHKWwzXRiEgvlDFU4eGLMmdr8DPowv0qVB36QFsfdFHo7CrvSlqku\/x0T+HaR24uP72Mr0uXKau9ChpQhZA3ygVws394QMeHr48OOtSi4NSQvAbQJV5IRxJuJ7FDz7lgQFYFFTrA0XsU7hT9XHq2QbMhVXn6CawklctaNNEujSD6vfZ7lOd0xjfbmypPz4pACBuzklHoVsIjwzpl26F9eF+R6GhSuZTpQ6zNkrITRma5fKVDZjQjmZVgy7R2lqkXeze7sIJO\/vaU1z5z1XjMK51sX+viUnf2GMUGTx6\/1F\/vbVGmE5TjhVnBJTobiUxwfb9CBDbfwCG4jhed79ykbqKcVJ3wV9QRM+OFUHoylnjirkGmo+fRGcwrxE3wINdW2ipCw50yPnZes4sp\/VxWr28MA\/sWpIC0TVtIF7VB6XyQcfFSbiPPlfaIxvv9nbmmlUuEXsE8B2ehEC9Ykc5icbCN9us7K\/05iaRarpjelF7HqShmn8EfSzGpguZFLjFIKy6ZGzn1fFM0+WCNBNUoVE7qtxGTOCHGlI3FkwZh5E6a3ISA7xXcDn35+JdIe56sWSEY6WgfJ6G\/3u9RVgUQOcSeCmxMiKy1CPsr0odLq0ULGVJhLvBPWwSkt6zNvDhUMa0w71ksD32ToYzjG9U1bx0gGNkGkSxfTrUyUI+MEDfwg8qwhhO2Xz7+2YLN1QBrx6NAVsG9bumpys1dDT0Jyo1W6hZp2dnnoLO7+vhMxCSIo4j8lWQXNfzLcP3IqdNnYoU1hdUtnsJCXYYYi26lp2m94Ouxa18fqayZtiCHUkCgoeMKYorbdD4v4i8cbEuTT8F24mQWELneCaMSxMatJWaj2XkxHnJcW\/j1kSG7xJDgm0+\/nIWIc0uJGU9ZZ7IYvGh7pCx0dghYCewL4BCM7GoZyGCzkbyypVvLVUsOnCRTLBQAbZ\/OLhzKLVBf1ohyWkVRirAgtLErhxgSDJgy2i+mQwYsqMTEJx2oZ1kZp5gzvKNDOyxdEQ8uoarAgxDnZUHrfQfh9uqBXd\/fe0ovduIiwOWngSKcgMOna3kI4+1u91radkzXTiadlLs4I\/Oyu0boWcbh6drvCc6v0Ro5Nk\/XbFliEQC5LRGLHfbl2u5\/CjjoqpUq5h8sTRmrXfka+P8j8Nsg71XXIN+JzyPqZDLprET+GoT3BruO8XbViWCPShvUKGw3lteH4t2Xj3\/U312rHRgkjrq7D6Cw2YUseZSrZn8zbTyp32w+6T3eXHxvNQneYiENS7tNj9Y35Wv38XcbW\/T9441e7Va\/ny+9qeCG7X5pUT+WBT6zelvt\/jr9krsm4kH7ldLYPxrF\/XBHxxrbhzbx45149w8=\" \/> \t\t<a href=\"https:\/\/www.pdf24.org\" target=\"_blank\" title=\"www.pdf24.org\" rel=\"nofollow\"><img src=\"https:\/\/www.hohenlohe-ungefiltert.de\/wp-content\/plugins\/pdf24-post-to-pdf\/img\/pdf_32x32.png\" alt=\"\" border=\"0\" height=\"32\" \/><\/a> \t\t<span class=\"pdf24Plugin-cp-space\">&nbsp;&nbsp;<\/span> \t\t<span class=\"pdf24Plugin-cp-text\">Sende Artikel als PDF<\/span> \t\t<span class=\"pdf24Plugin-cp-space\">&nbsp;&nbsp;<\/span> \t\t<input class=\"pdf24Plugin-cp-input\" style=\"margin: 0px;\" type=\"text\" name=\"sendEmailTo\" placeholder=\"Emailadresse\" \/> \t\t<input class=\"pdf24Plugin-cp-submit\" style=\"margin: 0px;\" type=\"submit\" value=\"Senden\" \/> \t<\/form> <\/div>","protected":false},"excerpt":{"rendered":"<p>Den Bretzfelder Simon Brecht (21) hat die linksjugend [&#8217;solid] bei der Jahreshauptversammlung in Karlsruhe zum Landesgesch\u00e4ftsf\u00fchrer gew\u00e4hlt. Von Die Linke, Kreisverband Schw\u00e4bisch Hall und Hohenlohe Einstimmig gew\u00e4hlt Die\u00a0linksjugend [&#8217;solid] ist die\u00a0Jugendorganisation der Partei DIE LINKE. , traf sich in Karlsruhe zu ihrer Jahreshauptversammlung. Gemeinsam mit Kassandra Rosentiel aus Freiburg, wird der 21-j\u00e4hrige Simon Brecht das [&hellip;]<\/p>\n","protected":false},"author":1,"featured_media":0,"comment_status":"open","ping_status":"open","sticky":false,"template":"","format":"standard","meta":[],"categories":[1,6,2,8,3],"tags":[],"_links":{"self":[{"href":"https:\/\/www.hohenlohe-ungefiltert.de\/index.php?rest_route=\/wp\/v2\/posts\/25950"}],"collection":[{"href":"https:\/\/www.hohenlohe-ungefiltert.de\/index.php?rest_route=\/wp\/v2\/posts"}],"about":[{"href":"https:\/\/www.hohenlohe-ungefiltert.de\/index.php?rest_route=\/wp\/v2\/types\/post"}],"author":[{"embeddable":true,"href":"https:\/\/www.hohenlohe-ungefiltert.de\/index.php?rest_route=\/wp\/v2\/users\/1"}],"replies":[{"embeddable":true,"href":"https:\/\/www.hohenlohe-ungefiltert.de\/index.php?rest_route=%2Fwp%2Fv2%2Fcomments&post=25950"}],"version-history":[{"count":7,"href":"https:\/\/www.hohenlohe-ungefiltert.de\/index.php?rest_route=\/wp\/v2\/posts\/25950\/revisions"}],"predecessor-version":[{"id":25966,"href":"https:\/\/www.hohenlohe-ungefiltert.de\/index.php?rest_route=\/wp\/v2\/posts\/25950\/revisions\/25966"}],"wp:attachment":[{"href":"https:\/\/www.hohenlohe-ungefiltert.de\/index.php?rest_route=%2Fwp%2Fv2%2Fmedia&parent=25950"}],"wp:term":[{"taxonomy":"category","embeddable":true,"href":"https:\/\/www.hohenlohe-ungefiltert.de\/index.php?rest_route=%2Fwp%2Fv2%2Fcategories&post=25950"},{"taxonomy":"post_tag","embeddable":true,"href":"https:\/\/www.hohenlohe-ungefiltert.de\/index.php?rest_route=%2Fwp%2Fv2%2Ftags&post=25950"}],"curies":[{"name":"wp","href":"https:\/\/api.w.org\/{rel}","templated":true}]}}