{"id":25832,"date":"2020-01-05T19:18:21","date_gmt":"2020-01-05T18:18:21","guid":{"rendered":"http:\/\/www.hohenlohe-ungefiltert.de\/?p=25832"},"modified":"2020-01-05T19:19:27","modified_gmt":"2020-01-05T18:19:27","slug":"vortrag-in-gerabronn-ueber-nazis-wurde-leider-kurzfristig-abgesagt-referenten-suchen-raum-fuer-vortrag-in-langenburg","status":"publish","type":"post","link":"https:\/\/www.hohenlohe-ungefiltert.de\/?p=25832","title":{"rendered":"&#8222;Vortrag in Gerabronn \u00fcber Langenburger Nazis wurde kurzfristig abgesagt&#8220; \u2013 Referenten suchen Raum f\u00fcr Vortrag in Langenburg"},"content":{"rendered":"<p><strong>Kommentar von Ralf Garmatter zum Artikel \u201eVortrag \u00fcber die Nazi-Zeit \u2013 Autoren befassen sich in Gerabronn mit T\u00e4tern\u201c, der am 21. November 2019 im Hohenloher Tagblatt und Haller Tagblatt erschienen ist.<\/strong><\/p>\n<p><em>Kommentar von Ralf Garmatter, Journalist aus Kirchberg\/Jagst<\/em><\/p>\n<p><strong>&#8222;Namen von mutma\u00dflichen T\u00e4tern sollten nicht genannt werden&#8220;<\/strong><\/p>\n<p>Leider hat der im Hohenloher Tagblatt und Haller Tagblatt angek\u00fcndigte Vortrag \u00fcber NS-Belastete aus Langenburg und Crailsheim am 26. November 2019 im evangelischen Gemeindehaus Gerabronn nicht stattgefunden. F\u00fcnf Tage vor der Veranstaltung sagten Pfarrer Axel Seidel (Projektleiter der OffenBar Gerabronn), Pfarrer Simon Englert (Evangelische Gesamtkirchengemeinde Gerabronn) und der Gemeindereferent Nils Neudenberger von der katholischen Kirchengemeinde Gerabronn die Veranstaltung ab. Nicht an der Absage beteiligt war der Co-Veranstalter, der Verein \u201eOhne Rechtsau\u00dfen\u201c.<br \/>\nMit den Referenten, dem Sozialwissenschaftler Dr. Wolfgang Proske aus Gerstetten bei Heidenheim und mir, dem Kirchberger Journalisten Ralf Garmatter, hatte zuvor leider keiner der Kirchenvertreter gesprochen. Als Grund f\u00fcr die Absage nannten die beiden evangelischen Pfarrer und der katholische Gemeindereferent, dass \u201eIn den Vorgespr\u00e4chen zu der gemeinsamen Veranstaltung und auf dem Weg zur Erstellung des Plakates mehrfach von den Verantwortlichen der evangelischen und katholischen Kirchen und der OffenBar klargestellt und dann vereinbart worden sei: Es d\u00fcrfen in keiner schriftlichen\/\u00f6ffentlichen Werbung f\u00fcr die Veranstaltung die vollen Namen von mutma\u00dflichen \u201eT\u00e4tern\u201c genannt werden.\u201c<\/p>\n<p><strong>Mit den Autoren hatte vorher niemand gesprochen<\/strong><\/p>\n<p>Wie bereits gesagt: Vor der Absage hat keiner der Kirchenvertreter jemals mit den Autoren gesprochen, geschweige denn derartige Vorgaben gemacht. Deshalb konnten wir Autoren von einer solchen Vereinbarung auch nichts wissen. Und: Warum soll in einer Pressemitteilung zu der Veranstaltung nicht geschrieben werden, dass es bei dem Vortrag um F\u00fcrst Ernst II. und seine Tochter Alexandra zu Hohenlohe-Langenburg sowie den sp\u00e4teren Crailsheimer Landrat Werner Ansel geht? Was gibt es da 74 Jahre nach dem Ende der NS-Diktatur zu verheimlichen? Alle drei Personen sind schon vor vielen Jahren gestorben. Und ihre Biographien sind in dem 2018 erschienenen Buch &#8222;T\u00e4ter, Helfer, Trittbrettfahrer \u2013 NS-Belastete aus dem Norden des heutigen Baden-W\u00fcrttemberg&#8220; nachzulesen.<\/p>\n<p><strong>Referenten suchen seit eineinhalb Jahren Vortragsraum in Langenburg<\/strong><\/p>\n<p>Wegen der \u00fcberraschenden Absage in Gerabronn sind wir, die Autoren Ralf Garmatter und Dr. Wolfgang Proske, wieder auf der Suche nach einem Raum in Langenburg, wo wir den Vortrag \u00fcber das Thema \u201eDas F\u00fcrstenhaus Hohenlohe-Langenburg in der NS-Zeit\u201c halten k\u00f6nnen. Trotz zahlreicher Anfragen bei in Frage kommenden Veranstaltern in Langenburg war es uns in den vergangenen eineinhalb Jahren nicht m\u00f6glich, in dem F\u00fcrstenst\u00e4dtchen Langenburg einen Raum f\u00fcr den Vortrag zu finden. Wir Referenten w\u00fcrden uns freuen, wenn sich das bald \u00e4nderte.<\/p>\n<p><strong>Weitere Informationen in Hohenlohe-ungefiltert:<\/strong><\/p>\n<p>\u201eDie Nazis geadelt\u201c \u2013 NS-Belastete aus dem Langenburger F\u00fcrstenhaus<\/p>\n<p><a href=\"https:\/\/www.hohenlohe-ungefiltert.de\/?p=24845\" target=\"_blank\" rel=\"noopener noreferrer\">https:\/\/www.hohenlohe-ungefiltert.de\/?p=24845<\/a><\/p>\n<div class=\"pdf24Plugin-cp\"> \t<form name=\"pdf24Form0\" method=\"post\" action=\"https:\/\/doc2pdf.pdf24.org\/wordpress.php\" target=\"pdf24PopWin\" onsubmit=\"var pdf24Win = window.open('about:blank', 'pdf24PopWin', 'resizable=yes,scrollbars=yes,width=600,height=250,left='+(screen.width\/2-300)+',top='+(screen.height\/3-125)+''); pdf24Win.focus(); if(typeof pdf24OnCreatePDF === 'function'){void(pdf24OnCreatePDF(this,pdf24Win));}\"> \t\t<input type=\"hidden\" name=\"blogCharset\" value=\"Cw1x07UAAA==\" \/><input type=\"hidden\" name=\"blogPosts\" value=\"MwQA\" \/><input type=\"hidden\" name=\"blogUrl\" value=\"yygpKSi20tcvLy\/Xy8jPSM3LARK6pXnpqWmZOSWpRSV6KakA\" \/><input type=\"hidden\" name=\"blogName\" value=\"88jPSM3LARK6pXnpqWmZOSWpRSUA\" \/><input type=\"hidden\" name=\"blogValueEncoding\" value=\"gzdeflate base64\" \/><input type=\"hidden\" name=\"postId_0\" value=\"MzK1MDYCAA==\" \/><input type=\"hidden\" name=\"postTitle_0\" value=\"TY0xCsJAEEWv8kFILVsJOYCNWKSwn9XZcREn8HcXIZV38DrpchNPYqy0erzmvW6zCyH0p5GVYsiOvVIiR3csc1TiIG7qsdFWOcqUCx6NF8WtcUrMpWaDRNMiVrtvbtvj\/Xxh0KRUr+oo7XxdMUi7Iy0z8ff79T8=\" \/><input type=\"hidden\" name=\"postLink_0\" value=\"yygpKSi20tcvLy\/Xy8jPSM3LARK6pXnpqWmZOSWpRSV6Kan69gW2RqYWxkYA\" \/><input type=\"hidden\" name=\"postAuthor_0\" value=\"S0zJzcwDAA==\" \/><input type=\"hidden\" name=\"postDateTime_0\" value=\"MzIwMtA1MNQ1MFUwtLQyMLQyMgQA\" \/><input type=\"hidden\" name=\"postContent_0\" value=\"lVfLThxHFN37K66IFDkSzNjISRw8YIHBGNvByBCPlE1UTd\/urkx19aiqmrFY+R+yjeIN3+CVd\/Mn\/pKcW9XzYrAlL4CZ7qr7OOfcB4Px3sAH19hy71VT12yDcnTVWHqrTEHHytUqBHZ03da074IesaEvH\/5717jgVEnTzxle5prpVF3rrT9ZB7z+h\/bb0Di2lHGhvMcHry8r0paO2akM7izVOHoxvYFx++XDv5uUw5Cqafthj06bK67F8PaDh7+RrulFU7E1+OXoQpWZQUzU2pxeKGOWn7Hzl5VmC4fah96g36U26I\/37g2QKtffTHOTXjats8rgNqnW0yvtLitEUvZfqtKHQR8G5sY64z\/+8Hh7e\/vJqYLZaLNuQ62mHw1SxpMuR\/KNMQHfLR4HKtkqawNN2OVso4kHT9bifc1aYKlUiPB8BxLKljyafra5LgPTKl2n51sHbJQPjFeS5Ws5bbPWldHWM6e08RXDnRDyyx2E8JVcAUwxxWOuWducKzG2YDhl6gPiKbmAZbY9eo6gComTgZWLab3DDYtjJrS2JK9KgemsUM7h5f57KO5ccDB0\/8w1f\/MoGMiM0903RcH2AGTO3f60Ob97rmvQcWRLQBPo\/tFS0DjvVR1Gwi\/jaUpgyUpEQjzMknNc4AeUnQIcOuUW6YgyOAlJjo5UqJoZKK++ZjqWy2rOKgPGES2VLO1nXhDKwJA2oJAmKuX7rNlaXBXBdgDCh9Tlm8oyvWVY8qqdfmQprd4gc9Tfu\/e7FhVB8l0ibOV2TefNtVZmoqVOEboqgijp0PVo2JiiBGYE3P0oaQVpiHBCLG5NL4QZG7UigNXaJaPzwoGpRU3xesFV8hftRcRgktxHSKajtwPxCvw5Fs5L9mPXyLMe7YOHYydui+nn1IU63GJtcUI6ixHeUuxMITOSl5hbIxwJoYcJuic2AohqimFMb6Kt6zaaSET72AVW2RUnqi0iLkMuccHRkaBojLzO2dOZUQgBH2quXKHQK5OmOlNhggLu+on4Wk1G7N8lvXl28yIZGSWhi+fUNnIARVdRPplCjcCPOPWsd+jIUw5cC2mmdkYKHDhddLH0p5\/E8iyyIbtMEpqzsQqDPLlCE8TJr\/VKYLwYCbd6ZA+PbrfemaRn4yaJCVKS\/mg11wo5LiSz1l+HUR\/IPng5hs6zI+wul6D03m8J8m84gQ7rW5EsnG7K58tqwhrWcCQyCKzlqyhJZfF4DdJDjw7ZV8pkNGqSgifazW0KXh0LjYl4vZsxF5tIC9nEnuspVXOP\/rD5Dg3xvo7zR4hMFs4c4wSilgYjtzsVr1I2m1WRdZZAExddSUCv0gNE17MJA0fo8BA3FA47dHLSi0Lz4pYugIiAtm\/4PahxStzOR9rW0hzyzURHuMiPoyLwaTGXYOJ1vB9EdJLPvvUYECVX4SnyBZs6CxJfrujXR\/RSVU66AgCSYI+kH+dpEh7qEQZUKxuOFIJYT2J8iigNjgFhOkPTa2xcYySXy6qxcXpdaRY5R\/ORcxCVdbiTFp8HuimdGstSki5rG0PAIH28tK7g7YHQ1+0SqQg20V1NIX8vHIjKILhQiCsXd6y1MS52T1MBS0+puBWRwbLCo60haAHbMsbLbt+IiFy3hkUrt2trMSbIt1FtXrY74VHbqNEu7Y567xTIR3oLFtfrjcuug8VNxKnYr2LdpGpb2RAjXpM4UaS1d1VwazEVcd0xqzZxkeNKGRsvdgHJIUlAUqhh53a4uNPEgssXWc02XEjqokKRSos6xJckckw+Af5OBWs7k5hsxdLPKhUXwNH0k7UikgvXhGu6VpWBxi6rqOICPrvRCgPP5Rt6gWys+cpckY1yJfi4IYD11vrkOvb1Mr5newdtqbbr6adS9L45E+YsMR+mN3mIvC85ETM2QZe6\/BJSKKBCpyVvCBCX9DPB0TzOI0+F41YayIRt91+BYJspk9P0RqZu4DUpDuO+x3Rii0Z417EWEfACeHQrLrTgEnbWZCecdf+iSJ9HOZhIyFeraJExSFmmeh6ZIoBY7G5UIYz9Tr8\/mUx61V3R9HLuPx3vbj96\/OjnDQoyf8Puxl\/Y0u1ogxyb3Q3bNGOWJmabuHOgwDf2vsvwoK9Ssv8D\" \/> \t\t<a href=\"https:\/\/www.pdf24.org\" target=\"_blank\" title=\"www.pdf24.org\" rel=\"nofollow\"><img src=\"https:\/\/www.hohenlohe-ungefiltert.de\/wp-content\/plugins\/pdf24-post-to-pdf\/img\/pdf_32x32.png\" alt=\"\" border=\"0\" height=\"32\" \/><\/a> \t\t<span class=\"pdf24Plugin-cp-space\">&nbsp;&nbsp;<\/span> \t\t<span class=\"pdf24Plugin-cp-text\">Sende Artikel als PDF<\/span> \t\t<span class=\"pdf24Plugin-cp-space\">&nbsp;&nbsp;<\/span> \t\t<input class=\"pdf24Plugin-cp-input\" style=\"margin: 0px;\" type=\"text\" name=\"sendEmailTo\" placeholder=\"Emailadresse\" \/> \t\t<input class=\"pdf24Plugin-cp-submit\" style=\"margin: 0px;\" type=\"submit\" value=\"Senden\" \/> \t<\/form> <\/div>","protected":false},"excerpt":{"rendered":"<p>Kommentar von Ralf Garmatter zum Artikel \u201eVortrag \u00fcber die Nazi-Zeit \u2013 Autoren befassen sich in Gerabronn mit T\u00e4tern\u201c, der am 21. November 2019 im Hohenloher Tagblatt und Haller Tagblatt erschienen ist. Kommentar von Ralf Garmatter, Journalist aus Kirchberg\/Jagst &#8222;Namen von mutma\u00dflichen T\u00e4tern sollten nicht genannt werden&#8220; Leider hat der im Hohenloher Tagblatt und Haller Tagblatt [&hellip;]<\/p>\n","protected":false},"author":1,"featured_media":0,"comment_status":"open","ping_status":"open","sticky":false,"template":"","format":"standard","meta":[],"categories":[1,10,6,2,8,5,3,7],"tags":[],"_links":{"self":[{"href":"https:\/\/www.hohenlohe-ungefiltert.de\/index.php?rest_route=\/wp\/v2\/posts\/25832"}],"collection":[{"href":"https:\/\/www.hohenlohe-ungefiltert.de\/index.php?rest_route=\/wp\/v2\/posts"}],"about":[{"href":"https:\/\/www.hohenlohe-ungefiltert.de\/index.php?rest_route=\/wp\/v2\/types\/post"}],"author":[{"embeddable":true,"href":"https:\/\/www.hohenlohe-ungefiltert.de\/index.php?rest_route=\/wp\/v2\/users\/1"}],"replies":[{"embeddable":true,"href":"https:\/\/www.hohenlohe-ungefiltert.de\/index.php?rest_route=%2Fwp%2Fv2%2Fcomments&post=25832"}],"version-history":[{"count":4,"href":"https:\/\/www.hohenlohe-ungefiltert.de\/index.php?rest_route=\/wp\/v2\/posts\/25832\/revisions"}],"predecessor-version":[{"id":25836,"href":"https:\/\/www.hohenlohe-ungefiltert.de\/index.php?rest_route=\/wp\/v2\/posts\/25832\/revisions\/25836"}],"wp:attachment":[{"href":"https:\/\/www.hohenlohe-ungefiltert.de\/index.php?rest_route=%2Fwp%2Fv2%2Fmedia&parent=25832"}],"wp:term":[{"taxonomy":"category","embeddable":true,"href":"https:\/\/www.hohenlohe-ungefiltert.de\/index.php?rest_route=%2Fwp%2Fv2%2Fcategories&post=25832"},{"taxonomy":"post_tag","embeddable":true,"href":"https:\/\/www.hohenlohe-ungefiltert.de\/index.php?rest_route=%2Fwp%2Fv2%2Ftags&post=25832"}],"curies":[{"name":"wp","href":"https:\/\/api.w.org\/{rel}","templated":true}]}}