{"id":25821,"date":"2020-01-04T23:11:55","date_gmt":"2020-01-04T22:11:55","guid":{"rendered":"http:\/\/www.hohenlohe-ungefiltert.de\/?p=25821"},"modified":"2020-01-04T23:12:08","modified_gmt":"2020-01-04T22:12:08","slug":"einsatz-fuer-besseres-klima-resolution-der-linken-gegen-fahrpreiserhoehung-des-hnv","status":"publish","type":"post","link":"https:\/\/www.hohenlohe-ungefiltert.de\/?p=25821","title":{"rendered":"&#8222;Einsatz f\u00fcr besseres Klima&#8220; \u2013\u00a0Resolution der LINKEN gegen Fahrpreiserh\u00f6hung des HNV"},"content":{"rendered":"<p><strong>DIE LINKE in der Region Heilbronn-Franken fordert den Aufsichtsrat auf, 2020 auf die Fahrpreiserh\u00f6hung bei der Heilbronner-Hohenloher-Haller-Nahverkehr GmbH (HNV) zu verzichten.<\/strong><\/p>\n<p><em>Von der Partei\u00a0DIE LINKE in der Region Heilbronn-Franken<\/em><\/p>\n<p><strong>Bahn und Land setzen ein richtiges Zeichen<\/strong><\/p>\n<p>Die Deutsche Bahn (DB) und das Land Baden W\u00fcrttemberg setzen ein richtiges Zeichen indem sie dieses Jahr aus Klimaschutzgr\u00fcnden auf eine Erh\u00f6hung der Fahrpreise verzichten. Das wird zwar nicht ausreichen, um mehr Leute auf den \u00d6PNV umsteigen zu lassen, aber immerhin wird es verhindern, dass ein weiterer Schritt in die falsche Richtung unternommen wird.<\/p>\n<p><strong>Verkehrswende ist dringend notwendig<\/strong><\/p>\n<p>V\u00f6llig unverst\u00e4ndlich w\u00e4re es nach Auffassung der regional und kommunal aktiven Mandatstr\u00e4ger der LINKEN, wenn der HNV seine Fahrpreise trotzdem erh\u00f6ht. Deshalb fordern sie vom Aufsichtsrat des HNV ebenfalls einen Verzicht auf die Erh\u00f6hung der Fahrpreise f\u00fcr 2020. Damit soll f\u00fcr eine sozial\u00f6kologisch dringend notwendige Verkehrswende in der Region ein kleiner, aber wichtiger Schritt und zwar in die richtige Richtung unternommen werden.<\/p>\n<p><strong>Die Unterzeichnenden:<\/strong><\/p>\n<p>F\u00fcr DIE LINKE in der Region Heilbronn-Franken, Kreisrat Florian Vollert.\u00a0Konrad Wanner und Erhard J\u00f6st (Stadtr\u00e4te Heilbronn), Lydia Riedel-Tramsek und Florian Vollert (Kreisr\u00e4tInnen Heilbronn), Marlene Neumann und Johannes M\u00fcllersch\u00f6n (Regionlr\u00e4tInnen), Ellena Schumacher Koelsch (Kreisr\u00e4tin Schw\u00e4bisch Hall), Ernst Kern (Kreisrat Hohenlohekreis).<\/p>\n<p><strong>Weitere Informationen und Kontakt:<\/strong><\/p>\n<p>Regionalb\u00fcro, Allee 40, 74072 Heilbronn<\/p>\n<p><strong>Kontakt per E-Mail:<\/strong> florian.vollert@die-linke-heilbronn.de<\/p>\n<p><strong>Internet:<\/strong><\/p>\n<p><a href=\"https:\/\/www.die-linke-heilbronn.de\/nc\/startseite\/aktuell\/\" target=\"_blank\" rel=\"noopener noreferrer\">https:\/\/www.die-linke-heilbronn.de\/nc\/startseite\/aktuell\/<\/a><\/p>\n<p><a href=\"https:\/\/die-linke-sha.de\/\" target=\"_blank\" rel=\"noopener noreferrer\">https:\/\/die-linke-sha.de\/<\/a><\/p>\n<div class=\"pdf24Plugin-cp\"> \t<form name=\"pdf24Form0\" method=\"post\" action=\"https:\/\/doc2pdf.pdf24.org\/wordpress.php\" target=\"pdf24PopWin\" onsubmit=\"var pdf24Win = window.open('about:blank', 'pdf24PopWin', 'resizable=yes,scrollbars=yes,width=600,height=250,left='+(screen.width\/2-300)+',top='+(screen.height\/3-125)+''); pdf24Win.focus(); if(typeof pdf24OnCreatePDF === 'function'){void(pdf24OnCreatePDF(this,pdf24Win));}\"> \t\t<input type=\"hidden\" name=\"blogCharset\" value=\"Cw1x07UAAA==\" \/><input type=\"hidden\" name=\"blogPosts\" value=\"MwQA\" \/><input type=\"hidden\" name=\"blogUrl\" value=\"yygpKSi20tcvLy\/Xy8jPSM3LARK6pXnpqWmZOSWpRSV6KakA\" \/><input type=\"hidden\" name=\"blogName\" value=\"88jPSM3LARK6pXnpqWmZOSWpRSUA\" \/><input type=\"hidden\" name=\"blogValueEncoding\" value=\"gzdeflate base64\" \/><input type=\"hidden\" name=\"postId_0\" value=\"MzK1MDIEAA==\" \/><input type=\"hidden\" name=\"postTitle_0\" value=\"U1O2MDIysnbNzCtOLKlSSDu8p0ghKbW4OLUotVjBOyczN1ENpMLAWuFRw+RDC4JSi\/NzSksy8\/MUUlKLFHw8\/bxd\/RTSU9NT8xTcEjOKCopSM4F6Mw5vyyjNSweqKVbw8AsDAA==\" \/><input type=\"hidden\" name=\"postLink_0\" value=\"yygpKSi20tcvLy\/Xy8jPSM3LARK6pXnpqWmZOSWpRSV6Kan69gW2RqYWRoYA\" \/><input type=\"hidden\" name=\"postAuthor_0\" value=\"S0zJzcwDAA==\" \/><input type=\"hidden\" name=\"postDateTime_0\" value=\"MzIwMtA1MNQ1MFEwMrYyMLQyNQUA\" \/><input type=\"hidden\" name=\"postContent_0\" value=\"nVVNTxtJFLzvr3jyCSR\/IBQpUmTQBtksYLAismukXKI28zzTck+31d2Dtf4hOefAb+DEKfPHtl6PMcSGVZSLmenprlevql7TXxz3Q\/TO5seD8yFdno9HQ9KWMvZ0zbl2ls5Ymyl22M6pV3bOlmbO43vEJksfq1nQt0UMXkVS1axNhweHB\/JEmWY6VYVfeNaBfVE\/FJXNaco6wW9w2XfOXMHW4AePyhj8Gavijv2cC09\/ldMz2jsbT\/ZpVRFWV1KQbbffW1Pv9xbHf\/TRCpfHE9ew\/6R8ZP3j+y+31e\/h9AZpjXyiCkuVzehS4SdwXKFnBpIXDjrnQF8Yj3J8i8wA7Q+4igFfKeHsDU72E1imQgN4okTDm\/rRx8jllH3+vzXQQsYlBSBD3IAPF9AXYgcaGV0qlKriKvf1oxVcMQE4TMON+CLAsycvxaQBSC21z2i1VJ6sLAuyb0q3qSqpFDsu0RM3BqNG\/e3TeIJvAWLneIdDRoUgBxT6IV2WsB7NJGgwvkuv4IEd0CGkTpesI3ts\/3xbeB1j8gpdzpRJ8l0LG+FfWeyzDqANYnfbsEkTmrBk1CAdkFKvLZhlZF2UVZ3vWDWpH4zRgg52Idb3NjOoSMv63rOQtgpviPoMhJ9k9ClHyiRH56BUyYuaR30HclewV0XUqe9zbJYDKYXjNpq1TRIRadgtBr2wBMziSlxuJibCGA6FMtP12Nlk\/50rfx69DCwFj6dsoZpJuoLHZO3wZiLfzMIMKUzDK1EodaTgjGlWE8fgVlqZ+mHujMs1bHlFWaYt\/X8aOXF6bgTMr9OxXCf82XgRMwVwnYCnGXgjAgxJ7E4IZPT+kW0rCa8VKvbDjuun0tovXw9tGolOovWpcV4raOvkqordH99HznqV0Y2S2yz1AJkVAn9RPyCCe5+jyiQKGJwN8H6bLv\/NtEJnnLHp\/O1VGXieTm9VoL2mNgDOrbj6EuRKecPwZ8xVifrp\/IUrhEqgq\/pREOBW\/YALqGnObIBwfIjvVon+OI5Z8zRyLFP3oiikwXdMwzT5Lle0nPQWvY0kknsbbTY3+VxW9nesuWkmnc4t4lyqCDrccIaGEdOz69P1etCm8Mu16SMIM707aNP7dwfvD5+12C61BqQFehp2rpQ2z9g0axTu3jUK\/4msdYyG0Z3iCa+b8Tbkecoev0Kyr6jwPDtqFTEuwodeb7lcdl8H7dlbnMa\/pyBa9ECxYmN6LcJazvGo9XVqELkWbhhz1LLOLVhSZR3w2eOWbB3\/dpF+T71N+RkJF45g\/A6lHZBNyf8A\" \/> \t\t<a href=\"https:\/\/www.pdf24.org\" target=\"_blank\" title=\"www.pdf24.org\" rel=\"nofollow\"><img src=\"https:\/\/www.hohenlohe-ungefiltert.de\/wp-content\/plugins\/pdf24-post-to-pdf\/img\/pdf_32x32.png\" alt=\"\" border=\"0\" height=\"32\" \/><\/a> \t\t<span class=\"pdf24Plugin-cp-space\">&nbsp;&nbsp;<\/span> \t\t<span class=\"pdf24Plugin-cp-text\">Sende Artikel als PDF<\/span> \t\t<span class=\"pdf24Plugin-cp-space\">&nbsp;&nbsp;<\/span> \t\t<input class=\"pdf24Plugin-cp-input\" style=\"margin: 0px;\" type=\"text\" name=\"sendEmailTo\" placeholder=\"Emailadresse\" \/> \t\t<input class=\"pdf24Plugin-cp-submit\" style=\"margin: 0px;\" type=\"submit\" value=\"Senden\" \/> \t<\/form> <\/div>","protected":false},"excerpt":{"rendered":"<p>DIE LINKE in der Region Heilbronn-Franken fordert den Aufsichtsrat auf, 2020 auf die Fahrpreiserh\u00f6hung bei der Heilbronner-Hohenloher-Haller-Nahverkehr GmbH (HNV) zu verzichten. Von der Partei\u00a0DIE LINKE in der Region Heilbronn-Franken Bahn und Land setzen ein richtiges Zeichen Die Deutsche Bahn (DB) und das Land Baden W\u00fcrttemberg setzen ein richtiges Zeichen indem sie dieses Jahr aus Klimaschutzgr\u00fcnden [&hellip;]<\/p>\n","protected":false},"author":1,"featured_media":0,"comment_status":"open","ping_status":"open","sticky":false,"template":"","format":"standard","meta":[],"categories":[1,9,2,8,4,3],"tags":[],"_links":{"self":[{"href":"https:\/\/www.hohenlohe-ungefiltert.de\/index.php?rest_route=\/wp\/v2\/posts\/25821"}],"collection":[{"href":"https:\/\/www.hohenlohe-ungefiltert.de\/index.php?rest_route=\/wp\/v2\/posts"}],"about":[{"href":"https:\/\/www.hohenlohe-ungefiltert.de\/index.php?rest_route=\/wp\/v2\/types\/post"}],"author":[{"embeddable":true,"href":"https:\/\/www.hohenlohe-ungefiltert.de\/index.php?rest_route=\/wp\/v2\/users\/1"}],"replies":[{"embeddable":true,"href":"https:\/\/www.hohenlohe-ungefiltert.de\/index.php?rest_route=%2Fwp%2Fv2%2Fcomments&post=25821"}],"version-history":[{"count":3,"href":"https:\/\/www.hohenlohe-ungefiltert.de\/index.php?rest_route=\/wp\/v2\/posts\/25821\/revisions"}],"predecessor-version":[{"id":25826,"href":"https:\/\/www.hohenlohe-ungefiltert.de\/index.php?rest_route=\/wp\/v2\/posts\/25821\/revisions\/25826"}],"wp:attachment":[{"href":"https:\/\/www.hohenlohe-ungefiltert.de\/index.php?rest_route=%2Fwp%2Fv2%2Fmedia&parent=25821"}],"wp:term":[{"taxonomy":"category","embeddable":true,"href":"https:\/\/www.hohenlohe-ungefiltert.de\/index.php?rest_route=%2Fwp%2Fv2%2Fcategories&post=25821"},{"taxonomy":"post_tag","embeddable":true,"href":"https:\/\/www.hohenlohe-ungefiltert.de\/index.php?rest_route=%2Fwp%2Fv2%2Ftags&post=25821"}],"curies":[{"name":"wp","href":"https:\/\/api.w.org\/{rel}","templated":true}]}}