{"id":25787,"date":"2019-12-19T19:47:57","date_gmt":"2019-12-19T18:47:57","guid":{"rendered":"http:\/\/www.hohenlohe-ungefiltert.de\/?p=25787"},"modified":"2019-12-19T19:48:04","modified_gmt":"2019-12-19T18:48:04","slug":"ackerbaustrategie-maerchenstunde-statt-problemloesung-kommentar-des-bundestagsabgeordneten-harald-ebner-gruene","status":"publish","type":"post","link":"https:\/\/www.hohenlohe-ungefiltert.de\/?p=25787","title":{"rendered":"&#8222;Ackerbaustrategie: M\u00e4rchenstunde statt Probleml\u00f6sung&#8220; \u2013 Kommentar des Bundestagsabgeordneten Harald Ebner (Gr\u00fcne)"},"content":{"rendered":"<p><strong>Zur heute (19. Dezember 2019) vorgestellten Ackerbaustrategie des Bundesministeriums f\u00fcr Landwirtschaft und Ern\u00e4hrung geben Harald Ebner, Sprecher f\u00fcr Gentechnik- und Bio\u00f6konomiepolitik, und Friedrich Ostendorff, Sprecher f\u00fcr Agrarpolitik der Bundestagsfraktion B\u00fcndnis 90\/Die Gr\u00fcnen eine gemeinsame Erkl\u00e4rung ab. Harald Ebner ist Abgeordneter des Wahlkreises Schw\u00e4bisch Hall-Hohenlohe. Hohenlohe-ungefiltert dokumentiert die Erkl\u00e4rung in voller L\u00e4nge.<\/strong><\/p>\n<p><em>Erkl\u00e4rung von Harald Ebner, Sprecher f\u00fcr Gentechnik- und Bio\u00f6konomiepolitik, und Friedrich Ostendorff, Sprecher f\u00fcr Agrarpolitik der Bundestagsfraktion B\u00fcndnis 90\/Die Gr\u00fcnen<\/em><\/p>\n<p><strong>Von\u00a0Agrarwende keine Spur<\/strong><\/p>\n<p>Dass aus dem Hause Kl\u00f6ckner noch einmal Zukunftsvisionen kommen, damit h\u00e4tten wir ohnehin nicht gerechnet. Aber die Vorstellung der Ackerbaustrategie heute war eine ambitionslose M\u00e4rchenstunde \u2013 von der dringend n\u00f6tigen echten Agrarwende gibt es nach wie vor keine Spur.<\/p>\n<p><strong>Zur Pestizidreduktion keine verbindlichen Ziele<\/strong><\/p>\n<p>Es gibt so gut wie keine konkreten Ma\u00dfnahmen, immer noch keine Umverteilung der Agrar-Milliarden f\u00fcr Umweltma\u00dfnahmen, statt f\u00fcr schiere Fl\u00e4chengr\u00f6\u00dfe. Das ist gesellschaftlich absolut nicht mehr vermittelbar. Zur Pestizidreduktion nennt Kl\u00f6ckner nicht einmal verbindliche Ziele, geschweige denn konkrete Ma\u00dfnahmen. Selbst gef\u00e4hrliche Pestizide will sie auch in zehn Jahren noch nicht von den \u00c4ckern verbannen.<\/p>\n<p><strong>Agrarministerin verst\u00f6\u00dft gegen Koalitionsvertrag<\/strong><\/p>\n<p>In Sachen Gentechnik ist Kl\u00f6ckner jetzt v\u00f6llig unverbl\u00fcmt auf Lobbykurs und fordert offen Deregulierung. Damit verst\u00f6\u00dft die Agrarministerin gegen den Koalitionsvertrag und stellt sich gegen die Interessen von \u00d6kosystem, Verbraucherinnen und Verbrauchern aber auch B\u00e4uerinnen und Bauern, die in Deutschland und Europa sehr gut mit dem Erfolgsmodell gentechnikfreier Landwirtschaft fahren.<\/p>\n<p><strong>Digitalisierung ist nicht die alleinige L\u00f6sung<\/strong><\/p>\n<p>Statt auf Nachhaltigkeit setzt die Ackerbaustrategie auf Export, mit der absurden Rechtfertigung, damit einen Beitrag zur Weltern\u00e4hrung zu leisten. Doch am deutschen Billig-Schweinefleisch wird die Welt ganz sicher nicht genesen.\u00a0Uns\u00e4glich ist auch, dass die Agrarministerin vorgibt, alle Probleme in der Landwirtschaft durch Digitalisierung l\u00f6sen zu wollen. Das ist ein Trugschluss. Das Summen der Drohnen \u00fcber dem Acker statt echtem Leben und Vielfalt kann nicht die zentrale L\u00f6sung sein.<\/p>\n<p><strong>Ackerbau und Tierhaltung verbinden<\/strong><\/p>\n<p>Stattdessen braucht es Ma\u00dfnahmen und Ziele. Wo \u00fcberhaupt konkrete Ziele genannt werden, sind die jedoch vollkommen unambitioniert und unzureichend: so will Kl\u00f6ckner etwa erst bis 2030 ein auch f\u00fcr den Klimaschutz wichtiges Humus-Gleichgewicht \u201eanstreben\u201c.\u00a0Der Strukturbruch in der Tierhaltung wird weder benannt noch adressiert, dabei ist die Verbindung von Ackerbau und Tierhaltung die elementarste Grundlage landwirtschaftlicher Erzeugung.<\/p>\n<p><strong>Systemische Betrachtung fehlt<\/strong><\/p>\n<p>Es werden zwar auch einige Herausforderungen richtig benannt, aber die falschen Konsequenzen daraus gezogen. Wirksame Gegenstrategien fehlen. Es fehlt vor allem eine systemische Betrachtung und eine Neuausrichtung der Landwirtschaft. B\u00e4uerinnen und Bauern brauchen jetzt Planungssicherheit. Wir brauchen einen Systemwechsel hin zu mehr Regionalit\u00e4t und Qualit\u00e4tserzeugung. Das muss sich auch auf dem Acker widerspiegeln.<\/p>\n<p><strong>Zum Herunderladen: <\/strong><\/p>\n<p><strong>Bundesministerium Ern\u00e4hrung und Landwirtschaft (BMEL): Diskussionspapier \u2013\u00a0Ackerbaustrategie 2035<\/strong><\/p>\n<p><a href=\"https:\/\/www.bmel.de\/SharedDocs\/Downloads\/Landwirtschaft\/ackerbaustrategie.pdf?__blob=publicationFile\" target=\"_blank\" rel=\"noopener noreferrer\">https:\/\/www.bmel.de\/SharedDocs\/Downloads\/Landwirtschaft\/ackerbaustrategie.pdf?__blob=publicationFile<\/a><\/p>\n<p><strong>Weitere Informationen und Kontakt:<\/strong><\/p>\n<p>&nbsp;<\/p>\n<p>B\u00fcro Harald Ebner MdB<\/p>\n<p>E-Mail: harald.ebner@bundestag.de<\/p>\n<p>Telefon: 030-227-73028<\/p>\n<div class=\"pdf24Plugin-cp\"> \t<form name=\"pdf24Form0\" method=\"post\" action=\"https:\/\/doc2pdf.pdf24.org\/wordpress.php\" target=\"pdf24PopWin\" onsubmit=\"var pdf24Win = window.open('about:blank', 'pdf24PopWin', 'resizable=yes,scrollbars=yes,width=600,height=250,left='+(screen.width\/2-300)+',top='+(screen.height\/3-125)+''); pdf24Win.focus(); if(typeof pdf24OnCreatePDF === 'function'){void(pdf24OnCreatePDF(this,pdf24Win));}\"> \t\t<input type=\"hidden\" name=\"blogCharset\" value=\"Cw1x07UAAA==\" \/><input type=\"hidden\" name=\"blogPosts\" value=\"MwQA\" \/><input type=\"hidden\" name=\"blogUrl\" value=\"yygpKSi20tcvLy\/Xy8jPSM3LARK6pXnpqWmZOSWpRSV6KakA\" \/><input type=\"hidden\" name=\"blogName\" value=\"88jPSM3LARK6pXnpqWmZOSWpRSUA\" \/><input type=\"hidden\" name=\"blogValueEncoding\" value=\"gzdeflate base64\" \/><input type=\"hidden\" name=\"postId_0\" value=\"MzI1tzAHAA==\" \/><input type=\"hidden\" name=\"postTitle_0\" value=\"FcvBCQIxEAXQVgaERW+yJ3FPCqKwCLYw2XyimExgMrnbgy1Ygydv6cRKdN\/9dYtN3\/fDbrpDHddiyoZww5bO7aXTFVKsigcVYzO6aHYRKbZ3qRK6Oa8H+j6eNOaUIMZKHoX28\/mXUNgFZPUCg9CJlaOngxMoLY\/aPoLVDw==\" \/><input type=\"hidden\" name=\"postLink_0\" value=\"yygpKSi20tcvLy\/Xy8jPSM3LARK6pXnpqWmZOSWpRSV6Kan69gW2RqbmFuYA\" \/><input type=\"hidden\" name=\"postAuthor_0\" value=\"S0zJzcwDAA==\" \/><input type=\"hidden\" name=\"postDateTime_0\" value=\"MzIwtNQ1NNI1tFQwtLQyNLIyNQcA\" \/><input type=\"hidden\" name=\"postContent_0\" value=\"1VfLbhzHFd3nKwpcBDbAmZFlBLYYiokIUo+IdGSPJALaGNXs293lqa6a1ENjz8oL\/4GBrALbC34DV1q5\/8RfknNvzXCGHGobIBtRPV2Pe88599zbh\/Ojw5iCd+3RuxxURzmR+uSzR2N1QkvqKwrq4YPPHn2q3vvQUkxkbSKnnlzOKFQ6Y6tO1BpSNUV1nB3+9MYZLAwm91E1w4egzrSrFyakeNnpJimsUqfBDVddyK5VLVU48bkO2uL3ylHYV9N5oMsOl8v+Z+QSHp2ZjWTzsfHD9cw73xuae2uSme3Li6fBUB3MZaf+iQhc7UPT3D3sSRt0WO1C1GEVddJtbIKeJeOdOh4+uBpZqEcPJidI7lnADwiSjCPE2+Nv1D0hi5kdriQLXY1v5aCAgXpSteRD7QhwCEIXurOzQCbi\/9PLbjFcVQaoYKe1o+e+I2fxD05a\/3eEs6kxAD0kVftZ7oGFkQdz637jQJG1uOdsuMKe8eFkxevhZH70p0PwTP3R1ob3\/v8D9MMJ4r7JYZXTW+9+\/00OXeBGUjNhZjrPYSftEx2jglJxbY+EcyT10g7XlzMmyXmEjb29tupdnmXXpPjeRIQDtme+B9r7qta9SaobrhJLH0JWvnPUAXGHrBMEwamC5DEIZ6IR\/FsfpFgYac53t2BKqS10KKrSfWUYhmg9IjwHSUDPxcQ4qT9+\/Fn44pMANegF7m64TqZlVSIIrskNHK2pkoLEnEZ6C1yG6t3CaHwXTi79V6DDLE0dqM6FkLLhPeI2rraG41HvDFnawfg0liujV21OcmPZDL1A7hzduR5+dboTQA1wXWFflr3pcUsis4GLcxmdG2uNDjW2i4re9Auyqd86CQpKqbxEGaEuSD2FwDnUNgzXw6+oJQhAihH2BUKKB3E2KNnoLcItLPbUBU4WXIO4Soexuh8WSMOlbQ3J9pWIttEqYO3zxSh1AlfIzbkbULYwGasp7pQgG\/bFsn99N2QCJFQErDojcChvSZ1T\/9BdADYCZImiiMSp4SfWm5NwtEPEO5QLwjdWLStjYsQ4BlbVS69tUSRzE3S7w\/oLp6ZaVLHxCkF6g813lJaIargGkS3cguOxw4c+IZFGnfmq+mGWQxQfaeCUbGy+aXDkCbhsswWl0ASTyDW4FSQX2d0cSuD1fcHLDaV9AUfgtVqLU14g9kAxkhP4hn\/PfPwBS\/t99RbhBoacj2dL4FO2fnTQELIUUo6Hq7y97Fjjkd0DVxjOJ3P\/s2iFpQHm4OdaRVYd1wynxw51Ghpv29j7GrEiyjWwDboG7bTSRhSwQ+6JaU0CArHAJ6QUgXA06DVQK8vxbLiOeL\/D7FTKiin6CgR32sJoUKmATvgU7HcMjZeffj\/3Ie2vsglcYlnq9xs2qQZcmBYXrj2Vix\/Gj5OZoiXK7YK41d3MBsusECu3FUiAZa57nCtI8kb2h3Y0lepy1PBSMbxQS4x8mGq1WwrlN6UKUGEFbvz7b29cHK5aMQOGiHnk0NAw7pMXj0BwuX0BUL0KvrIYBZjcepeZOsPA1V0iUBisM6S14GbtNu6EBNTrkFvWSI6xvJhm7kBy\/EngpgN5fpAWA6UIAysHlBbQqzMZpUSksJ4GvKkZyn+L+yUEhZ5\/Qz0YNfeYw4pcOeo1YmcJyNBQ7I278n2SqUsZlfKQDrSxODlLHHGsLnzJo9N5njZ+KG+ZHs0OuyBWDjweF0rs31HNEuAxp7RmHLlumzISZaktyIikWdUH3JDEOjeORGmhFduIwuSF2fbzBwK9lLD0EbEPa3oNJnJaYj9SQbFE9Tz3OY6eWT69JfkdnfkXjS4dGPg\/fvwPNAXjUtMU0CwyfGJl18zgNo4i0QXxz9UqXXFxXbMTcTKsw4qMaEMGioL8enL7KEO8lliXLmkeQTBGYYnVqHZ7S6G2lMRpWFLmmtwRwVRMkCuKUKJQDfLlGxrqbLpvBCiEqSXPNILnymWeE\/QQi73zOOtUKJiuc98vNsqhQ7Oltl\/Cu+lfmdySC0DzCVDG0rdcNBcmzGQAf8YufmNBTmLjBYhGwpTBh8u1L1NW\/EhOjKIs+IoybpL41rPI7cIef8ToV6LHb6XnvQLaOCEW5+lgcRL2ZlnxvgLyAvWL4UTxTAlvkFHkG2TkHbcxDJ5y0dd59RTphjSxCcgylq4msLMRbwxigfkhxLkBUtbdM\/n1zA9PmcFq0Hegdj8cVs87n3fbX3Ec4B0L\/OT4\/PTs0wOYYJwhQu7Gcz3nLoZ5FuP7TgdBNf5l93at0OOax3tdSvN4MJksFotx1ZMd1zSZdhqDGTpDnJz4Bb6YdB0nt8OY6Lv3jOd187dvv62srx7Pc4VC0GwhT42lPYWqaSk93sNr7WZ7KpB9vOe8n1P5XkAoFAKFvaP\/RTyHE71DwwW0xIPuC4eS6mXpSomomYSPqYMdDP\/sqjj\/6\/oJH1rB3\/5YPa+Pbwp5dK6NPVCdvB8Tv\/97tf5cQ5Lrha9hM42HYOCho4cPvxh98fmDh1\/K2\/8C\" \/> \t\t<a href=\"https:\/\/www.pdf24.org\" target=\"_blank\" title=\"www.pdf24.org\" rel=\"nofollow\"><img src=\"https:\/\/www.hohenlohe-ungefiltert.de\/wp-content\/plugins\/pdf24-post-to-pdf\/img\/pdf_32x32.png\" alt=\"\" border=\"0\" height=\"32\" \/><\/a> \t\t<span class=\"pdf24Plugin-cp-space\">&nbsp;&nbsp;<\/span> \t\t<span class=\"pdf24Plugin-cp-text\">Sende Artikel als PDF<\/span> \t\t<span class=\"pdf24Plugin-cp-space\">&nbsp;&nbsp;<\/span> \t\t<input class=\"pdf24Plugin-cp-input\" style=\"margin: 0px;\" type=\"text\" name=\"sendEmailTo\" placeholder=\"Emailadresse\" \/> \t\t<input class=\"pdf24Plugin-cp-submit\" style=\"margin: 0px;\" type=\"submit\" value=\"Senden\" \/> \t<\/form> <\/div>","protected":false},"excerpt":{"rendered":"<p>Zur heute (19. Dezember 2019) vorgestellten Ackerbaustrategie des Bundesministeriums f\u00fcr Landwirtschaft und Ern\u00e4hrung geben Harald Ebner, Sprecher f\u00fcr Gentechnik- und Bio\u00f6konomiepolitik, und Friedrich Ostendorff, Sprecher f\u00fcr Agrarpolitik der Bundestagsfraktion B\u00fcndnis 90\/Die Gr\u00fcnen eine gemeinsame Erkl\u00e4rung ab. Harald Ebner ist Abgeordneter des Wahlkreises Schw\u00e4bisch Hall-Hohenlohe. Hohenlohe-ungefiltert dokumentiert die Erkl\u00e4rung in voller L\u00e4nge. Erkl\u00e4rung von Harald Ebner, [&hellip;]<\/p>\n","protected":false},"author":1,"featured_media":0,"comment_status":"open","ping_status":"open","sticky":false,"template":"","format":"standard","meta":[],"categories":[1,9,2,8,4,3],"tags":[],"_links":{"self":[{"href":"https:\/\/www.hohenlohe-ungefiltert.de\/index.php?rest_route=\/wp\/v2\/posts\/25787"}],"collection":[{"href":"https:\/\/www.hohenlohe-ungefiltert.de\/index.php?rest_route=\/wp\/v2\/posts"}],"about":[{"href":"https:\/\/www.hohenlohe-ungefiltert.de\/index.php?rest_route=\/wp\/v2\/types\/post"}],"author":[{"embeddable":true,"href":"https:\/\/www.hohenlohe-ungefiltert.de\/index.php?rest_route=\/wp\/v2\/users\/1"}],"replies":[{"embeddable":true,"href":"https:\/\/www.hohenlohe-ungefiltert.de\/index.php?rest_route=%2Fwp%2Fv2%2Fcomments&post=25787"}],"version-history":[{"count":3,"href":"https:\/\/www.hohenlohe-ungefiltert.de\/index.php?rest_route=\/wp\/v2\/posts\/25787\/revisions"}],"predecessor-version":[{"id":25790,"href":"https:\/\/www.hohenlohe-ungefiltert.de\/index.php?rest_route=\/wp\/v2\/posts\/25787\/revisions\/25790"}],"wp:attachment":[{"href":"https:\/\/www.hohenlohe-ungefiltert.de\/index.php?rest_route=%2Fwp%2Fv2%2Fmedia&parent=25787"}],"wp:term":[{"taxonomy":"category","embeddable":true,"href":"https:\/\/www.hohenlohe-ungefiltert.de\/index.php?rest_route=%2Fwp%2Fv2%2Fcategories&post=25787"},{"taxonomy":"post_tag","embeddable":true,"href":"https:\/\/www.hohenlohe-ungefiltert.de\/index.php?rest_route=%2Fwp%2Fv2%2Ftags&post=25787"}],"curies":[{"name":"wp","href":"https:\/\/api.w.org\/{rel}","templated":true}]}}