{"id":2578,"date":"2009-06-27T10:19:41","date_gmt":"2009-06-27T09:19:41","guid":{"rendered":"http:\/\/www.hohenlohe-ungefiltert.de\/?p=2578"},"modified":"2009-06-27T10:21:16","modified_gmt":"2009-06-27T09:21:16","slug":"ernuchterung-nach-zwei-jahrzehnten-privatisierung","status":"publish","type":"post","link":"https:\/\/www.hohenlohe-ungefiltert.de\/?p=2578","title":{"rendered":"Ern\u00fcchterung nach zwei Jahrzehnten Privatisierung"},"content":{"rendered":"<p><strong>Folgende zwei Artikel besch\u00e4ftigen sich mit den Folgen der Privatisierungswelle seit Mitte der 1980er Jahre in Deutschland. Den Schluss, zu dem die Autoren kommen, kann eigentlich niemanden \u00fcberraschen. Lesenswert.<\/strong><\/p>\n<p><em>Gefunden von Axel Wiczorke, Hohenlohe-ungefiltert<\/em><\/p>\n<p>Nach zwei Jahrzehnten Privatisierung ist Ern\u00fcchterung eingezogen. Diese Bilanz ziehen die SPD-nahe Friedrich-Ebert-Stiftung und die Dienstleistungsgewerkschaft Verdi in einem Memorandum, das sie als \u201cDenkansto\u00df\u201d verstehen. Demnach gingen alle Privatisierungen zu Lasten der Besch\u00e4ftigten. So seien Arbeitspl\u00e4tze verloren gegangen, es sei zu einer Erosion von Tarifstandards und zu einer Arbeitsverdichtung gekommen. \u201cWesentliche Privatisierungsziele wurden nicht erreicht\u201d, schreiben die Autoren. Vielfach seien weder die Preise gesunken, noch die Qualit\u00e4t der Leistungen gestiegen.<br \/>\n<a href=\"http:\/\/www.fr-online.de\/in_und_ausland\/wirtschaft\/aktuell\/?em_cnt=1811987&#038;\">http:\/\/www.fr-online.de\/in_und_ausland\/wirtschaft\/aktuell\/?em_cnt=1811987&#038;<\/a><\/p>\n<p>Die Kommunen wollen \u00f6ffentliche Daseinsvorsorge, wirtschaftliche Leistungsf\u00e4higkeit, Klimaschutz, Besch\u00e4ftigungspolitik und regionale Wirtschaftsf\u00f6rderung unter einen Hut bringen. Nur eine ausgewogene Ber\u00fccksichtigung wirtschaftlicher, politischer, sozialer und \u00f6kologischer Kriterien bei Privatisierungsentscheidungen kann sicherstellen, dass dieses anspruchsvolle Ziel erreicht wird.<br \/>\nDas best\u00e4tigen die \u00fcberwiegend negativen Erfahrungen mit Privatisierungen in den letzten 20 Jahren. Der Beitrag bilanziert diese Erfahrungen am Beispiel der Energieversorgung und ist ein Pl\u00e4doyer f\u00fcr starke, b\u00fcrgernahe und transparente Stadtwerke.<br \/>\n<a href=\"http:\/\/library.fes.de\/pdf-files\/wiso\/06374.pdf\">http:\/\/library.fes.de\/pdf-files\/wiso\/06374.pdf<\/a><\/p>\n<div class=\"pdf24Plugin-cp\"> \t<form name=\"pdf24Form0\" method=\"post\" action=\"https:\/\/doc2pdf.pdf24.org\/wordpress.php\" target=\"pdf24PopWin\" onsubmit=\"var pdf24Win = window.open('about:blank', 'pdf24PopWin', 'resizable=yes,scrollbars=yes,width=600,height=250,left='+(screen.width\/2-300)+',top='+(screen.height\/3-125)+''); pdf24Win.focus(); if(typeof pdf24OnCreatePDF === 'function'){void(pdf24OnCreatePDF(this,pdf24Win));}\"> \t\t<input type=\"hidden\" name=\"blogCharset\" value=\"Cw1x07UAAA==\" \/><input type=\"hidden\" name=\"blogPosts\" value=\"MwQA\" \/><input type=\"hidden\" name=\"blogUrl\" value=\"yygpKSi20tcvLy\/Xy8jPSM3LARK6pXnpqWmZOSWpRSV6KakA\" \/><input type=\"hidden\" name=\"blogName\" value=\"88jPSM3LARK6pXnpqWmZOSWpRSUA\" \/><input type=\"hidden\" name=\"blogValueEncoding\" value=\"gzdeflate base64\" \/><input type=\"hidden\" name=\"postId_0\" value=\"MzI1twAA\" \/><input type=\"hidden\" name=\"postTitle_0\" value=\"cy3KO7wnOaMktag0L10hLzE5Q6GqPDVTwSsxo6gqNSOvJDVPIaAosyyxJLM4E6wIAA==\" \/><input type=\"hidden\" name=\"postLink_0\" value=\"yygpKSi20tcvLy\/Xy8jPSM3LARK6pXnpqWmZOSWpRSV6Kan69gW2RqbmFgA=\" \/><input type=\"hidden\" name=\"postAuthor_0\" value=\"AwA=\" \/><input type=\"hidden\" name=\"postDateTime_0\" value=\"MzIwsNQ1MNM1MlcwNLAyMLMyMQQA\" \/><input type=\"hidden\" name=\"postContent_0\" value=\"rVXBbttGEL33KwYp0JNE2k3ROK2iwoGcBrETOFARA70YK3FILUjuCrNLqeEpH9KiF3+DT77pT\/IlfbOUldpFgR56sb3c2Zl5b94bT9bTSYjiXTV95ZuKXcHUb9nSqURbc0MLDsvV7qaMFpcU7HJFrY1U4DA8wJ9Cl2I3JtpgWTpXhS03DVNgBL61MXKKOX5+coRfb8xKmKyjGXcRuRvjigwHR3McuhBG1Hd40FJhmU676AV3tW9bdiOqjXPE2ktstBdnuUUCROzuFixikJFdRhcc2KEPidkk3wOc5OvpVxMA5nb6M5dderbxjk5\/A9Aru+y91Dyi1x4pGvwYAwuXtolIM8nx6j7DO4PSiSZF0\/PKRaR6SALZEOlM3O5uuYrDF7bI1\/tKG5xZdEgvLeD31FteKZMAPL+cjZ1ZMb0Sy4UA4\/gMwOJ4Hm0ZNQv6TpHI4EJsGHWU84qBtgZ8U0b6wFJYJRklweRbbr2Apq4dUWECxshkmkCfP\/0O4sFpiH735+dPf9CGJUROFM64dYqz0q4d4jHShxDxFaO6MCHuZfDyi1iipph7FQEuT2UBMYR1s7uJPWuVJo214sponhFx0FDNpy0LmPPB+mE+vxixZYgAYKQIiYBD3D7zRgGDaCWo4kEtmeK7UiEkrTzuPoB1QNp2ojpw+pqgINY\/QMWIgAWnxX4weyVm9AHPSiVmgLZlRa4Rl4jGTCsOnasVk\/OI0pv3nWlsBPbE0sV+ZAl\/iJZVEJOFUA5xGULR8sWTVYzrH\/J8u91mpYy9a4A2Kzi37hr4r00X1Dj51kocZp6bOnbwXf4Tt9dLF18cnxzDcs+++fro6cmPT6b\/c8JJbg52gBLpHJR3TvnwEArseFuWB+JnBly5sPESvFSw2JcqQ8A9JaHc3axsVWOkIzpvbKt+7mI\/+ru0NG7tQaitkxaEKyjFYJZXh7RIdIu5ymAY+C\/JxdHrLtJCkqIzetcNnwngYR81JizJAsvWuumGWo+blREN1cNwCL63KC6pl91t7RtfDXd0LhalVSUQ6WP5gR2NssUghbTZQioAPymHyatBBRTgDph0Ld1yBRbVib9ChQe5aovFvYRAtm5tlVva2SrAtBy3SWkFOZgu2g2uzqTE\/hrq61b\/h72tS5u+4dirx789GtZ32g5qdxvFVLRIWwyP4tDsg7ym1biw1n5V\/WdwbWVZFw20cL\/QdFliFHSJDVH4j4grd3dCMH1ayQscKpa0GDUcZUGHQSf45zKPpoi6\/PjfXNTYhRj5mJUcVPLrohxjrXOA2oPPj75\/+uy7DB8PJvmP8QcP\/AU=\" \/> \t\t<a href=\"https:\/\/www.pdf24.org\" target=\"_blank\" title=\"www.pdf24.org\" rel=\"nofollow\"><img src=\"https:\/\/www.hohenlohe-ungefiltert.de\/wp-content\/plugins\/pdf24-post-to-pdf\/img\/pdf_32x32.png\" alt=\"\" border=\"0\" height=\"32\" \/><\/a> \t\t<span class=\"pdf24Plugin-cp-space\">&nbsp;&nbsp;<\/span> \t\t<span class=\"pdf24Plugin-cp-text\">Sende Artikel als PDF<\/span> \t\t<span class=\"pdf24Plugin-cp-space\">&nbsp;&nbsp;<\/span> \t\t<input class=\"pdf24Plugin-cp-input\" style=\"margin: 0px;\" type=\"text\" name=\"sendEmailTo\" placeholder=\"Emailadresse\" \/> \t\t<input class=\"pdf24Plugin-cp-submit\" style=\"margin: 0px;\" type=\"submit\" value=\"Senden\" \/> \t<\/form> <\/div>","protected":false},"excerpt":{"rendered":"<p>Folgende zwei Artikel besch\u00e4ftigen sich mit den Folgen der Privatisierungswelle seit Mitte der 1980er Jahre in Deutschland. Den Schluss, zu dem die Autoren kommen, kann eigentlich niemanden \u00fcberraschen. Lesenswert. Gefunden von Axel Wiczorke, Hohenlohe-ungefiltert Nach zwei Jahrzehnten Privatisierung ist Ern\u00fcchterung eingezogen. Diese Bilanz ziehen die SPD-nahe Friedrich-Ebert-Stiftung und die Dienstleistungsgewerkschaft Verdi in einem Memorandum, das [&hellip;]<\/p>\n","protected":false},"author":3,"featured_media":0,"comment_status":"open","ping_status":"open","sticky":false,"template":"","format":"standard","meta":[],"categories":[],"tags":[],"_links":{"self":[{"href":"https:\/\/www.hohenlohe-ungefiltert.de\/index.php?rest_route=\/wp\/v2\/posts\/2578"}],"collection":[{"href":"https:\/\/www.hohenlohe-ungefiltert.de\/index.php?rest_route=\/wp\/v2\/posts"}],"about":[{"href":"https:\/\/www.hohenlohe-ungefiltert.de\/index.php?rest_route=\/wp\/v2\/types\/post"}],"author":[{"embeddable":true,"href":"https:\/\/www.hohenlohe-ungefiltert.de\/index.php?rest_route=\/wp\/v2\/users\/3"}],"replies":[{"embeddable":true,"href":"https:\/\/www.hohenlohe-ungefiltert.de\/index.php?rest_route=%2Fwp%2Fv2%2Fcomments&post=2578"}],"version-history":[{"count":2,"href":"https:\/\/www.hohenlohe-ungefiltert.de\/index.php?rest_route=\/wp\/v2\/posts\/2578\/revisions"}],"predecessor-version":[{"id":2580,"href":"https:\/\/www.hohenlohe-ungefiltert.de\/index.php?rest_route=\/wp\/v2\/posts\/2578\/revisions\/2580"}],"wp:attachment":[{"href":"https:\/\/www.hohenlohe-ungefiltert.de\/index.php?rest_route=%2Fwp%2Fv2%2Fmedia&parent=2578"}],"wp:term":[{"taxonomy":"category","embeddable":true,"href":"https:\/\/www.hohenlohe-ungefiltert.de\/index.php?rest_route=%2Fwp%2Fv2%2Fcategories&post=2578"},{"taxonomy":"post_tag","embeddable":true,"href":"https:\/\/www.hohenlohe-ungefiltert.de\/index.php?rest_route=%2Fwp%2Fv2%2Ftags&post=2578"}],"curies":[{"name":"wp","href":"https:\/\/api.w.org\/{rel}","templated":true}]}}