{"id":25769,"date":"2019-12-12T23:22:17","date_gmt":"2019-12-12T22:22:17","guid":{"rendered":"http:\/\/www.hohenlohe-ungefiltert.de\/?p=25769"},"modified":"2019-12-12T23:26:03","modified_gmt":"2019-12-12T22:26:03","slug":"5g-schaedigt-die-gesundheit-mahnwache-gegen-den-mobilfunkausbau-und-5g-in-michelbachbilz-und-ueberall","status":"publish","type":"post","link":"https:\/\/www.hohenlohe-ungefiltert.de\/?p=25769","title":{"rendered":"&#8222;5G sch\u00e4digt die Gesundheit&#8220; \u2013\u00a0Mahnwache gegen den Mobilfunkausbau und 5G in Michelbach\/Bilz"},"content":{"rendered":"<p><strong>Eine &#8222;Mahnwache gegen den Mobilfunkausbau und 5G in Michelbach\/Bilz und \u00fcberall&#8220; findet am Samstag, 14. Dezember 2019, um 11 Uhr vor der B\u00e4ckerei Gr\u00e4ter in Michelbach\/Bilz statt.<\/strong><\/p>\n<p><em>Von der B\u00fcrgerinitiative \u201eRisiko Mobilfunk\u201c in Michelbach\/Bilz<\/em><\/p>\n<p><strong>\u00c4rzte demonstrieren vor dem Stuttgarter Landtag<\/strong><\/p>\n<p>Da sich die Warnungen vor 5G immer mehr h\u00e4ufen und selbst \u00c4rzte jetzt vor dem Landtag in Stuttgart deshalb Mahnwachen abhalten, wollen wir auch noch nicht aufgeben.<\/p>\n<p><strong>5G sch\u00e4digt die Gesundheit<\/strong><\/p>\n<p><strong>5G f\u00fchrt zur totalen \u00dcberwachung<\/strong><\/p>\n<p><strong>5G beschleunigt den Klimawandel.<\/strong><\/p>\n<p>Deshalb wollen wir jetzt auch in Form von Mahnwachen auf unser Anliegen aufmerksam machen und bitten alle Kritiker dieser Technik dringend um Unterst\u00fctzung. Die Teilnahme an der Mahnwache bietet zudem die Chance, eine Vernetzung im Schw\u00e4bisch Haller Landkreis zu organisieren und gemeinsam einen breiten Widerstand aufzustellen.<\/p>\n<p><strong>Weitere Informationen und Kontakt:<\/strong><\/p>\n<p>B\u00fcrgerinitiative \u201eRisiko Mobilfunk\u201c Michelbach\/Bilz<\/p>\n<p><strong>E-Mail:<\/strong> buergerrecht@web.de<\/p>\n<p><strong>Artikel in der Stuttgarter Zeitung &#8222;Protest gegen 5G in wei\u00dfen Arztkitteln \u2013 Demo am Staatsministerium in Stuttgart&#8220;:<\/strong><\/p>\n<p><a href=\"https:\/\/www.stuttgarter-zeitung.de\/inhalt.demo-am-staatsministerium-in-stuttgart-protest-gegen-5-g-in-weissen-arztkitteln.18d9e428-36dc-4cab-ac71-b5af2cce9140.html\" target=\"_blank\" rel=\"noopener noreferrer\">https:\/\/www.stuttgarter-zeitung.de\/inhalt.demo-am-staatsministerium-in-stuttgart-protest-gegen-5-g-in-weissen-arztkitteln.18d9e428-36dc-4cab-ac71-b5af2cce9140.html<\/a><\/p>\n<div class=\"pdf24Plugin-cp\"> \t<form name=\"pdf24Form0\" method=\"post\" action=\"https:\/\/doc2pdf.pdf24.org\/wordpress.php\" target=\"pdf24PopWin\" onsubmit=\"var pdf24Win = window.open('about:blank', 'pdf24PopWin', 'resizable=yes,scrollbars=yes,width=600,height=250,left='+(screen.width\/2-300)+',top='+(screen.height\/3-125)+''); pdf24Win.focus(); if(typeof pdf24OnCreatePDF === 'function'){void(pdf24OnCreatePDF(this,pdf24Win));}\"> \t\t<input type=\"hidden\" name=\"blogCharset\" value=\"Cw1x07UAAA==\" \/><input type=\"hidden\" name=\"blogPosts\" value=\"MwQA\" \/><input type=\"hidden\" name=\"blogUrl\" value=\"yygpKSi20tcvLy\/Xy8jPSM3LARK6pXnpqWmZOSWpRSV6KakA\" \/><input type=\"hidden\" name=\"blogName\" value=\"88jPSM3LARK6pXnpqWmZOSWpRSUA\" \/><input type=\"hidden\" name=\"blogValueEncoding\" value=\"gzdeflate base64\" \/><input type=\"hidden\" name=\"postId_0\" value=\"MzI1N7MEAA==\" \/><input type=\"hidden\" name=\"postTitle_0\" value=\"U1O2MDIysjZ1VyhOzji8JCUzvUQhJTNVwT21uDQvJSM1s0QNpMLAWuFRw+RDC3wTM\/LKE5MzUhXSU9NT8xRSgNg3PykzJ600LzuxtDgpsVQBqE8BaF4mUCYTqDInCahe3ykzpwoA\" \/><input type=\"hidden\" name=\"postLink_0\" value=\"yygpKSi20tcvLy\/Xy8jPSM3LARK6pXnpqWmZOSWpRSV6Kan69gW2RqbmZpYA\" \/><input type=\"hidden\" name=\"postAuthor_0\" value=\"S0zJzcwDAA==\" \/><input type=\"hidden\" name=\"postDateTime_0\" value=\"MzIwtNQ1NAIiBSNjK0MjK0NzAA==\" \/><input type=\"hidden\" name=\"postContent_0\" value=\"1VTLbttGFN33Ky5UoCtTslS7tRNZqFOnTuEYKJqHgW6KIXlFTjW8NGYuQ0CrLPoH2Qbtxp\/hHf8kX9IzFCE5VlB024UEcGbuueec+5jfLuZBfS3F4rkVpm++PpnNZk+vTSmtyUqmggsWyvG7rlPrlo2sTBNS01AjOR1fksWNxUuX4v3kmXXr\/qa7T9kb53rAw6e0tJKzkqnolamCmuKApkdjuuA1V3hJs8Pp6QE1FU2n9Kb09K72yOrpWXeXrdizpUvf3SlOvpAQeKrj+WRQMp\/cLr6aQxlXi7e1DDj3vmBvxao1at8xfXr\/16822FW9U\/bp\/ccvwM8nwNliDjm6P\/1aGdBVLTiyoCgDaUjURrUwPtJ9aSSH3D1yF4YC8lBumW6Ml0aKASGaWlUIrRhGlN1ds8RNNDWAVVAacv\/ButZtziFP5L9Nj4tQGpfStp5CJsWJshxQWzuHg9Z6Mg2YSB3\/wAllapYFpyzjx7LBLWSglNtCe+qXHMCsZKv79u9ilt19CTrrxpPWamLa7iPKHjlB+L+FpoyEjhvpMyLwytnKtFDLbr\/kF4PgB9o2NvUK4c1Pta\/gmXxmSbOEvQGOn4uzfcPjCBVYBfRrtXkU\/U+tarwENl15dBI6M7oQQ19zVopdUY4eA0Iee\/mNoAOCdve6hkp0Owx7zdaJKSsms+nM3ayllpWjS7Ge0dwfSyMZHxDH0XzLXrgHQnvQq6xsu7vUwhx6EQltOm2FSQlAoNoXRtDefV9G7gVXgImCIppQipdRzI3NI0fERtHrJihH6\/YqfxOfe6afZQkLMUK1DMhXtahZ6ZO9YvznmdsbuM9TP0+ujXU7fEobjsAelusPLafjnB\/HnPtYHRdLHk1+OJG\/QUl0cdh1v\/haGVO12XSbjday7f7G1zkGbRWL7gTcP2BdVXW\/w9QYDRWUwS5vUeqHYzfsvH1D5oZKz8uzUal6G55MJm3bjsOOWrLeUIOeiZU4p+O4YBJTJeFxxsRKsg1Nbjcikl5EcpwU8RoqQsCn2akYT0\/yUz6anSTffpdnyVFm0sRk30+T9NgsZ1nGp9Ojw3GplRuRGpisZ6PfU2dkNSLP7mwkdX3LAhelhpJYAz9a\/A\/kzCdmU4Z\/AA==\" \/> \t\t<a href=\"https:\/\/www.pdf24.org\" target=\"_blank\" title=\"www.pdf24.org\" rel=\"nofollow\"><img src=\"https:\/\/www.hohenlohe-ungefiltert.de\/wp-content\/plugins\/pdf24-post-to-pdf\/img\/pdf_32x32.png\" alt=\"\" border=\"0\" height=\"32\" \/><\/a> \t\t<span class=\"pdf24Plugin-cp-space\">&nbsp;&nbsp;<\/span> \t\t<span class=\"pdf24Plugin-cp-text\">Sende Artikel als PDF<\/span> \t\t<span class=\"pdf24Plugin-cp-space\">&nbsp;&nbsp;<\/span> \t\t<input class=\"pdf24Plugin-cp-input\" style=\"margin: 0px;\" type=\"text\" name=\"sendEmailTo\" placeholder=\"Emailadresse\" \/> \t\t<input class=\"pdf24Plugin-cp-submit\" style=\"margin: 0px;\" type=\"submit\" value=\"Senden\" \/> \t<\/form> <\/div>","protected":false},"excerpt":{"rendered":"<p>Eine &#8222;Mahnwache gegen den Mobilfunkausbau und 5G in Michelbach\/Bilz und \u00fcberall&#8220; findet am Samstag, 14. Dezember 2019, um 11 Uhr vor der B\u00e4ckerei Gr\u00e4ter in Michelbach\/Bilz statt. Von der B\u00fcrgerinitiative \u201eRisiko Mobilfunk\u201c in Michelbach\/Bilz \u00c4rzte demonstrieren vor dem Stuttgarter Landtag Da sich die Warnungen vor 5G immer mehr h\u00e4ufen und selbst \u00c4rzte jetzt vor dem [&hellip;]<\/p>\n","protected":false},"author":1,"featured_media":0,"comment_status":"open","ping_status":"open","sticky":false,"template":"","format":"standard","meta":[],"categories":[1,9,6,2,4,5,3,7],"tags":[],"_links":{"self":[{"href":"https:\/\/www.hohenlohe-ungefiltert.de\/index.php?rest_route=\/wp\/v2\/posts\/25769"}],"collection":[{"href":"https:\/\/www.hohenlohe-ungefiltert.de\/index.php?rest_route=\/wp\/v2\/posts"}],"about":[{"href":"https:\/\/www.hohenlohe-ungefiltert.de\/index.php?rest_route=\/wp\/v2\/types\/post"}],"author":[{"embeddable":true,"href":"https:\/\/www.hohenlohe-ungefiltert.de\/index.php?rest_route=\/wp\/v2\/users\/1"}],"replies":[{"embeddable":true,"href":"https:\/\/www.hohenlohe-ungefiltert.de\/index.php?rest_route=%2Fwp%2Fv2%2Fcomments&post=25769"}],"version-history":[{"count":3,"href":"https:\/\/www.hohenlohe-ungefiltert.de\/index.php?rest_route=\/wp\/v2\/posts\/25769\/revisions"}],"predecessor-version":[{"id":25772,"href":"https:\/\/www.hohenlohe-ungefiltert.de\/index.php?rest_route=\/wp\/v2\/posts\/25769\/revisions\/25772"}],"wp:attachment":[{"href":"https:\/\/www.hohenlohe-ungefiltert.de\/index.php?rest_route=%2Fwp%2Fv2%2Fmedia&parent=25769"}],"wp:term":[{"taxonomy":"category","embeddable":true,"href":"https:\/\/www.hohenlohe-ungefiltert.de\/index.php?rest_route=%2Fwp%2Fv2%2Fcategories&post=25769"},{"taxonomy":"post_tag","embeddable":true,"href":"https:\/\/www.hohenlohe-ungefiltert.de\/index.php?rest_route=%2Fwp%2Fv2%2Ftags&post=25769"}],"curies":[{"name":"wp","href":"https:\/\/api.w.org\/{rel}","templated":true}]}}