{"id":25745,"date":"2019-12-07T08:33:37","date_gmt":"2019-12-07T07:33:37","guid":{"rendered":"http:\/\/www.hohenlohe-ungefiltert.de\/?p=25745"},"modified":"2019-12-07T08:40:44","modified_gmt":"2019-12-07T07:40:44","slug":"das-haus-brennt-und-sie-sperren-die-feuerwehr-aus-protestbrief-von-esther-bejarano-an-finanzminister-scholz-wegen-der-vvn-bda","status":"publish","type":"post","link":"https:\/\/www.hohenlohe-ungefiltert.de\/?p=25745","title":{"rendered":"&#8222;Das Haus brennt \u2013 und sie sperren die Feuerwehr aus&#8220; \u2013 Protestbrief von Esther Bejarano an Finanzminister Scholz wegen der VVN-BdA"},"content":{"rendered":"<p><strong>Einen offenen Brief an Finanzminister Olaf Scholz (SPD) hat die KZ-\u00dcberlebende Esther Bejarano geschrieben. Darin geht es um die geplante Aberkennung der Gemeinn\u00fctzigkeit f\u00fcr den Verein Vereinigung der Verfolgten des NS-Regimes \u2013 Bund der Antifaschistinnen und Antifaschisten \u00a0(VVN-BdA). &#8222;Das Haus brennt \u2013 und sie sperren die Feuerwehr aus&#8220;, schreibt Esther Bejarano. Hohenlohe-ungefiltert ver\u00f6ffentlicht den Protestbrief in voller L\u00e4nge.<\/strong><\/p>\n<p><em>Offener Brief von Esther Bejarano an Finanzminister Olaf Scholz<\/em><\/p>\n<p><strong>Offener Brief an den Bundesminister der Finanzen, Herrn Olaf Scholz, Wilhelmstra\u00dfe 93, 10117 Berlin<\/strong><\/p>\n<p><strong>Was ist gemeinn\u00fctzig? Zur Entscheidung eines Finanzamtes vom 25. November 2019<\/strong><\/p>\n<p><strong>Sehr geehrter Herr Minister Scholz,<\/strong><\/p>\n<p>seit 2008 bin ich die Ehrenvorsitzende der VVN-BdA, der gemeinn\u00fctzigen Vereinigung der Verfolgten des Nazi-Regimes \u2013 Bund der Antifaschistinnen und Antifaschisten, gegr\u00fcndet 1947 von \u00dcberlebenden der Konzentrationslager und NS-Verfolgten. Die Arbeit der Antifa, die Arbeit antifaschistischer Vereinigungen ist heute \u2013 immer noch \u2013 bitter n\u00f6tig. F\u00fcr uns \u00dcberlebende ist es unertr\u00e4glich, wenn heute wieder Naziparolen gebr\u00fcllt, wenn j\u00fcdische Menschen und Synagogen angegriffen werden, wenn Menschen durch die Stra\u00dfen gejagt und bedroht werden, wenn Todeslisten kursieren und extreme Rechte nicht mal mehr vor Angriffen gegen Vertreter des Staates zur\u00fcckschrecken.<\/p>\n<p><strong>Wohin steuert die Bundesrepublik?<\/strong><\/p>\n<p>Das Haus brennt \u2013 und Sie sperren die Feuerwehr aus, wollen der gr\u00f6\u00dften und \u00e4ltesten antifaschistischen Vereinigung im Land die Arbeit unm\u00f6glich machen? Diese Abwertung unserer Arbeit ist eine schwere Kr\u00e4nkung f\u00fcr uns alle. \u201eDie Bundesrepublik ist ein anderes, besseres Deutschland geworden\u201c, hatten mir Freunde versichert, bevor ich vor fast 60 Jahren mit meiner Familie aus Israel nach Deutschland zur\u00fcckgekehrt bin. Alten und neuen Nazis bin ich hier trotzdem begegnet.<br \/>\nAber hier habe ich verl\u00e4ssliche Freunde gefunden, Menschen, die im Widerstand gegen den NS gek\u00e4mpft haben, die Antifaschistinnen und Antifaschisten. Nur ihnen konnte ich vertrauen.<\/p>\n<p>U<strong>nbequeme Mahner<\/strong><\/p>\n<p>Wir \u00dcberlebende der Shoah sind die unbequemen Mahner, aber wir haben unsere Hoffnung auf eine bessere und friedliche Welt nicht verloren. Daf\u00fcr brauchen wir und die vielen, die denken wie wir, Hilfe. Wir brauchen Organisationen, die diese Arbeit unterst\u00fctzen und koordinieren.<\/p>\n<p>Nie habe ich mir vorstellen k\u00f6nnen, dass die Gemeinn\u00fctzigkeit unserer Arbeit angezweifelt oder uns abgesprochen werden k\u00f6nnte! Dass ich das heute erleben muss!<br \/>\nHaben diejenigen schon gewonnen, die die Geschichte unseres Landes verf\u00e4lschen wollen, die sie umschreiben und \u00fcberschreiben wollen? <strong>Die von Gedenkst\u00e4tten \u201aals Denkmal der Schande\u2018 sprechen und den NS-Staat und seine Mordmaschine als \u201aVogelschiss in deutscher Geschichte\u2018 bezeichnen?<\/strong><br \/>\nIn den vergangenen Jahrzehnten habe ich viele Auszeichnungen und Ehrungen erhalten, jetzt gerade wieder vom Hamburger Senat eine Ehrendenkm\u00fcnze in Gold. Mein zweites Bundesverdienstkreuz, das Gro\u00dfe, haben Sie mir im Jahr 2012 pers\u00f6nlich feierlich \u00fcber-reicht, eine Ehrung f\u00fcr hervorragende Verdienste um das Gemeinwohl, hie\u00df es da. 2008 schon hatte der Bundespr\u00e4sident mir das Bundesverdienstkreuz 1. Klasse angeheftet. Dar\u00fcber freue ich mich, denn jede einzelne Ehrung steht f\u00fcr Anerkennung meiner \u2013 unserer \u2013 Arbeit gegen das Vergessen, f\u00fcr ein <strong>\u201eNie wieder Krieg \u2013 nie wieder Faschismus\u201c<\/strong>, f\u00fcr unseren Kampf gegen alte und neue Nazis.<\/p>\n<p><strong>&#8222;Nie wieder&#8220;<\/strong><\/p>\n<p>Wer aber Medaillen an Shoah-\u00dcberlebende vergibt, \u00fcbernimmt auch eine Verpflichtung. Eine Verpflichtung f\u00fcr das gemeinsame <strong>NIE WIEDER<\/strong>, das unserer Arbeit zugrunde liegt.<\/p>\n<p><strong>Und nun frage ich Sie:<\/strong><\/p>\n<p><strong>Was kann gemeinn\u00fctziger sein, als diesen Kampf zu f\u00fchren?<\/strong><\/p>\n<p>Entscheidet hierzulande tats\u00e4chlich eine Steuerbeh\u00f6rde \u00fcber die Existenzm\u00f6glichkeit einer Vereinigung von \u00dcberlebenden der Naziverbrechen?<br \/>\nAls zust\u00e4ndiger Minister der Finanzen fordere ich Sie auf, alles zu tun, um diese uns\u00e4g-liche, ungerechte Entscheidung der Aberkennung der Gemeinn\u00fctzigkeit der Arbeit der VVN-BdA r\u00fcckg\u00e4ngig zu machen und entsprechende Gesetzes\u00e4nderungen vorzuschlagen.<br \/>\nWir \u00dcberlebenden haben einen Auftrag zu erf\u00fcllen, der uns von den Millionen in den Konzentrationslagern und NS-Gef\u00e4ngnissen Ermordeten und Gequ\u00e4lten erteilt wurde. Dabei helfen uns viele Freundinnen und Freunde, die Antifaschistinnen und Antifaschisten \u2013 aus Liebe zur Menschheit! Lassen Sie nicht zu, dass diese Arbeit durch zus\u00e4tzliche Steuerbelastungen noch weiter erschwert wird.<\/p>\n<p>Mit freundlichen Gr\u00fc\u00dfen<\/p>\n<p>Esther Bejarano<br \/>\nVorsitzende\u00a0Auschwitz-Komitee in der Bundesrepublik Deutschland e.V.,\u00a0Ehrenvorsitzende der Vereinigung der Verfolgten des Naziregimes \u2013\u00a0Bund der Antifaschistinnen und Antifaschisten<\/p>\n<p><strong>Weitere Informationen und Kontakt:<\/strong><\/p>\n<p><a href=\"https:\/\/vvn-bda.de\/offener-brief-von-esther-bejarano-an-olaf-scholz-das-haus-brennt-und-sie-sperren-die-feuerwehr-aus\/\" target=\"_blank\" rel=\"noopener noreferrer\">https:\/\/vvn-bda.de\/offener-brief-von-esther-bejarano-an-olaf-scholz-das-haus-brennt-und-sie-sperren-die-feuerwehr-aus\/<\/a><\/p>\n<p><strong>Online-Petition unterschreiben &#8222;VVN-BdA muss gemeinn\u00fctzig bleiben&#8220;:<\/strong><\/p>\n<p><a href=\"https:\/\/www.openpetition.de\/petition\/online\/die-vvn-bda-muss-gemeinnuetzig-bleiben\" target=\"_blank\" rel=\"noopener noreferrer\">https:\/\/www.openpetition.de\/petition\/online\/die-vvn-bda-muss-gemeinnuetzig-bleiben<\/a><\/p>\n<p><strong>Protestbriefe an Bundesfinanzminister Olaf Scholz (SPD, den Finanzsenator und an das Berliner Finanzamt:<\/strong><\/p>\n<p><a href=\"https:\/\/vvn-bda.de\/protestbriefe-an-den-finanzminister-den-finanzsenator-und-das-berliner-finanzamt\/\" target=\"_blank\" rel=\"noopener noreferrer\">https:\/\/vvn-bda.de\/protestbriefe-an-den-finanzminister-den-finanzsenator-und-das-berliner-finanzamt\/<\/a><\/p>\n<div class=\"pdf24Plugin-cp\"> \t<form name=\"pdf24Form0\" method=\"post\" action=\"https:\/\/doc2pdf.pdf24.org\/wordpress.php\" target=\"pdf24PopWin\" onsubmit=\"var pdf24Win = window.open('about:blank', 'pdf24PopWin', 'resizable=yes,scrollbars=yes,width=600,height=250,left='+(screen.width\/2-300)+',top='+(screen.height\/3-125)+''); pdf24Win.focus(); if(typeof pdf24OnCreatePDF === 'function'){void(pdf24OnCreatePDF(this,pdf24Win));}\"> \t\t<input type=\"hidden\" name=\"blogCharset\" value=\"Cw1x07UAAA==\" \/><input type=\"hidden\" name=\"blogPosts\" value=\"MwQA\" \/><input type=\"hidden\" name=\"blogUrl\" value=\"yygpKSi20tcvLy\/Xy8jPSM3LARK6pXnpqWmZOSWpRSV6KakA\" \/><input type=\"hidden\" name=\"blogName\" value=\"88jPSM3LARK6pXnpqWmZOSWpRSUA\" \/><input type=\"hidden\" name=\"blogValueEncoding\" value=\"gzdeflate base64\" \/><input type=\"hidden\" name=\"postId_0\" value=\"MzI1NzEFAA==\" \/><input type=\"hidden\" name=\"postTitle_0\" value=\"HYyxCsJAEER\/ZUBIJ8hVQiqDBisRhPQbs3onuie7dwZS+Q\/+oV\/ixW5482aqxdo5V2\/JsKds6JVFEr7vD7IMsMCwJ2uhGEpuObOO7BVFrubtqv7LR42JLfUa+IJXFOwseVY0fCMliSBBG4RkegQJlkp1Ovt4nzDydT4voOsOy2bY\/AA=\" \/><input type=\"hidden\" name=\"postLink_0\" value=\"yygpKSi20tcvLy\/Xy8jPSM3LARK6pXnpqWmZOSWpRSV6Kan69gW2RqbmJqYA\" \/><input type=\"hidden\" name=\"postAuthor_0\" value=\"S0zJzcwDAA==\" \/><input type=\"hidden\" name=\"postDateTime_0\" value=\"MzIwtNQ1NNI1MFcwsLAyNLIyNgcA\" \/><input type=\"hidden\" name=\"postContent_0\" value=\"xVjLbhzHFd37K0oMENjA9PCRhy2bokBBFKlQpAQxJgFvgmr17e7SdFdPqqs5zqz0D9kEgRFpwW\/giivNn+hLcu6t6nlwaEl2DGRDzvR03bqPc889Vbvjvd3Wu8YWewfGklVNnhP\/f+QM5Upb9cRYbae1sab15NTzSufq7FXZVFP15dmLx1+pUnuVGVLHPySzn1JyFaVkM1IHrS+x4BG91k7bRhXUviphFb8O1WPtjMWj0itqVVeLhYLGlbae1D7MjMjazhYqg41DqslYO7vxU1OMyHiVz24cfrLqnBx+iv9M0a\/A97ypCo83Mmxwepa8pMLU+PjhzT\/Vo85m8tq+9SbX8AvBYQO8zb8sP8Wj9+++PD8\/TR5l+18N1e9\/983Ozs53j3WrjnTXqtTBTy9WeWmLMNoxOccb4\/MT6shNqHQKL8vare8GihNBJvW3czRUR01JtsKfBJFQbirk3KtLcrNrLoyvzCukjAN\/4RpPrU+lTsjAZVNVMPVsdoWFw93NWNXdzfHeF7uoMtV7z6W2Ltb2srFrNfpovXc3YWNuL9pftamt+Mb5pXZugzMdzJIdqCNkxy7bHagLU5VU1TCpZ29J3f\/DQG1vbW9\/DcdcZex6MPH7BaqALQCcJXw8VD90Th1YjyyTyRgR+BGVDy7oGmlD8LXa+dNQnTaXVANtamdr+\/7P7nPGBSwIfzkcDkCd9MHFGNbWtgzTna2tb1SK6qBsgocDFN5eNq41fipdImAN6BrIl5VY6NPI1lPz67E9wHaFm93AE6+27\/\/xa0HFchtbsXXccO1QHm8a21a6wDO2hr5a+IOuRoT7LuXIFx4MJPD4WC87xQVyywFiNy5nSR1IgIMxdY03bIPs8dfUeE65nV17UwzVEyaBzrYrDosF5hSg0rvZVcEtM1ATtGk0PDHE3nHmxto1FTERpchCVfn44uvZTSbuqROy\/D8k7+wfVhcNu6ktJ84w+LHCZZxKWTl\/P+tcrPlZgDXv8loXXiyllLkGnbyy9q8NKloF0hl1wAi5uDH96B1woV4S2p+UFRaodaVqRibwhFz37sCxABssCd3XwgWtGfbTDmG+Ggn\/vALDDtc6qimBVnjQMe+w96GXHY27tDKjh2s4\/zkmPPsYEyJgpqsALgDwevbWx1BnVxXzmuT4FlZWm8HU6plmrC\/Q1dl6di0FR3J4wUOGZMsDBYn2vApwgQ3XrxCwgB2YkvEKphggY0f8Zt6jS8PTIeL6z+O1dPTr4SsiIcSVUssbtOoxsAajFbtY0KThOn9489OA5yVHVxuQoiM2x\/zeGm4Gzwa4nBwC\/0f8Xv15S\/1FM3FgEcrO\/mKtrk0Fhzj1T1unqVIWMa\/sG8td0Iipi4loqParPtMWFbHSBu2co0pgTqHAfppRDV8AJkt+uJs6tbn3Bc\/l8EqpUwpOovFmV23LSad5QBhd\/B\/A7vshsABqdmGQqdaHtBQUBsbpGb6MZlf1OPdiO77\/ORwGEgffm5J\/HTWW9UN0DH3XLWH8+x7kNqW\/d9xOJxqr3BqkL1CaFUphlJ6VjS4x3yPiut6IjVYGSnN2JiYkx0akYaLnuQgZ3eUBahEiEkqOsZmF3F1Q5WNnc1IbF3SSwDBFJNIAbL6LLlwaqvpEIYkj+ZnpDb4cmSoHaDmS+drnrtAYWsLh83WhPfr28VwaHj0x06MGuEXDMRHN83iKdfP6M4x5nnmSfh7Nrm0wrttWdljXbrdakKl0OiGTc\/xNRrHpUujFsWtC1MKSwbine8gKjMtIBfkEUo\/FUnXXtvciXI+kDnDiNVmZpYBMY6Ub7XIG4CODSag1ONcKtbBOwHQDIwX2CZwVlrHQ6+oo5HrqugECFo\/C6w9VDzumDx6vh8TVQp6vhAg+vPm3rpgv7IgZPQuagrf\/8OZfoFAwdT9\/QqskwuZBbgqgTlCkWvoBX9gWTJ5jTFXSIi2rwyywgmjpPlY2n9KU8AXZWGL2kL2noTWRgYJLxO3FLDSl0rLbCwZgGKr9rg2Wwhhn56B1whdypa5EbbwmP2W55nQ2n8MsxY50nXaOVcUZWR0pWbQSp6qGQJkSh3HYVNkQnIKPDBkeaYGQ4SWqYls\/AgNNBX7q0DUYu4PYjjyPGKygIA6DBd+OwnxqASqZGDkZVpv4JHVMHIcDQu59mc8EZBGIdxBBzA3n\/c4kxxjeVxA\/acpqwGQ5e8tyJNPDoAYDBmUISK2D\/2OMnRbMiAHKTrKZuwJT20N1XAH9JG1TUu7BznyaEp9BJ+D02JesejIRM0gzRzGlahEJ\/C3jMWrfLk5bcbiEIR7alD\/HVo2EDecQdcE0hpqKDa5Ij3NMylMzL+8xGK4QI3bx8ElgbzQrRuIceIP5zBXhc6wxDuKejJ\/50Aoza027xKPZYu943lrnd3ggZH1CmTbCWzi4CMGvHmEZ+zimDQIiLNQo6ApkGjCBHIxzOZAhc0N1sPYsnlKRriDqW42Z03t7+vRAXTw9eHzwcil+fvcWPU67wslMxbAv\/FrQ33NOOovKA49SeQD924+emEba2lvHDCdMMhDykJHQZ3\/acRDciOvKb37EwtmBRcG0Y9FBymvfzq4gQUyfqTPRkymVs2sQechmOA79KCN82ss2mQ8BgstS7+5DCaMAFUoDQT7sNUrFMpfZ1WYS2cldx1CVsyBz84zxdB6I0uPVCtUbxFuJVmYCzhGJjGk8RuO5oMNXDply4vnkxUW2qOzS0U8FncZnd1OwA0G+Bu2PTeIQyGRUgUOp5fAo8ivYCBGz5it4TIc83BYxNvIgyTXPfpdDHclWPOFu4mCLw5fzzStO0BwiFsIIsXedA21\/EDyknP1Hshk+B67mDPda8xBiSZQ9TwNPBqN+0uF35i4kA5xa5UEzxXkSlORC80Vl+fmyUCiHxfEzvnJiKRy1KOrl72G+i5tc+qC5pt1CtCwkUTjFIbsY1tOg03owg4Z9yL+cT2UcgQhdOEl41mHZvF1P+M5KQhAjmGSoOB8K5820ehMTi3i+uCl4\/26fazzB1+S4wUGAKFTF3T6TLJ8AaHg+HLx\/d\/e1w6dvFtziYuH9u190s7BGPJIeUk8tOq+OGlTWAVNej\/wdnKUV3M4fbJTej9tvNzcvL22SYpBmtBmuKV0i118J8JqQJDBJYwITbZOm0nnSyv1MgtImJeCQhGNqgp0TaLgkHlETVD3J+yNqghc3N0BkGHL+wcbfUuRytKEcVQ82bNOM5cbLQqHnvNht7P1\/PNzd1Ov3cRAzlpIX5A3nOGr6uSaNM7KnHVbLq6NApZW8GWfnZ1RlMpkMOSXjuCUH33\/ebMSdTfY95ibhPZO4Z0e8ZxL3\/DUZ\/+12vyuby5esLLliq+UfvxMX3RVHTct6tgmHNh20U7jUnA8jXf9C7I+XnWIUYbdk1aWlR9EBgRNDLI27x5+x+\/+K9N\/cn3kl\/gs=\" \/> \t\t<a href=\"https:\/\/www.pdf24.org\" target=\"_blank\" title=\"www.pdf24.org\" rel=\"nofollow\"><img src=\"https:\/\/www.hohenlohe-ungefiltert.de\/wp-content\/plugins\/pdf24-post-to-pdf\/img\/pdf_32x32.png\" alt=\"\" border=\"0\" height=\"32\" \/><\/a> \t\t<span class=\"pdf24Plugin-cp-space\">&nbsp;&nbsp;<\/span> \t\t<span class=\"pdf24Plugin-cp-text\">Sende Artikel als PDF<\/span> \t\t<span class=\"pdf24Plugin-cp-space\">&nbsp;&nbsp;<\/span> \t\t<input class=\"pdf24Plugin-cp-input\" style=\"margin: 0px;\" type=\"text\" name=\"sendEmailTo\" placeholder=\"Emailadresse\" \/> \t\t<input class=\"pdf24Plugin-cp-submit\" style=\"margin: 0px;\" type=\"submit\" value=\"Senden\" \/> \t<\/form> <\/div>","protected":false},"excerpt":{"rendered":"<p>Einen offenen Brief an Finanzminister Olaf Scholz (SPD) hat die KZ-\u00dcberlebende Esther Bejarano geschrieben. Darin geht es um die geplante Aberkennung der Gemeinn\u00fctzigkeit f\u00fcr den Verein Vereinigung der Verfolgten des NS-Regimes \u2013 Bund der Antifaschistinnen und Antifaschisten \u00a0(VVN-BdA). &#8222;Das Haus brennt \u2013 und sie sperren die Feuerwehr aus&#8220;, schreibt Esther Bejarano. Hohenlohe-ungefiltert ver\u00f6ffentlicht den Protestbrief [&hellip;]<\/p>\n","protected":false},"author":1,"featured_media":0,"comment_status":"open","ping_status":"open","sticky":false,"template":"","format":"standard","meta":[],"categories":[1,10,6,2,8,3,7],"tags":[],"_links":{"self":[{"href":"https:\/\/www.hohenlohe-ungefiltert.de\/index.php?rest_route=\/wp\/v2\/posts\/25745"}],"collection":[{"href":"https:\/\/www.hohenlohe-ungefiltert.de\/index.php?rest_route=\/wp\/v2\/posts"}],"about":[{"href":"https:\/\/www.hohenlohe-ungefiltert.de\/index.php?rest_route=\/wp\/v2\/types\/post"}],"author":[{"embeddable":true,"href":"https:\/\/www.hohenlohe-ungefiltert.de\/index.php?rest_route=\/wp\/v2\/users\/1"}],"replies":[{"embeddable":true,"href":"https:\/\/www.hohenlohe-ungefiltert.de\/index.php?rest_route=%2Fwp%2Fv2%2Fcomments&post=25745"}],"version-history":[{"count":7,"href":"https:\/\/www.hohenlohe-ungefiltert.de\/index.php?rest_route=\/wp\/v2\/posts\/25745\/revisions"}],"predecessor-version":[{"id":25752,"href":"https:\/\/www.hohenlohe-ungefiltert.de\/index.php?rest_route=\/wp\/v2\/posts\/25745\/revisions\/25752"}],"wp:attachment":[{"href":"https:\/\/www.hohenlohe-ungefiltert.de\/index.php?rest_route=%2Fwp%2Fv2%2Fmedia&parent=25745"}],"wp:term":[{"taxonomy":"category","embeddable":true,"href":"https:\/\/www.hohenlohe-ungefiltert.de\/index.php?rest_route=%2Fwp%2Fv2%2Fcategories&post=25745"},{"taxonomy":"post_tag","embeddable":true,"href":"https:\/\/www.hohenlohe-ungefiltert.de\/index.php?rest_route=%2Fwp%2Fv2%2Ftags&post=25745"}],"curies":[{"name":"wp","href":"https:\/\/api.w.org\/{rel}","templated":true}]}}