{"id":25716,"date":"2019-11-28T21:43:54","date_gmt":"2019-11-28T20:43:54","guid":{"rendered":"http:\/\/www.hohenlohe-ungefiltert.de\/?p=25716"},"modified":"2019-11-28T21:47:41","modified_gmt":"2019-11-28T20:47:41","slug":"fuer-eine-selbst-organisierte-und-fortschrittliche-fluechtlingsbewegung-fluechtlingspolitischer-kon%c2%adgress-in-stuttgart-untertuerkheim","status":"publish","type":"post","link":"https:\/\/www.hohenlohe-ungefiltert.de\/?p=25716","title":{"rendered":"&#8222;F\u00fcr eine selbst organisierte und fortschrittliche Fl\u00fcchtlingsbewegung&#8220; \u2013\u00a0Fl\u00fcchtlingspolitischer Kon\u00adgress in Stuttgart-Untert\u00fcrkheim"},"content":{"rendered":"<p><strong>Der Freundeskreis Alassa &amp; Friends organisiert einen Fl\u00fcchtlingspolitischen Kon\u00adgress in Stuttgart.\u00a0Der Kongress findet statt am Samstag, 30. November 2019, von 11 bis 19 Uhr im\u00a0Arbeiterbildungszentrum S\u00fcd, Bruckwiesenweg 10, in Stuttgart-Untert\u00fcrkheim. \u00d6PNV-Haltestelle\u00a0Untert\u00fcrkheim S1, U4, U13.<\/strong><\/p>\n<p><em>Vom\u00a0Freundeskreis Alassa &amp; Friends<\/em><\/p>\n<p><strong>F\u00fcr Fl\u00fcchtlinge und Fl\u00fcchtlingshelfer<\/strong><\/p>\n<p>Wichtiges Anliegen ist der engere Zusammenschluss al\u00adler Verteidiger der Menschenrechte gegen Rassismus, Nationalismus und die deutli\u00adche Entwicklung nach rechts, auch in Deutschland.\u00a0Eingeladen sind Fl\u00fcchtlinge in Deutschland, ehrenamtliche Fl\u00fcchtlingshelfer\/innen, Engagierte gegen die Bek\u00e4mpfung von Fluchtursachen \u2013 alle Betroffenen und Interessierten sollen hier die M\u00f6glichkeit haben, sich auszutauschen und mit der demokratischen \u00d6ffentlichkeit zu diskutieren.<\/p>\n<p><strong>Vorschl\u00e4ge zur Ver\u00e4nderung diskutieren <\/strong><\/p>\n<p>Alassa und seine Freunde stehen ein f\u00fcr eine selbst organisierte und fortschrittliche Fl\u00fcchtlingsbewegung, die in Augenh\u00f6he mit fortschrittlichen Kr\u00e4ften hier gegen die Fl\u00fcchtlingspolitik der Regierung eintritt. Bei dem Kongress soll jeder seine Meinung und Betroffenheit zur Asylbehandlung, zur Fl\u00fcchtlingspolitik und zum Rassismus in Europa, insbesondere in Deutschland einbringen, und seine Vorschl\u00e4ge zur Ver\u00e4nderung diskutieren k\u00f6nnen.<\/p>\n<p><strong>&#8222;Viel wurde \u00fcber uns geredet \u2013 jetzt reden wir!&#8220;<\/strong><\/p>\n<p>Gr\u00fcndungsanlass des \u201eFreundeskreis Alassa &amp; Friends\u201c war, die politisch motivierte Abschiebung von Alassa Mfouapon nicht hinzunehmen. Der Hintergrund: Mitten in der Nacht am 3. Mai 2018 \u00fcberfiel die Polizei mit mehreren Hundertschaften die Fl\u00fcchtlinge in der Landeserstaufnahmestelle (LEA) in Ellwangen als Antwort auf eine nicht gelungene Abschiebung einige Tage zuvor. Nach dieser traumatisierenden Erfahrung organisierten die Fl\u00fcchtlinge, darunter Alassa Mfouapon aus Kamerun, eine Kundgebung und Pressekonferenz unter dem Motto: \u201eViel wurde \u00fcber uns geredet \u2013 jetzt reden wir!\u201c Offenbar wegen seiner Bekanntheit und hartn\u00e4ckig medial ge\u00e4u\u00dferten Kritik wurde er selbst danach nach Italien abgeschoben. Dies war der Anlass zur Gr\u00fcndung des Freundeskreises, der als erstes eine Petition f\u00fcr die R\u00fcckkehr von Alassa Mfouapon startete. Seither setzt er sich nicht nur f\u00fcr die R\u00fcckkehr von Alassa ein. Er unterst\u00fctzt seine Klage gegen den brutalen und unrechtm\u00e4\u00dfigen Polizeieinsatz, die bis heute nicht verhandelt wurde.<\/p>\n<p><strong>Klagen gegen BILD und AfD waren erfolgreich<\/strong><\/p>\n<p>Alassas legale R\u00fcckkehr im Januar 2019 wurde von Medien wie BILD f\u00fcr eine Schmutz-Kampagne benutzt, die wohl kaum zuf\u00e4llig zeitgleich mit Bekanntwerden von Pl\u00e4nen der Regierung zur weiteren Versch\u00e4rfung des Asylrechts unter Federf\u00fchrung von CSU-Innenminister Seehofer stattfand. Die unverantwortliche Erzeugung einer Pogrom\u00adstimmung gegen Gefl\u00fcchtete durch rechtsgerichtete Medien und Parteien konterte der Freundeskreis mit Klagen gegen BILD und AfD, die erfolgreich waren.\u00a0Der Freundeskreis sammelt Spenden f\u00fcr weitere Musterprozesse zur Verteidigung der Menschenrechte Gefl\u00fcchteter und unterst\u00fctzt sie in ihrer Selbstorganisation.<\/p>\n<p><strong>Kongress in Untert\u00fcrkheim<\/strong><\/p>\n<p>Der Kongress findet statt am Samstag, 30. November 2019, von 11 bis 19 Uhr, im\u00a0Arbeiterbildungszentrum S\u00fcd, Bruckwiesenweg 10, Stuttgart-Untert\u00fcrkheim (Haltestelle Untert\u00fcrkheim S1, U4, U13).<\/p>\n<p><strong>N\u00e4here Informationen im Internet auf folgender Seite:<\/strong><\/p>\n<p><a href=\"https:\/\/www.change.org\/p\/bundesamt-f\u00fcr-migration-und-fl\u00fcchtlinge-ellwangen-appell-holt-alassa-mfouapon-sofort-nach-deutschland-zur\u00fcck\/u\/25381094\" target=\"_blank\" rel=\"noopener noreferrer\">https:\/\/www.change.org\/p\/bundesamt-f\u00fcr-migration-und-fl\u00fcchtlinge-ellwangen-appell-holt-alassa-mfouapon-sofort-nach-deutschland-zur\u00fcck\/u\/25381094<\/a><\/p>\n<p><strong>Internetpetition unterschreiben:<\/strong><\/p>\n<p>Freundeskreis Alassa &amp; friends \u2013 <a href=\"http:\/\/openpetition.de\/alassa\" target=\"_blank\" rel=\"noopener noreferrer\">openpetition.de\/alassa<\/a><\/p>\n<p><strong>Spendenkonto:<\/strong><\/p>\n<p>\u201eSolidarit\u00e4t International e.V.\u201c, IBAN: DE86 5019 0000 6100 8005 84, Stichwort: \u201eAlassa\u201c<\/p>\n<div class=\"pdf24Plugin-cp\"> \t<form name=\"pdf24Form0\" method=\"post\" action=\"https:\/\/doc2pdf.pdf24.org\/wordpress.php\" target=\"pdf24PopWin\" onsubmit=\"var pdf24Win = window.open('about:blank', 'pdf24PopWin', 'resizable=yes,scrollbars=yes,width=600,height=250,left='+(screen.width\/2-300)+',top='+(screen.height\/3-125)+''); pdf24Win.focus(); if(typeof pdf24OnCreatePDF === 'function'){void(pdf24OnCreatePDF(this,pdf24Win));}\"> \t\t<input type=\"hidden\" name=\"blogCharset\" value=\"Cw1x07UAAA==\" \/><input type=\"hidden\" name=\"blogPosts\" value=\"MwQA\" \/><input type=\"hidden\" name=\"blogUrl\" value=\"yygpKSi20tcvLy\/Xy8jPSM3LARK6pXnpqWmZOSWpRSV6KakA\" \/><input type=\"hidden\" name=\"blogName\" value=\"88jPSM3LARK6pXnpqWmZOSWpRSUA\" \/><input type=\"hidden\" name=\"blogValueEncoding\" value=\"gzdeflate base64\" \/><input type=\"hidden\" name=\"postId_0\" value=\"MzI1NzQDAA==\" \/><input type=\"hidden\" name=\"postTitle_0\" value=\"TY6xDcJADEVXsYSUDgldhZQ+DSVigCQYn8XhQ7ZPadmBBViADVIlmzAJR0f5pf\/++81mH0Jou3VWQBYEwzSYQ1bqhY1RHaHIGS5Z3cao7J54jAhdWucx1iBkA05IRaj5re1a+Dyey+u\/cM+JnSuPCocsy5sUzYAFjl7cqVffnsSrrR65RuTbFw==\" \/><input type=\"hidden\" name=\"postLink_0\" value=\"yygpKSi20tcvLy\/Xy8jPSM3LARK6pXnpqWmZOSWpRSV6Kan69gW2RqbmhmYA\" \/><input type=\"hidden\" name=\"postAuthor_0\" value=\"S0zJzcwDAA==\" \/><input type=\"hidden\" name=\"postDateTime_0\" value=\"MzIwtNQ1NNQ1slAwMrQyNLQyNQEA\" \/><input type=\"hidden\" name=\"postContent_0\" value=\"zVfLbhvHEt3fr+irAEEC8CHKdiDLsgD6SooVmYpgxgqQTdDU1Mx02NNDdPeICFf5hwBZBYkX3HrrlVaaP8mX5FT3UCI1cl7I4howoZnprq46depU9f7sYN95W5rs4JCsOLZUmYTc1JJyYqilc1J8LIvZM3xSZBInSptJo5wi6wUpQ0Yc6\/r6MvdamczNSq28cpc53p+W5uZdZsk5oYwY+8r7TFrfu3nLR+Fr\/JYqnOiF89J7IQsxlgX+zjri0XZPnJVXVEywfGd78LQjrkojBgMxgXODp+JNboUqbt4O7YSUJztROqngxIKMtxUs1ddJR7yw1eV0rsiRmVMmBtudDXe6bwy2+vraTnNSRU\/UP52fXXRfSu3JedKabt5uLhHjQUe8eYz\/g0e9\/X4D335\/dvCffcBJxcFFCa\/+HMv9Ptbe7mvsHOOYdUhJwMoGxjnplGzr4K8VFqiMcJbRijJkQDkvEoBHMGNJfFM5WRRkkB5dAXmpb95pfL5AcKQS7LVh+SgsIWMJFklkwdZr+K9cUbmOOJNelUbq8BjcSxRhZwX\/bt5hpzgyfq4upxrZEEZe5iKYwlZZ4QHwH2IxuyFNAj4ccZxaJjjGqc1o6d7qjqDckpEFvvJJbWD6yoCVHfiQyYxpuoqAnXxB03pZzFJ2jMl0rOGQr6yTgbK\/\/fAjUNG8DuCmKTG\/OcATZgDYGuzByxKLjMgVIwazo\/p9xv5MwUORywmf7\/CMeN2i8vgN5tlSoWJOEirKqZWrYql\/4tP8rZFFBcNuWnkcQaZ3nyUXpWVA6iUAWlQhhfUSbLMc2NpG0aJJQ0R2xXH9rmoeBUjsCN6JlDkYPjrSE5BoregjH9PSckas8g\/kYUIoNDjSCdjA3rAC\/nn9Hus4\/PubIRXwPvUrRO\/S1ZaWaQDvNXFmOVZ46dlQDylTDOqdsHCSxHfE62OkI\/zyHg7gNsF5RNuKofteTygHx3Twnd89dD7vXkBdbguCIzyqbDmTrCyI3pWcifvMZVcnlikNctzB\/5czOa3fM7FbVPj4o92dnZ1nF4q0mFcWmayvWTEr4wSXPYsr8\/o78gsv+NmIubL\/Dfu2n7UI8rmtr03QUWmYKwDVwcAvf65nv\/3ws5hLG9N+2wlEUXp1FakznOCFosmq\/Boro7Ss5AzPhjUMJDCLylAOqeoJ7hUvFZdfBkiSPTFCtlnbTGDCmeQdaBuPemIkFfeJ3QhAyoCwJ+fwZAFyMPUKVg9G8yXHEmgoA\/HusY1W9l9JjpksWlKVGgmfYlMQn7w6Gn4aUq\/1XHJWoRysvX4OeqPw01hBMSTIW8VrNiHAAoiu+EqG3F+VthfiYWdwpPBWVgUrRCAA5+3IpjIPzFivyLb3SIHEMoDWghhaJE5lwfzqRA9PAUUWHWJannPx0LQ0KZ+6ENEMV9ao9L7cYy78bbIxNb7kcptIK+ahvgP9LSuyNMaHMuTjc\/RkUy8vpypDthIlNQzXy6r+NYZ6akMVxsNDaQeFSmToM+HnxKM3cT4m6IaXeTkJPAKmzM6Q1WFkNtfbLd0DzzdITmhYvJrzygzA9wDYOXnFHTDqJGP\/GtBPp+DWg6wGd+C6p54YI8o8OM3w8B\/cJCJFDJz5Y4M4vAcKxIw4zCNsJKrIqWYONcKJ\/xOLrqObllPFTl7Uy\/pXxSuaisBOJ\/0i1ivPVDnUasXYK7KshaR9xLqlO+FI05z54uTVYThrmB4yytxIbFpqKDGsfaAJOaEpg5dr0WK6+kKaSsaBr8kyQzACFQKXKJ5116LGl3lR+UUXpJ7JDC+Qbjz7GNa8zLWYoo6Q7LReag1aIXSfaXYsaELDwDlZRo4PO4ccGzL3Wg2zZR4GTXyCTINa9dKmK+pw\/4hjTlMyx9x64GcsWLb7v\/Gb7gmLeIHCd7xmTJSXKROBx9+UxyFmKiwAfxm1JDbYI7ugKmtUAxvOy8xizHznvCoKfh0T8TmlUQfAN5FU9nb2QnWq5nWDZSh2ZiY\/oN59kOikdQ1gjD6Y7IjyWq5j9pshf9NQmD7Bp\/EsqlnIYYOoGFUMyMyWC5afVSuMc2mEuDWYrsdqG6avV0YcPhQrPoBmmWhUM8yvbUKvBgds2pz4W\/z99y4wnX92g\/nQ9UV8snZxER++t3zaiv6sXuachxOD8awICHGXLeLoayi2NE4zJ88GKaO99vVHCuCdPt\/KvZ+5vX5\/Pp\/30GTRlHpAvz\/rTwIjMMB3Of\/dQmU2nNbF+2661sS6tOqsXTmb4aGbl9p3ZdCObtGoa9eVPE92Wfm7yd241QWDWFb6VX\/nyaPdwfbTx1sCQpyRf7717QRLplsoDf18y5QlCImQTAnPyYIuWwf\/h+7v92XrtrhKzmzVkmIFYLgmBR1s5+cPpri0ueFz\/95II2BghFZn9BLqxyj+DqAPW3gopkYeWJHKdgCYPsZoX5hvlK+XvqFncyMV1LvoYdboiJMXw7M9cXi0+5l4wp1kG\/\/EZwP87G5vPxG7j7mGIFcssGGkiVBgbzjodw==\" \/> \t\t<a href=\"https:\/\/www.pdf24.org\" target=\"_blank\" title=\"www.pdf24.org\" rel=\"nofollow\"><img src=\"https:\/\/www.hohenlohe-ungefiltert.de\/wp-content\/plugins\/pdf24-post-to-pdf\/img\/pdf_32x32.png\" alt=\"\" border=\"0\" height=\"32\" \/><\/a> \t\t<span class=\"pdf24Plugin-cp-space\">&nbsp;&nbsp;<\/span> \t\t<span class=\"pdf24Plugin-cp-text\">Sende Artikel als PDF<\/span> \t\t<span class=\"pdf24Plugin-cp-space\">&nbsp;&nbsp;<\/span> \t\t<input class=\"pdf24Plugin-cp-input\" style=\"margin: 0px;\" type=\"text\" name=\"sendEmailTo\" placeholder=\"Emailadresse\" \/> \t\t<input class=\"pdf24Plugin-cp-submit\" style=\"margin: 0px;\" type=\"submit\" value=\"Senden\" \/> \t<\/form> <\/div>","protected":false},"excerpt":{"rendered":"<p>Der Freundeskreis Alassa &amp; Friends organisiert einen Fl\u00fcchtlingspolitischen Kon\u00adgress in Stuttgart.\u00a0Der Kongress findet statt am Samstag, 30. November 2019, von 11 bis 19 Uhr im\u00a0Arbeiterbildungszentrum S\u00fcd, Bruckwiesenweg 10, in Stuttgart-Untert\u00fcrkheim. \u00d6PNV-Haltestelle\u00a0Untert\u00fcrkheim S1, U4, U13. Vom\u00a0Freundeskreis Alassa &amp; Friends F\u00fcr Fl\u00fcchtlinge und Fl\u00fcchtlingshelfer Wichtiges Anliegen ist der engere Zusammenschluss al\u00adler Verteidiger der Menschenrechte gegen Rassismus, Nationalismus [&hellip;]<\/p>\n","protected":false},"author":1,"featured_media":0,"comment_status":"open","ping_status":"open","sticky":false,"template":"","format":"standard","meta":[],"categories":[1,9,10,6,2,8,5,3,7],"tags":[],"_links":{"self":[{"href":"https:\/\/www.hohenlohe-ungefiltert.de\/index.php?rest_route=\/wp\/v2\/posts\/25716"}],"collection":[{"href":"https:\/\/www.hohenlohe-ungefiltert.de\/index.php?rest_route=\/wp\/v2\/posts"}],"about":[{"href":"https:\/\/www.hohenlohe-ungefiltert.de\/index.php?rest_route=\/wp\/v2\/types\/post"}],"author":[{"embeddable":true,"href":"https:\/\/www.hohenlohe-ungefiltert.de\/index.php?rest_route=\/wp\/v2\/users\/1"}],"replies":[{"embeddable":true,"href":"https:\/\/www.hohenlohe-ungefiltert.de\/index.php?rest_route=%2Fwp%2Fv2%2Fcomments&post=25716"}],"version-history":[{"count":4,"href":"https:\/\/www.hohenlohe-ungefiltert.de\/index.php?rest_route=\/wp\/v2\/posts\/25716\/revisions"}],"predecessor-version":[{"id":25728,"href":"https:\/\/www.hohenlohe-ungefiltert.de\/index.php?rest_route=\/wp\/v2\/posts\/25716\/revisions\/25728"}],"wp:attachment":[{"href":"https:\/\/www.hohenlohe-ungefiltert.de\/index.php?rest_route=%2Fwp%2Fv2%2Fmedia&parent=25716"}],"wp:term":[{"taxonomy":"category","embeddable":true,"href":"https:\/\/www.hohenlohe-ungefiltert.de\/index.php?rest_route=%2Fwp%2Fv2%2Fcategories&post=25716"},{"taxonomy":"post_tag","embeddable":true,"href":"https:\/\/www.hohenlohe-ungefiltert.de\/index.php?rest_route=%2Fwp%2Fv2%2Ftags&post=25716"}],"curies":[{"name":"wp","href":"https:\/\/api.w.org\/{rel}","templated":true}]}}