{"id":25710,"date":"2019-11-24T22:13:00","date_gmt":"2019-11-24T21:13:00","guid":{"rendered":"http:\/\/www.hohenlohe-ungefiltert.de\/?p=25710"},"modified":"2019-11-24T22:15:28","modified_gmt":"2019-11-24T21:15:28","slug":"ich-fordere-soziale-teilhabe-und-soziale-gerechtigkeit-fuer-alle-einwohnerinnen-des-landkreises-haushaltsrede-der-kreisraetin-ellena-schumacher-koelsch-linke-im-kreistag-schwaebisch-ha","status":"publish","type":"post","link":"https:\/\/www.hohenlohe-ungefiltert.de\/?p=25710","title":{"rendered":"&#8222;Soziale Teilhabe und soziale Gerechtigkeit f\u00fcr alle EinwohnerInnen des Landkreises&#8220; \u2013 Haushaltsrede der Kreisr\u00e4tin Ellena Schumacher Koelsch (LINKE) im Kreistag Schw\u00e4bisch Hall"},"content":{"rendered":"<p><strong>Ihre erste Haushaltsrede hat die\u00a0Kreisr\u00e4tin Ellena Schumacher Koelsch (LINKE) im Kreistag Schw\u00e4bisch Hall gehalten. Hohenlohe-ungefiltert ver\u00f6ffentlicht die schriftliche Fassung der Rede in voller L\u00e4nge.<\/strong><\/p>\n<p><em>Haushaltsrede von Kreisr\u00e4tin Ellena Schumacher Koelsch (LINKE) im Kreistag Schw\u00e4bisch Hall<\/em><\/p>\n<p><strong>Sehr geehrter Herr Landrat Bauer,<\/strong><\/p>\n<p><strong>sehr geehrte Kreistagsverwaltung,<\/strong><\/p>\n<p><strong>sehr geehrte Kreistagskolleginnen und -kollegen, <\/strong><\/p>\n<p><strong>sehr geehrter Herr Dr. Haas,<\/strong><\/p>\n<p><strong>sehr geehrte Damen und Herren,<\/strong><\/p>\n<p><strong>liebe Heidi,<\/strong><\/p>\n<p>ich bitte um Nachsicht, da dies f\u00fcr mich eine kleine Premiere ist und ich sehr aufgeregt bin. Meine erste Haushaltsrede im Kreistag Schw\u00e4bisch Hall.\u00a0Ich m\u00f6chte mich auf ein paar wenige Punkte konzentrieren, die wir im Kollektiv f\u00fcr meine Rede zum Haushalt des Landkreises Schw\u00e4bisch Hall ausgearbeitet haben.<\/p>\n<p><strong>Medizinische Grundversorgung<\/strong><\/p>\n<p>Ich beginne mit der medizinischen Grundversorgung. Es ist eine verantwortungsvolle Aufgabe des Landkreises f\u00fcr eine gute und erreichbare medizinische Grundversorgung in der Fl\u00e4che zu sorgen. Die F\u00fchrung und Organisation des Klinikums Crailsheim muss in der Hand des Landkreises bleiben. Der Ausbau von medizinischen Versorgungszentren ist das Resultat von geschlossenen Krankenh\u00e4usern und fehlendem medizinischen Personal im l\u00e4ndlichen Raum. Die Erstversorgung durch die MVZ erh\u00e4lt immer mehr Bedeutung und Anerkennung innerhalb der Bev\u00f6lkerung. Eine langfristige Alternative haben wir von unserer Landesregierung bisher nicht vorgestellt bekommen.<\/p>\n<p><strong>Vernetzung von Dorf zur Stadt<\/strong><\/p>\n<p>Die Vernetzung im l\u00e4ndlichen Raum von Dorf zur Stadt muss weiter ausgebaut werden. Wir haben im l\u00e4ndlichen Raum eine schlechte Taktung f\u00fcr Bus und Bahn. Wir m\u00f6chten den individual-, Ein-Personen-Auto-Verkehr drastisch senken und die Radwege sichtbarer machen und ausbauen. Der \u00d6PNV muss f\u00fcr PendlerInnen, ArbeitnehmerInnen, Auszubildende, Studierende und Sch\u00fclerInnen attraktiver und billiger gestaltet werden. Zum Beispiel durch W-Lan in allen Bussen und Bahnen und die Einf\u00fchrung eines 365-Euro-Tickets. <strong>Dazu stelle ich einen Antrag.<\/strong> Gemeinsam m\u00fcssen wir das Bewusstsein f\u00fcr die Nutzung des \u00d6PNV und des Fahrrads st\u00e4rken. Es werden immer mehr Autos gefahren, weil wir uns diese Flexibilit\u00e4t und Spontanit\u00e4t der Fortbewegung anerzogen haben. Paradoxerweise begegnen mir genau diese Eigenschaften bei Schwaben und Hohenlohern eher weniger.<\/p>\n<p><strong>So komme ich zum Klimaschutz, sehr geehrte Damen und Herren,<\/strong><\/p>\n<p>durch die menschengemachte globale Klimaerw\u00e4rmung, werden wir in den kommenden Jahren an\u00a0die Grenzen unserer \u00f6kologischen und finanziellen Ressourcen kommen.\u00a0Die Existenz der menschengemachten globalen Klimaerw\u00e4rmung wird bedauerlicherweise nicht von allen Kreistagsmitgliedern ernst genommen. Eine gutb\u00fcrgerliche Rechtspopulistin machte schon im September 2017 die Strahlen der Sonne f\u00fcr einen nat\u00fcrlichen Klimawandel verantwortlich. Fakt ist in unseren Landen, dass unsere W\u00e4lder sterben, die B\u00f6den zu trocken sind und das Artensterben voranschreitet. Unsere Aufgabe ist der \u00f6kologische Erhalt von Umwelt und Natur, wie auch die wissenschaftliche Erkenntnisgewinnung von Klimaschutzma\u00dfnahmen, beispielsweise durch Aufforstung, Blumenwiesen und \u00f6kologischem Ackerbau.<\/p>\n<p><strong>107 Kilogramm Verpackungsm\u00fcll pro Person<\/strong><\/p>\n<p>Das Umweltbundesamt hat am Montag seine Statistik von 2017 ver\u00f6ffentlicht: 107 Kilogramm Verpackungsm\u00fcll pro Kopf. Diese Menge ist schockierend. Wir m\u00fcssen gemeinsam an einem \u00f6kologisch sinnvollen M\u00fcllkonzept wie auch bei der M\u00fcllproduktion nachhaltige Konzepte entwickeln. Auch hier bedarf es, das Bewusstsein f\u00fcr die VerbraucherInnen zu sensibilisieren.<\/p>\n<p><strong>Soziale Gerechtigkeit, sozialer Frieden und Teilhabe<\/strong><\/p>\n<p>Das signifikanteste Thema meiner kommunalen Arbeit liegt im Sozialhaushalt. Die Aufwendungen f\u00fcr die Soziale Sicherung im Landkreis werden f\u00fcr 2020 auf 147.879.955 Euro berechnet. Die Sozial- und Jugendhilfe sowie Migration sind gro\u00dfe und wichtige Aufgaben des Landkreises f\u00fcr die Aufrechterhaltung sozialer Gerechtigkeit, den sozialen Frieden und der Teilhabe von Menschen mit und ohne Beeintr\u00e4chtigung in unserer Kommune. Bund und Land m\u00fcssen bei der finanziellen Umsetzung dieser sozialen Aufgaben bei zus\u00e4tzlichen 150 Millionen Euro in die Verantwortung gezogen werden. Es kann nicht sein, dass das lang erk\u00e4mpfte Bundesteilhabegesetz (BTHG) in der Umsetzung scheitert, weil die Kommunen in Baden-W\u00fcrttemberg f\u00fcr gesch\u00e4tzte 82.000 Menschen mit Behinderung nicht genug Mittel zur Verf\u00fcgung gestellt bekommen. Die Gelder zur Implementierung des BTHG f\u00fcr Kinder, Jugendliche und Erwachsene, der geb\u00fchrenfreien Kindertagesbetreuung und der Bildungs- und Betreuungsarbeit f\u00fcr Kinder und Jugendliche, sind elementar f\u00fcr die Entwicklung zu einer\/m demokratisch aktiven B\u00fcrgers \/in.<\/p>\n<p><strong>&#8222;Ich lehne Erh\u00f6hung der Kreisumlage auf 33,75 Prozent ab&#8220;<\/strong><\/p>\n<p>Eine Erh\u00f6hung des Kreisumlagehebesatzes auf 33,75 Prozent lehne ich daher ab.\u00a0Ich setze mich f\u00fcr eine starke und gerechte Gesellschaft in unserer Kommune und in unserem Landkreis ein. Ich werde mich weder von Rechtspopulismus, noch Rassismus, Antisemitismus und Islamfeindlichkeit, Homophobie, Sexismus und Abwertung von bestimmten Menschen beeindrucken lassen.\u00a0Ich fordere soziale Teilhabe und soziale Gerechtigkeit f\u00fcr alle EinwohnerInnen des Landkreises Schw\u00e4bisch Hall.<\/p>\n<p>Vielen Dank f\u00fcr Ihre Aufmerksamkeit.<\/p>\n<p>Ellena Schumacher Koelsch, Kreis- und Stadtr\u00e4tin Schw\u00e4bisch Hall<\/p>\n<div class=\"pdf24Plugin-cp\"> \t<form name=\"pdf24Form0\" method=\"post\" action=\"https:\/\/doc2pdf.pdf24.org\/wordpress.php\" target=\"pdf24PopWin\" onsubmit=\"var pdf24Win = window.open('about:blank', 'pdf24PopWin', 'resizable=yes,scrollbars=yes,width=600,height=250,left='+(screen.width\/2-300)+',top='+(screen.height\/3-125)+''); pdf24Win.focus(); if(typeof pdf24OnCreatePDF === 'function'){void(pdf24OnCreatePDF(this,pdf24Win));}\"> \t\t<input type=\"hidden\" name=\"blogCharset\" value=\"Cw1x07UAAA==\" \/><input type=\"hidden\" name=\"blogPosts\" value=\"MwQA\" \/><input type=\"hidden\" name=\"blogUrl\" value=\"yygpKSi20tcvLy\/Xy8jPSM3LARK6pXnpqWmZOSWpRSV6KakA\" \/><input type=\"hidden\" name=\"blogName\" value=\"88jPSM3LARK6pXnpqWmZOSWpRSUA\" \/><input type=\"hidden\" name=\"blogValueEncoding\" value=\"gzdeflate base64\" \/><input type=\"hidden\" name=\"postId_0\" value=\"MzI1NzQAAA==\" \/><input type=\"hidden\" name=\"postTitle_0\" value=\"LY5BCsIwEEWvMiCI7qQroetiS4ubeoFpMjZD0ykkKQVX3sEr9BjuehNPYoJu\/3v\/8\/e7c5ZleTs9GC3Bjdga7Ahm0eD\/4YUcKRO4H4gD3Le3A7QxL1iWyQi5SoQENHloUPTgiD35fVo+5fB5vqDE2Ru0wTvSFEUHdZLctgYWKOKYILTKzCMqk+hE1isDh6a61sURePwVAvZJW7a148TL+OML\" \/><input type=\"hidden\" name=\"postLink_0\" value=\"yygpKSi20tcvLy\/Xy8jPSM3LARK6pXnpqWmZOSWpRSV6Kan69gW2RqbmhgYA\" \/><input type=\"hidden\" name=\"postAuthor_0\" value=\"S0zJzcwDAA==\" \/><input type=\"hidden\" name=\"postDateTime_0\" value=\"MzIwtNQ1NNQ1MlEwMrIyNLQyMAAA\" \/><input type=\"hidden\" name=\"postContent_0\" value=\"rVhNb9tIEr3vr2hggcUMICmOs9lkdowA1tqxPR5njTgfwNyaZotskGwK3aQV6IfsdXLwb\/App+iP7XvVTUm2nNkMsJfEIrurq169elXNg\/mrg9D51hWvzkpvlPGhM+pU96HUdRe8yY0qdadya75+PvfGBr+67axTx3VtnFZX12Xf6OvSeHXemjpcl+qHX8\/enB\/\/qGyjZEOnCy5brG4zy\/enuq5VYWjfuIk6bUvjavwz7l1hZhZPfadujF\/dzWbGdbW9LuV8hc3ezuSBUa91CNigcpz8ll7Cp5sWTnn16+oWliYHT1JgB0\/mr\/5ygEBN8+p+ZDetU\/+\/oA6e4ID1YenwK1N6RIt\/EZc6NR7+aZd7YDrVvfGjXTfT77C1c31oADAL+I\/Q\/+zOiugU1jnjVO9yNY4PjBup77KUvD\/yyJnW4TuPP9JNOo+7cdg3t9XWZKCesbndXYScq8x2MNg36g1yE0iLkco1qRHUbPXFq4arjHVGVbX8d+lNYw1oDQTEBy4Q93Q\/K\/Ci6GAVJLyQ5Y+R\/48SPvn6+Qx\/Nqs7+GLi8TBMF9Rca68WxtkCbvSuwvuqdUsQ2tMjgE5KL6yXE5iJqrM3KQ7xRli9RLiDQ+B6EPJUdAh\/71QVFhZG+8zYznSo2wwF9hDmC5PbpXXcZNSJByqgVGh9AUrtwM7wskgahNdJtTVbBtxDCxN1HARtCQHPtesWrSdfg5SnOgTycGwnGIlcdhU904xskTDANNPIYPMHbrP26dnrenXL18te8Q3V5Qggv159KT2X0ea\/faFhRXe2deLDeQ2rVd8E9S+vbR1Kg4Q0fQiD1VM4ueNtBoJlcgBWHPYh072oyX1wPqxdDJJ5PCI2uQ7IbujrDirAXYXB+roNwbA4zwFaZVy5uu2D8bF4ZqaENOWmeXDCJU9wuiaLEL3LRR2deqv7JkZ\/DFJvQZX3Hjkl9y4+\/AaEcQqYZZtGMovKmIJ2fTfAdeiMhy8uoowfIGImsEzNzequroyPWWfiau2KmUeEJP0hhdwB5xsTmShkZ7S9Q1gm6qBBlRVWjKASAyXXieDfMIEoxxreZaZq4eAul4GvM92Sm2n4qPUzJN+rq07n3Q6ZicbWjkcQe8RKpMKCFeVjfSHVHR74nOn\/iJhidI+ZEzoztUYE4p2uBFih+rQPgvBUl8lO0hGyDuZcbm9s3ut6PCK645hp48aHfdeOPzAtyBYaCeAOImskjZhkdt\/qfAFxV6KTrCDY1+IZV2hh7MDf1X8u33yIgYprl2AaGukZW8VIHYqeOFM2m0d9WPaZrXNScgSg+lxELY91C11afRkMKN11XlPccBLfYl8NgrBFQFVrKtWA5m\/AbIoCm1tTJ6Z+HIMmLEXN3kzUQoqBwG0FDIxmQ6ET96Ce\/eP5+Lj37fidva5MFyZq4M2RpkSQXEYNPcOB63C02MwN6sRQiYNG0a2+yLmkMKt3ahZwpAtUeoGMHrzpI7GoFRHSPinHa116r\/OAM1e3rCeRyRj1du0xtQG4zLCeOIN2tZyJkpE+BzGrzScLCC0sxZ52NW9dB02TByKD0NvMIPt0RqNmly20MLUDdanhSfsJYwSVjOpuCkbfWGbEQcfiQcfIkQOx9IyUBAWk3QjVpZsPYxsEyrBsY6\/zOzV61SqpXgGa7QyC22gYBloj9SdnhY16NeKcwaBHWmNzUbeZRj7FPKID0A2npAFmabWxtqKa8K9fBGiA9PUzjZ7gx9JsFGp1hxmpLZLWig5bp93SGiEjNDy08GhtEgOBSO4naCAspXZ531E3eOoeukoXUR4m51woMpJyNCjiUATrkQ4tucDYlEsSvENrQc6iJ1GR0Uoz0LNI9uAxLIV5O+9ryrRTCTx42IqEXZl5Z5oMfu\/vPX0hSF+hKth8JJqrlqPAulc7BYXHjyR6EtCCsl5v9X6+nKAGqk66nx3wdbEDcBTCMJ8eqo9oSDwJCEJ40pw0Xd0xXaha8OGaOhcgkLG+UI6HYI9LG9g5NCH3MgVN1Ptod5g7pAE\/yC2apAxYhPh9szB1rKw3uus9CAQHdJ94t7AUglgXEdNjaZAdOnJhFja2SrlYbHje6NXvTkNAEU6W9C3E3EZGw7lZi0YthJ3WPVYuWIWRdNuuNuoQ8Xuo906lPd17oc4tFnrdNOx0c31dcfaAemE4nPs2jQu7nREYxriznj1ZN53c+qB8FxSXQgVpZeiIHXlTSYDCkAcXtX+q7\/DivJ3PZDhB\/BesDEkKOXhdxT4yNMSousVah9EK6EizDQmp4GS2dOqCZ8icPe82eaN4MeXyFg7kfSXjnwP5mXeOK+dxEy4BIC37RY0aOuTuEi5JVWIsMGH0bf1HrJnngUPnY5MBV0SugwT2iDouLVXrBG8Bny0qsBayGB9Dyz3LO9LgHboBRfzR9AVbODuzFWqOY5N6B6roeJPwok69E82J3VxBNYpOCl5OKtMVI46MYCPUPOd9fCu8wdUrUaY0Qa1n4kFmZfn+3v6e3ISe\/v3F5OWLnyY\/PX+u2IqBI+N0Jp0UbY4lvF96HJeXtp5Bj1om78KCRJIpqfbCt6vf44SxsALWuqrd49eJPAYj0MroKuPXGtwHoNP99M7dA57cGcAX5l8kTZc7EVe0CAmkANqd5x0ENtO9ZGgl55ICM8EEk4SL3q4pPlD0Xn9534Q0q0pL9hvv1mFz37IPaP3LpMFPn+8BOIxYHBYj6Gx7kZ+b2xiKKo4Fw+yFgQTkcanZkNlJl8l3TvboMNXqtpljHpAgSLOICQY5+Kl+mL47PflxuDZtnCdUHJ+7NNDQlwSHTHZTDQfGH5GwLvaeNCHLrYiR4cCX+5O9vb37wE9NCVpEKkavEU9fIHrYqWWER8gwVcR4H94mhIEnRroNF5818xpK47p0HyGlGFL05lzOGiWaRulnGo\/9gp8jcHMbSdy4IHAMNQ60s+yJsg8aakJmcAXsh6uVXKIwQ1MbYwVMh\/ch3uG3D94qETl7FGvCRI+13xD+OApYzXOgQKIATxoc17QVy4mSGedxQB+Hg6Ce2F1t+ttfX+7v7\/\/MbwC1IcHRJVd35fDVTaaQvqkRmdT6s2ejF8\/VpW951VU6k+17P++olQwm26bCtqnSZOg\/3RJPd41GNzhI5pozp87SJxhSLX2A2XxHwIiE1izAFbHSme4AEsT2\/Uh5xo9Ew+NteTP8TMSjpF7iUQtOXiII9+YqXKRGyrVY8Bb1k37jcgFdAm3lt5xzFmrdzGBYMho16LRt2nnZZpbXKkz668WHGQ7uhtkCGHW4N3CaXJdERvnJfS\/jUa0pKwkdjBY5R6AkHxsto+HwWAeKKHLa5By5oLylnva\/vkGtWfQBIob1R9pV0Zp8X4Zw4bZToZfzmPXib354HUVuxPqQC3n6VLv78RWW\/gs=\" \/> \t\t<a href=\"https:\/\/www.pdf24.org\" target=\"_blank\" title=\"www.pdf24.org\" rel=\"nofollow\"><img src=\"https:\/\/www.hohenlohe-ungefiltert.de\/wp-content\/plugins\/pdf24-post-to-pdf\/img\/pdf_32x32.png\" alt=\"\" border=\"0\" height=\"32\" \/><\/a> \t\t<span class=\"pdf24Plugin-cp-space\">&nbsp;&nbsp;<\/span> \t\t<span class=\"pdf24Plugin-cp-text\">Sende Artikel als PDF<\/span> \t\t<span class=\"pdf24Plugin-cp-space\">&nbsp;&nbsp;<\/span> \t\t<input class=\"pdf24Plugin-cp-input\" style=\"margin: 0px;\" type=\"text\" name=\"sendEmailTo\" placeholder=\"Emailadresse\" \/> \t\t<input class=\"pdf24Plugin-cp-submit\" style=\"margin: 0px;\" type=\"submit\" value=\"Senden\" \/> \t<\/form> <\/div>","protected":false},"excerpt":{"rendered":"<p>Ihre erste Haushaltsrede hat die\u00a0Kreisr\u00e4tin Ellena Schumacher Koelsch (LINKE) im Kreistag Schw\u00e4bisch Hall gehalten. Hohenlohe-ungefiltert ver\u00f6ffentlicht die schriftliche Fassung der Rede in voller L\u00e4nge. Haushaltsrede von Kreisr\u00e4tin Ellena Schumacher Koelsch (LINKE) im Kreistag Schw\u00e4bisch Hall Sehr geehrter Herr Landrat Bauer, sehr geehrte Kreistagsverwaltung, sehr geehrte Kreistagskolleginnen und -kollegen, sehr geehrter Herr Dr. Haas, sehr geehrte [&hellip;]<\/p>\n","protected":false},"author":1,"featured_media":0,"comment_status":"open","ping_status":"open","sticky":false,"template":"","format":"standard","meta":[],"categories":[1,9,2,8,4,3],"tags":[],"_links":{"self":[{"href":"https:\/\/www.hohenlohe-ungefiltert.de\/index.php?rest_route=\/wp\/v2\/posts\/25710"}],"collection":[{"href":"https:\/\/www.hohenlohe-ungefiltert.de\/index.php?rest_route=\/wp\/v2\/posts"}],"about":[{"href":"https:\/\/www.hohenlohe-ungefiltert.de\/index.php?rest_route=\/wp\/v2\/types\/post"}],"author":[{"embeddable":true,"href":"https:\/\/www.hohenlohe-ungefiltert.de\/index.php?rest_route=\/wp\/v2\/users\/1"}],"replies":[{"embeddable":true,"href":"https:\/\/www.hohenlohe-ungefiltert.de\/index.php?rest_route=%2Fwp%2Fv2%2Fcomments&post=25710"}],"version-history":[{"count":5,"href":"https:\/\/www.hohenlohe-ungefiltert.de\/index.php?rest_route=\/wp\/v2\/posts\/25710\/revisions"}],"predecessor-version":[{"id":25715,"href":"https:\/\/www.hohenlohe-ungefiltert.de\/index.php?rest_route=\/wp\/v2\/posts\/25710\/revisions\/25715"}],"wp:attachment":[{"href":"https:\/\/www.hohenlohe-ungefiltert.de\/index.php?rest_route=%2Fwp%2Fv2%2Fmedia&parent=25710"}],"wp:term":[{"taxonomy":"category","embeddable":true,"href":"https:\/\/www.hohenlohe-ungefiltert.de\/index.php?rest_route=%2Fwp%2Fv2%2Fcategories&post=25710"},{"taxonomy":"post_tag","embeddable":true,"href":"https:\/\/www.hohenlohe-ungefiltert.de\/index.php?rest_route=%2Fwp%2Fv2%2Ftags&post=25710"}],"curies":[{"name":"wp","href":"https:\/\/api.w.org\/{rel}","templated":true}]}}