{"id":25684,"date":"2019-11-14T22:51:54","date_gmt":"2019-11-14T21:51:54","guid":{"rendered":"http:\/\/www.hohenlohe-ungefiltert.de\/?p=25684"},"modified":"2019-11-14T23:10:44","modified_gmt":"2019-11-14T22:10:44","slug":"25684","status":"publish","type":"post","link":"https:\/\/www.hohenlohe-ungefiltert.de\/?p=25684","title":{"rendered":"&#8222;Weitere Pr\u00fcfung von finanziellen Interessenskonflikten wurde verhindert&#8220; \u2013\u00a0EU-Abgeordnete Evelyne Gebhardt zur geplanten Amtseinsetzung von Thierry Breton als EU-Binnenmarktkommissar"},"content":{"rendered":"<p><strong>Eine Mehrheit der Koordinatorinnen und Koordinatoren des Binnenmarktausschusses im Europ\u00e4ischen Parlament hat am heutigen Donnerstag (14. November 2019) f\u00fcr eine Amtseinsetzung von Thierry Breton als EU-Binnenmarktkommissar gestimmt.<\/strong><\/p>\n<p><em>Von Evelyne Gebhardt, EU-Abgeordnete der SPD aus Hohenlohe<\/em><\/p>\n<p><strong>Zitate von Evelyne Gebhardt, Mitglied im Ausschuss f\u00fcr Binnenmarkt und Verbraucherschutz, zur heutigen Anh\u00f6rung:<\/strong><\/p>\n<p>1.) &#8222;Thierry Bretons Aufgabengebiet ist nach bisherigem Zuschnitt enorm: Industriepolitik, Verteidigung, Binnenmarkt, Verbraucherschutz und Kultur. Ich frage mich, wie ein einziger Mensch all diese Gebiete mit der n\u00f6tigen Ernsthaftigkeit, Verantwortung und Konsequenz bew\u00e4ltigen soll.&#8220;<\/p>\n<p>2.) &#8222;Thierry Breton hat jahrelang als Chef eines IT-Konzerns sowie als Lobbyist bei der EU-Kommission gearbeitet. Sollte er best\u00e4tigt werden, werden wir im Europ\u00e4ischen Parlament besonders genau pr\u00fcfen, in welcher Weise er dieses Themengebiet bearbeiten wird. Leider haben Konservative und Liberale eine weitere Pr\u00fcfung von m\u00f6glichen finanziellen Interessenskonflikten im Rechtsausschuss mit sehr knapper Mehrheit verhindert.&#8220;<\/p>\n<p>3.) &#8222;Ich begr\u00fc\u00dfe Thierry Bretons Haltung zur sozialen Marktwirtschaft, dass Sozial- und Wirtschaftspolitik eben nicht unabh\u00e4ngig voneinander sinnvoll funktionieren. Sondern starke Wirtschaftspolitik nur mit starker Sozialpolitik Hand in Hand gehen kann.&#8220;<\/p>\n<p>4.) &#8222;Sorge mache ich mir um den europ\u00e4ischen Sozialstaat. Ich erwarte von Herrn Breton, dass er ein genaues Augenmerk auf die Verbindung von Investitionen in die Vollendung des digitalen Binnenmarktes sowie die Einhaltung des Arbeits- und Sozialrechts in Europa wirft. Dabei geht es um Investitionen wie Netzanbindungen, Online-Dienste in der Verwaltung oder Interkonnektivit\u00e4t. Bei den Sozialstandards ist der Verbraucherschutz wichtig f\u00fcr die B\u00fcrgerinnen und B\u00fcrger, die Anerkennung von Berufsqualifikationen, gleiche Bedingungen und gleicher Lohn f\u00fcr gleiche Arbeit, egal wo die Dienstleistung stattfindet sowie Sozialversicherungen f\u00fcr Arbeitnehmerinnen und Arbeitnehmer im Ausland.&#8220;<\/p>\n<p><strong>Weitere Informationen und Kontakt:<\/strong><\/p>\n<p>Fabian Rothfuss,\u00a0Leiter Europab\u00fcro K\u00fcnzelsau,\u00a0Assistent von Evelyne Gebhardt MdEP,\u00a0Keltergasse 47 ,\u00a074653 K\u00fcnzelsau<\/p>\n<p>Telefon: 0 79 40 &#8211; 5 91 22<\/p>\n<p>Fax: 0 79 40 &#8211; 5 91 44<\/p>\n<p>E-Mail: info@evelyne-gebhardt.eu<\/p>\n<p><strong>Internet:<\/strong> <a href=\"http:\/\/www.evelyne-gebhardt.eu\" target=\"_blank\" rel=\"noopener noreferrer\">www.evelyne-gebhardt.eu<\/a><\/p>\n<div class=\"pdf24Plugin-cp\"> \t<form name=\"pdf24Form0\" method=\"post\" action=\"https:\/\/doc2pdf.pdf24.org\/wordpress.php\" target=\"pdf24PopWin\" onsubmit=\"var pdf24Win = window.open('about:blank', 'pdf24PopWin', 'resizable=yes,scrollbars=yes,width=600,height=250,left='+(screen.width\/2-300)+',top='+(screen.height\/3-125)+''); pdf24Win.focus(); if(typeof pdf24OnCreatePDF === 'function'){void(pdf24OnCreatePDF(this,pdf24Win));}\"> \t\t<input type=\"hidden\" name=\"blogCharset\" value=\"Cw1x07UAAA==\" \/><input type=\"hidden\" name=\"blogPosts\" value=\"MwQA\" \/><input type=\"hidden\" name=\"blogUrl\" value=\"yygpKSi20tcvLy\/Xy8jPSM3LARK6pXnpqWmZOSWpRSV6KakA\" \/><input type=\"hidden\" name=\"blogName\" value=\"88jPSM3LARK6pXnpqWmZOSWpRSUA\" \/><input type=\"hidden\" name=\"blogValueEncoding\" value=\"gzdeflate base64\" \/><input type=\"hidden\" name=\"postId_0\" value=\"MzI1szABAA==\" \/><input type=\"hidden\" name=\"postTitle_0\" value=\"Nc4xCsJQEATQqywIdoKkElIlEMTOQrH+IZNkyc9G9m8iSeUdvIAHsdKbeBKTwnKG4THr1S6KovgCNijoqJ9X2UtFQydUsjiZGN5D6CDLIARIaDopPTc2t7deC9AArVkKqK0XbhvT9\/54P7PzJskrdFoIDJQN8KOA9shrp4XR1CtVuHonC5W0FsASYNP\/wKlmqI6UKmyOzgeazZRFIK3TxpqubTkEpz8=\" \/><input type=\"hidden\" name=\"postLink_0\" value=\"yygpKSi20tcvLy\/Xy8jPSM3LARK6pXnpqWmZOSWpRSV6Kan69gW2RqZmFiYA\" \/><input type=\"hidden\" name=\"postAuthor_0\" value=\"S0zJzcwDAA==\" \/><input type=\"hidden\" name=\"postDateTime_0\" value=\"MzIwtNQ1NNQ1NFEwMrIyNLQyNQEA\" \/><input type=\"hidden\" name=\"postContent_0\" value=\"fVbbbttGEH3vVwxcoGgAWbYVpWkcxahcq7VhOzXiNAHyUizNIbkluavsLqVGP9M++Bvy5Kfqx3pmSdqK7fRBErmXuZw5c0aT+cHEB2dNfjDThumcC1ewDpSyo1NrXaqNCtZpY9hQY9LNRayk7OkwbtbKlUE13l8V+MKyrmnWODtfX2us4eyFcpWq2QQqVCBVU8FN0Dl2jiwsOB9UTt\/vjYf02i64ThDBaHfvxRPK1jeOWMKb1sHjwXNYNSanhTX0ttDs3Cc6dBzwqipPs9+3N2IqbV1r75WjnH3QdR2Gk50u58nO\/OCbCTDg+uAdbs8WXH2Cn185KZRLw0BsTZOckbPhwBGWy4sjQqJ0bJFVha\/JDq7fmupMf9BB4cLiUavnOuSV5lRAmvaYtXluRB7xfscucaoBgk6OhdWAVo27w25qivVnBzT2H2S1N3xC333742g0evklSh5Os1wlbHJONAfSPpBRVwUl2sMRDNf0oYE\/o0MgNtbV+3Ri0gYeNM9tpYMuBxJbYJ3qHO4Hm5EPHobdkqepQuOGdAJXmVM5U62vigEtNUuB5bOCcwceGlxDNStKNfuInZYC1B03zfpzm\/\/MGR8KleGtBHGjZ2XC0rogFGkpC8Z8bNisKOHl+rpqb3pbVcOIz+7LHrLR1yCLnP1TFY4rBbNCs58LziItPZ283YaTFSMWmJVs5MCZTZJPAm3COgYNMp22bNSwmLNy2AkchnSJWJAdziQg6foaEQZaskvZDLpfgOT+r6lw0Rp48TBsVENzt77J5DpwXXIllaD3rH30EkH1aB6ub0mQ9PFEV+mQzlBbnC2EKC2IbqGCXnBE9UyjQ1XFbWcu5aJjuhCvfW\/W68+geYwzg2SgtlxVeDkxchYqYXxpTVbpUpwitzd8VQR\/qyKx2h6SRKVR83nkRadPC3aFlnTD\/RI+vSuh0CzhHCGt\/2a63wPHqooUkXbydqWVhHYu9EX6ARGAVANKFeK4jNvbMe\/3t5u+awRiAcggUWlZlRTra5PrCAFL2gKiR3MsUGQCOGVA+RELGym8bIOMAY75MeMG4UUc4gnXxdLvHsO8VDj+5ixQl8qY+6CM70C5tE76Dt3OhJBh21FTkzCMv6BW6whuVWg7lt1SuU7TjgGl6aDsQOIo0i37WCQGTzW7EmKZCeGiJqBmPTtOzEIEWcCQ6pv2jBWGxDMyW6At0FEpzIa6cN9kcgFjq+gKKRemkcK+LVWbgYukEgexdZSwO0NKR0r6EphB4bxA8GVA4uA1Bo0yXdDSS7+ZCmzfPtKgLpCQoJH2O0GmjcHKe+R3KUMNpV5o6echHUYR2IDVpBgGPmpvZ+SeYi6FUeBRnAuS6yEeoI53w7hbGMTdKWZoycb0+B6yazL\/sVGVznSp2rQGlFcsLYltjPE85hVtdesOslWY1md\/tAV1QJyripY2emshwAEf80Y+IWTSkaErTpsn+tRHs62jaLY1Z7ioN3PZXO3mIqQ2vc\/kfr6+7wTnxGSYTl12vdwHVYaH8\/AXlWhl6I0NRQZ1Gfz7z1k00vEiQWyWTtc3EPIKIoT9KZQadYa6PjbH6TydXeDUKUO7XY4eYBo\/J6w8H\/\/w7OmGqT6Ct1xxZs0+7dLzFzTejT25t\/eSntGLPRqN7iL96ytnxuP+zGz7XOlqHxzM7E\/chradd6ENubkPWCQl\/sTc4UITRRho2autIoT5\/s7OcrkcPmJpiyA9OYdXW38kKEm5RZiCr7aMtXM2MovxVzCDHrDbOviKicmOasvwHw==\" \/> \t\t<a href=\"https:\/\/www.pdf24.org\" target=\"_blank\" title=\"www.pdf24.org\" rel=\"nofollow\"><img src=\"https:\/\/www.hohenlohe-ungefiltert.de\/wp-content\/plugins\/pdf24-post-to-pdf\/img\/pdf_32x32.png\" alt=\"\" border=\"0\" height=\"32\" \/><\/a> \t\t<span class=\"pdf24Plugin-cp-space\">&nbsp;&nbsp;<\/span> \t\t<span class=\"pdf24Plugin-cp-text\">Sende Artikel als PDF<\/span> \t\t<span class=\"pdf24Plugin-cp-space\">&nbsp;&nbsp;<\/span> \t\t<input class=\"pdf24Plugin-cp-input\" style=\"margin: 0px;\" type=\"text\" name=\"sendEmailTo\" placeholder=\"Emailadresse\" \/> \t\t<input class=\"pdf24Plugin-cp-submit\" style=\"margin: 0px;\" type=\"submit\" value=\"Senden\" \/> \t<\/form> <\/div>","protected":false},"excerpt":{"rendered":"<p>Eine Mehrheit der Koordinatorinnen und Koordinatoren des Binnenmarktausschusses im Europ\u00e4ischen Parlament hat am heutigen Donnerstag (14. November 2019) f\u00fcr eine Amtseinsetzung von Thierry Breton als EU-Binnenmarktkommissar gestimmt. Von Evelyne Gebhardt, EU-Abgeordnete der SPD aus Hohenlohe Zitate von Evelyne Gebhardt, Mitglied im Ausschuss f\u00fcr Binnenmarkt und Verbraucherschutz, zur heutigen Anh\u00f6rung: 1.) &#8222;Thierry Bretons Aufgabengebiet ist nach [&hellip;]<\/p>\n","protected":false},"author":1,"featured_media":0,"comment_status":"open","ping_status":"open","sticky":false,"template":"","format":"standard","meta":[],"categories":[1,6,2,8,3],"tags":[],"_links":{"self":[{"href":"https:\/\/www.hohenlohe-ungefiltert.de\/index.php?rest_route=\/wp\/v2\/posts\/25684"}],"collection":[{"href":"https:\/\/www.hohenlohe-ungefiltert.de\/index.php?rest_route=\/wp\/v2\/posts"}],"about":[{"href":"https:\/\/www.hohenlohe-ungefiltert.de\/index.php?rest_route=\/wp\/v2\/types\/post"}],"author":[{"embeddable":true,"href":"https:\/\/www.hohenlohe-ungefiltert.de\/index.php?rest_route=\/wp\/v2\/users\/1"}],"replies":[{"embeddable":true,"href":"https:\/\/www.hohenlohe-ungefiltert.de\/index.php?rest_route=%2Fwp%2Fv2%2Fcomments&post=25684"}],"version-history":[{"count":6,"href":"https:\/\/www.hohenlohe-ungefiltert.de\/index.php?rest_route=\/wp\/v2\/posts\/25684\/revisions"}],"predecessor-version":[{"id":25692,"href":"https:\/\/www.hohenlohe-ungefiltert.de\/index.php?rest_route=\/wp\/v2\/posts\/25684\/revisions\/25692"}],"wp:attachment":[{"href":"https:\/\/www.hohenlohe-ungefiltert.de\/index.php?rest_route=%2Fwp%2Fv2%2Fmedia&parent=25684"}],"wp:term":[{"taxonomy":"category","embeddable":true,"href":"https:\/\/www.hohenlohe-ungefiltert.de\/index.php?rest_route=%2Fwp%2Fv2%2Fcategories&post=25684"},{"taxonomy":"post_tag","embeddable":true,"href":"https:\/\/www.hohenlohe-ungefiltert.de\/index.php?rest_route=%2Fwp%2Fv2%2Ftags&post=25684"}],"curies":[{"name":"wp","href":"https:\/\/api.w.org\/{rel}","templated":true}]}}