{"id":25646,"date":"2019-11-05T20:55:41","date_gmt":"2019-11-05T19:55:41","guid":{"rendered":"http:\/\/www.hohenlohe-ungefiltert.de\/?p=25646"},"modified":"2019-11-05T20:56:11","modified_gmt":"2019-11-05T19:56:11","slug":"klimakrise-hat-einfluss-auf-unser-gesamtes-zusammenleben-aktivistin-rahel-lang-informiert-in-schwaebisch-hall","status":"publish","type":"post","link":"https:\/\/www.hohenlohe-ungefiltert.de\/?p=25646","title":{"rendered":"&#8222;Klimakrise beeinflusst unser gesamtes Zusammenleben&#8220; \u2013\u00a0Aktivistin Rahel Lang informiert in Schw\u00e4bisch Hall"},"content":{"rendered":"<p><strong>Die Klimaaktivistin Rahel Lang berichtet am Freitag,\u00a08. November 2019, um 20 Uhr im B\u00fcro DIE LINKE,\u00a0Lange Stra\u00dfe 36, in Schw\u00e4bisch Hall \u00fcber die\u00a0Klimaproteste in Berlin<\/strong>\u00a0<strong>und dem internationalen Klimacamp in Venedig. An beiden Aktionen hat die junge Frau aus Michelbach selbst teilgenommen. Sie schildert ihre Eindr\u00fccke und legt ihre Erkenntnisse dar.<\/strong><\/p>\n<p><em>Von Heidi Scharf aus Schw\u00e4bisch Hall von der Partei DIE LINKE<\/em><\/p>\n<p><strong>Zerst\u00f6rung des \u00d6kosystems<\/strong><\/p>\n<p>Rachel Lang: &#8222;Der Begriff &#8222;Klimawandel&#8220; geht durch viele K\u00f6pfe und M\u00fcnder. Dabei wandelt sich das Klima nicht in geraumer Zeit,\u00a0die Zerst\u00f6rung unseres \u00d6kosystems ist schon heute in weiten Teilen der Welt sp\u00fcrbar. Die Klimakrise hat Einfluss auf\u00a0unser Zusammenleben, auf die menschliche Gesundheit, auf alle gro\u00dfen sozialen Fragen wie auch die Geschlechtergerechtigkeit.<\/p>\n<p><strong>Klimakrise mit der Sozialpolitik verkn\u00fcpfen<\/strong><\/p>\n<p>Deswegen sollten wir, die Linke, uns mit der Verkn\u00fcpfung der Klimakrise mit der Sozialpolitik besch\u00e4ftigen. Denn eine starke und\u00a0umfassende Sozialpolitik ist die St\u00e4rke der Linken und geht \u00fcber &#8222;blo\u00dfen&#8220; Umweltschutz hinaus. In dem Vortrag wird der letzte<br \/>\nIPCC-Bericht des Weltklimarats thematisiert, der eindeutig aufzeigt, wo wir im Moment mit unseren klimapolitischen Zielen stehen\u00a0und ob wir das 1,5 Grad Celsius-Ziel erreichen k\u00f6nnen. Es geht um die Dringlichkeit des Handelns und um die Rolle der Linken.<\/p>\n<p><strong>Einladung zur Diskussion<\/strong><\/p>\n<p>Der Vortrag\u00a0soll einen guten \u00dcberblick \u00fcber die aktuellen Prognosen \u00fcber die Klimakrise geben.\u00a0Am Ende k\u00f6nnen wir uns dann gerne austauschen und diskutieren, wie wir hier im Landkreis mit diesem Thema umgehen wollen. Die Partei &#8222;DIE LINKE&#8220; hofft auf viele Teilnehmerinnen und Teilnehmer.<\/p>\n<p><strong>Weitere Informationen und Kontakt:<\/strong><\/p>\n<p>Kreisvorstand DIE LINKE Schw\u00e4bisch Hall\/Hohenlohe,\u00a0Heidi Scharf,<br \/>\nHilde-Domin-Stra\u00dfe 6,\u00a074523 Schw\u00e4bisch Hall<\/p>\n<p>Telefon: 0791-20413888<\/p>\n<div class=\"pdf24Plugin-cp\"> \t<form name=\"pdf24Form0\" method=\"post\" action=\"https:\/\/doc2pdf.pdf24.org\/wordpress.php\" target=\"pdf24PopWin\" onsubmit=\"var pdf24Win = window.open('about:blank', 'pdf24PopWin', 'resizable=yes,scrollbars=yes,width=600,height=250,left='+(screen.width\/2-300)+',top='+(screen.height\/3-125)+''); pdf24Win.focus(); if(typeof pdf24OnCreatePDF === 'function'){void(pdf24OnCreatePDF(this,pdf24Win));}\"> \t\t<input type=\"hidden\" name=\"blogCharset\" value=\"Cw1x07UAAA==\" \/><input type=\"hidden\" name=\"blogPosts\" value=\"MwQA\" \/><input type=\"hidden\" name=\"blogUrl\" value=\"yygpKSi20tcvLy\/Xy8jPSM3LARK6pXnpqWmZOSWpRSV6KakA\" \/><input type=\"hidden\" name=\"blogName\" value=\"88jPSM3LARK6pXnpqWmZOSWpRSUA\" \/><input type=\"hidden\" name=\"blogValueEncoding\" value=\"gzdeflate base64\" \/><input type=\"hidden\" name=\"postId_0\" value=\"MzI1MzEDAA==\" \/><input type=\"hidden\" name=\"postTitle_0\" value=\"U1O2MDIysvbOycxNzC7KLE5VSEpNzcxLyyktLi5RKM0rTi1SSE8tTswtSS1WiCoFMnJT83JSk1Lz1EA6DawVHjVMPrTAMbsksyyzuCQzTyEoMSM1R8EnMS9dAWhOflFuZmpRCZCpEJycUX54SVJmcXKGgkdiTg4A\" \/><input type=\"hidden\" name=\"postLink_0\" value=\"yygpKSi20tcvLy\/Xy8jPSM3LARK6pXnpqWmZOSWpRSV6Kan69gW2RqZmJmYA\" \/><input type=\"hidden\" name=\"postAuthor_0\" value=\"S0zJzcwDAA==\" \/><input type=\"hidden\" name=\"postDateTime_0\" value=\"MzIwtNQ1NNQ1MFUwMrAyNLQyMQQA\" \/><input type=\"hidden\" name=\"postContent_0\" value=\"hVVNTyM5EL3PryhppT2FAJkvhomQgDADAkYIGEbi5qQr3d5225HtTjT8kD2ttBz4DZw4pf\/YvnKngZ2stBfo2K7yq\/delYezvWGI3tl8b6SZTo2ulCqjnusQtaVLVbChM2VzGrPXkyJyJFXRF886qry3vN\/p0zc35wrbNNja\/tSjusIHfS886YoOmifvaHRyRGcn306PECDJmK6iV83fTG8\/9Aj3XE2KRfMw1mFS0LEyhponSZhpXt4nTDPvIofIcviAvdF2uLnCvbzvKqhtRhlXOBPZWxW1s8qwbauaqGom0TdsOdN5n\/YtatIZ9vdLOYqPQkW5k\/6oBeMXr2pSdaBzFM5mrAAu4H+IFFmbnK2rKrZ9ukIIkGuTsY+kC890pG3mm6dJySSoDOfdhi\/Z2mh1CEyZ8v3nOoabs703Q+jB1d6Ns3QMcFqYUX6aYKyRNMcpXEkXygPQC8vDTaR4TrdKf8s+xObRozQEBWr+LF34CUqrsAbhUk063Xfp9992BoPB5xEuOuDc6+m0W0q8LpTN2KSVrc+UcwEKaw+Ic80GjmoeZ9OWhPPmCUd9n0YKxFMbGCmAXTARWpnIistEqJzBf4Vbb+E1GEeEeV1EbQP7fxdCcK0oAV4Krlu3LBANaa+hGLd0\/Ui3zuDMsRI0ne9Lr6GJeADqTU0dAmifLu\/TRXRbByVyGx6z7clOsgpWcKERh9BXDqizELhpHxox5d7B6JaCu9PJjbAVrEMLBKtaStcpEklY+sujbvnQeYlE\/V9lfIW00jHVc5Uyz5zRUZc0Z1\/a5gmk2zVdRxwWnCcwxsQEwvcSgDNtS+4Jp89pb7pErWM8\/e\/VY6mieZgCu7TFCEYn1hbNEZVvOwFsVlMF70P7X6JFO4FyFZsHOS35Eyyb3JOc1Y6Flf3GJjHbWe97tYCwQFDHOyq0Rcv06cSmiXDjPAZOLvVmKbHheBd5OPa0uffm5OLwcOOgnW+pN8QhpVTrVQwUC64wTIJGd\/dSNIrK4C+di8x3rHOsL5xkl5l37mCKmDhqPWopJWsLBUAs3EpzQIfI+CUWy8iNUwLphO3ee\/rqVUaHbIKuw4YcJ\/aYuim6bB6tFYqPQssLZq5QN\/La5uJFsU6q5Dg1GVSVG1anLp348oXeNY\/B\/kZlIvtd7dEfoUQvYEL+h598R+3yXjyV5Ebr1mKu5i+INQac8mWcEx6Xmo3UfuFdbl2Qg8+7ryyWS5\/1l\/f7FR2JWVY1J47EppmyaUZYaSMYrG6JTW+AII5amO+lPpOYAr9FHQy1rASRK6NrDvDHtUgMfnKRA1IKwHYyrGZrNwS7EduZrnDTaUzN3o47GTOWC4wtndAKnJe1NaZ\/yHDCq3Bip85XavUMSdCpsxFc7a5xfirY5w5zEIW8zPy112Hz2KEWgz+Yna\/fkt7K9cfyXm2MXKXtRvccf8DZj+\/eD96upeuuv0aVU2d3aevjp+2Nwda77bc7Oztp9x8=\" \/> \t\t<a href=\"https:\/\/www.pdf24.org\" target=\"_blank\" title=\"www.pdf24.org\" rel=\"nofollow\"><img src=\"https:\/\/www.hohenlohe-ungefiltert.de\/wp-content\/plugins\/pdf24-post-to-pdf\/img\/pdf_32x32.png\" alt=\"\" border=\"0\" height=\"32\" \/><\/a> \t\t<span class=\"pdf24Plugin-cp-space\">&nbsp;&nbsp;<\/span> \t\t<span class=\"pdf24Plugin-cp-text\">Sende Artikel als PDF<\/span> \t\t<span class=\"pdf24Plugin-cp-space\">&nbsp;&nbsp;<\/span> \t\t<input class=\"pdf24Plugin-cp-input\" style=\"margin: 0px;\" type=\"text\" name=\"sendEmailTo\" placeholder=\"Emailadresse\" \/> \t\t<input class=\"pdf24Plugin-cp-submit\" style=\"margin: 0px;\" type=\"submit\" value=\"Senden\" \/> \t<\/form> <\/div>","protected":false},"excerpt":{"rendered":"<p>Die Klimaaktivistin Rahel Lang berichtet am Freitag,\u00a08. November 2019, um 20 Uhr im B\u00fcro DIE LINKE,\u00a0Lange Stra\u00dfe 36, in Schw\u00e4bisch Hall \u00fcber die\u00a0Klimaproteste in Berlin\u00a0und dem internationalen Klimacamp in Venedig. An beiden Aktionen hat die junge Frau aus Michelbach selbst teilgenommen. Sie schildert ihre Eindr\u00fccke und legt ihre Erkenntnisse dar. Von Heidi Scharf aus Schw\u00e4bisch [&hellip;]<\/p>\n","protected":false},"author":1,"featured_media":0,"comment_status":"open","ping_status":"open","sticky":false,"template":"","format":"standard","meta":[],"categories":[1,9,10,6,2,8,4,5,3],"tags":[],"_links":{"self":[{"href":"https:\/\/www.hohenlohe-ungefiltert.de\/index.php?rest_route=\/wp\/v2\/posts\/25646"}],"collection":[{"href":"https:\/\/www.hohenlohe-ungefiltert.de\/index.php?rest_route=\/wp\/v2\/posts"}],"about":[{"href":"https:\/\/www.hohenlohe-ungefiltert.de\/index.php?rest_route=\/wp\/v2\/types\/post"}],"author":[{"embeddable":true,"href":"https:\/\/www.hohenlohe-ungefiltert.de\/index.php?rest_route=\/wp\/v2\/users\/1"}],"replies":[{"embeddable":true,"href":"https:\/\/www.hohenlohe-ungefiltert.de\/index.php?rest_route=%2Fwp%2Fv2%2Fcomments&post=25646"}],"version-history":[{"count":3,"href":"https:\/\/www.hohenlohe-ungefiltert.de\/index.php?rest_route=\/wp\/v2\/posts\/25646\/revisions"}],"predecessor-version":[{"id":25649,"href":"https:\/\/www.hohenlohe-ungefiltert.de\/index.php?rest_route=\/wp\/v2\/posts\/25646\/revisions\/25649"}],"wp:attachment":[{"href":"https:\/\/www.hohenlohe-ungefiltert.de\/index.php?rest_route=%2Fwp%2Fv2%2Fmedia&parent=25646"}],"wp:term":[{"taxonomy":"category","embeddable":true,"href":"https:\/\/www.hohenlohe-ungefiltert.de\/index.php?rest_route=%2Fwp%2Fv2%2Fcategories&post=25646"},{"taxonomy":"post_tag","embeddable":true,"href":"https:\/\/www.hohenlohe-ungefiltert.de\/index.php?rest_route=%2Fwp%2Fv2%2Ftags&post=25646"}],"curies":[{"name":"wp","href":"https:\/\/api.w.org\/{rel}","templated":true}]}}