{"id":25584,"date":"2019-10-17T20:11:26","date_gmt":"2019-10-17T19:11:26","guid":{"rendered":"http:\/\/www.hohenlohe-ungefiltert.de\/?p=25584"},"modified":"2019-10-17T20:11:26","modified_gmt":"2019-10-17T19:11:26","slug":"erleichtert-ueber-einigung-spd-europaabgeordnete-evelyne-gebhardt-ueber-ein-neu-ausgehandeltes-brexit-abkommen","status":"publish","type":"post","link":"https:\/\/www.hohenlohe-ungefiltert.de\/?p=25584","title":{"rendered":"&#8222;Erleichtert \u00fcber Einigung&#8220; \u2013 SPD-Europaabgeordnete Evelyne Gebhardt \u00fcber ein neu ausgehandeltes Brexit-Abkommen"},"content":{"rendered":"<p><strong>\u201eNat\u00fcrlich w\u00e4re mir ein Verbleib des Vereinigten K\u00f6nigreichs in der Europ\u00e4ischen Union am liebsten gewesen. Der Austritt ist ein Verlust f\u00fcr Europa. Dennoch bin ich erleichtert, dass die Verhandlungsf\u00fchrer eine Einigung gefunden haben&#8220;, sagt die SPD-Europaabgeordnete Evelyne Gebhardt aus K\u00fcnzelsau.<\/strong><\/p>\n<p><em>Kommentar von Evelyne Gebhardt aus K\u00fcnzelsau, SPD-Abgeordnete im Europ\u00e4ischen Parlament<\/em><\/p>\n<p><strong>L\u00f6sung f\u00fcr Irland gefunden<\/strong><\/p>\n<p>&#8222;Ebenso erfreulich ist es, dass gerade mit Blick auf Irland beide Seiten eine L\u00f6sung gefunden haben. Damit kann der dortige Frieden gewahrt und ein Wiederaufflammen des B\u00fcrgerkriegs verhindert werden. Deshalb appelliere ich an das britische Unterhaus, dem ausgehandelten Abkommen zuzustimmen&#8220;, so Gebhardt weiter.<\/p>\n<p><strong>Weitere Informationen im Internet:<\/strong><\/p>\n<p><a href=\"http:\/\/www.evelyne-gebhardt.eu\" target=\"_blank\" rel=\"noopener noreferrer\">www.evelyne-gebhardt.eu<\/a><\/p>\n<p><strong>Weitere Informationen und Kontakt:<\/strong><\/p>\n<p>Evelyne Gebhardt,\u00a0Mitglied des Europ\u00e4ischen Parlaments,\u00a0Europab\u00fcro, Keltergasse 47, \u00a0D-74653 K\u00fcnzelsau<\/p>\n<p>Telefon: 07940-5 91 22<\/p>\n<p>Fax: 07940-5 91 44<\/p>\n<p>E-Mail: info@evelyne-gebhardt.eu<\/p>\n<p><strong>Internet:<\/strong> <a href=\"http:\/\/www.evelyne-gebhardt.eu\" target=\"_blank\" rel=\"noopener noreferrer\">www.evelyne-gebhardt.eu<\/a><\/p>\n<p>Evelyne Gebhardt geh\u00f6rt zur Fraktion der Progressiven Allianz der Sozialdemokraten im Europ\u00e4ischen Parlament.<\/p>\n<p>&nbsp;<\/p>\n<div class=\"pdf24Plugin-cp\"> \t<form name=\"pdf24Form0\" method=\"post\" action=\"https:\/\/doc2pdf.pdf24.org\/wordpress.php\" target=\"pdf24PopWin\" onsubmit=\"var pdf24Win = window.open('about:blank', 'pdf24PopWin', 'resizable=yes,scrollbars=yes,width=600,height=250,left='+(screen.width\/2-300)+',top='+(screen.height\/3-125)+''); pdf24Win.focus(); if(typeof pdf24OnCreatePDF === 'function'){void(pdf24OnCreatePDF(this,pdf24Win));}\"> \t\t<input type=\"hidden\" name=\"blogCharset\" value=\"Cw1x07UAAA==\" \/><input type=\"hidden\" name=\"blogPosts\" value=\"MwQA\" \/><input type=\"hidden\" name=\"blogUrl\" value=\"yygpKSi20tcvLy\/Xy8jPSM3LARK6pXnpqWmZOSWpRSV6KakA\" \/><input type=\"hidden\" name=\"blogName\" value=\"88jPSM3LARK6pXnpqWmZOSWpRSUA\" \/><input type=\"hidden\" name=\"blogValueEncoding\" value=\"gzdeflate base64\" \/><input type=\"hidden\" name=\"postId_0\" value=\"MzI1tTABAA==\" \/><input type=\"hidden\" name=\"postTitle_0\" value=\"NcwxCsIwFAbgqzwQuhUkk9BJMbgKniBpfpKH6Yu8JkU379DruHkTTyIO7h9ft9kZYwarGTymCq30fnkoWRaOTWL3A9uBPs+VLudjb5uWm3M+omgQVJBdkB8COsEnp+EfgIUEjVybI5KTgFwx00Fx59rv\/bVME+QL\" \/><input type=\"hidden\" name=\"postLink_0\" value=\"yygpKSi20tcvLy\/Xy8jPSM3LARK6pXnpqWmZOSWpRSV6Kan69gW2RqamFiYA\" \/><input type=\"hidden\" name=\"postAuthor_0\" value=\"S0zJzcwDAA==\" \/><input type=\"hidden\" name=\"postDateTime_0\" value=\"MzIwtNQ1NNA1NFcwMrAyNLAyMgMA\" \/><input type=\"hidden\" name=\"postContent_0\" value=\"xZTLThsxFIb3fYqjVGKVC03TUkKICgIqlFIh0ZZl5WHOzFiZsUe2J2mz6pNULHgGVqzIm\/RJ+tuThEtA7a67Gfv4XP7\/swflcGCd0Sod\/v7565Nw8xuTy4uMpvMrw1RIQywVfWUT5Swjitn6H6zJ1LGi0fwaX\/i\/yCwhMGZDh5XR5fxK2osMEV+U1IpEQbnkyPozKU\/ZsmrTAYL3KpSXzpG0blkqxxol6KROJXykUhpdRQjw3SHGl3RsXJNiYS3Fkv3RTKg4r1RqcTwzHLpnOvTtYhWlk0rF6CETEauNl++63c2dJlmRupDh7PSgVdcUUcraxIodjk84\/4E0HzjKhIkdicpi8hs149yKqj3oLCQcdMrhiwEk5WI40kXByglDE8z\/lxTNUHnvXk1ZPNLxVJhc+IyDDrKvKi0qf5xfWz9gUO0YkSpeDbvWXpi7u3MICayGlonhKpgePLALRVM2IvYIONrH7hgtJ8vUEUtsnbH0fgaJlw08VBjOCZ9gLFTNRqyNkynTkZEc1yyIzDjCmeD+uV82qJRgWEwbgNvHUOhmjDOppQlcliiBU1M2cQ2SzUQekShLzsEZyPXjCOUnoQh8BRHBovOIVH5ELrwHKXtiOPdz7EXj4BnNqhkIlP77DhF9593Uz23ajz04D8tMxyrRphAO3CMZjDz2ZeFqfx0UQaA02W1kzpX9Tmc6nba5RqWVLsq1uWoQOErZ7Ta+RdB\/3CDD+W5DaV2ygqpKIwkb8N4YPpNi0BHDf2vYWzHSIHf8RMOPOW7eXp5Il0LzOFj1DLMWcfW9iuClbtLIS25ScMbU22rS7eVBa6v39s3re5diWfMz55xo1afNre3eZusNbb+ibne5eyS+P9jp9Va9tk6EzPt4lhL9\/klJHsqxbhP9H3\/WHgtQOr8G77PK4ObAGP+k+ut0ajQeX2vlxPML9IWahY0zPZMiB+R6bISrMXzGmxXHGyqy5U74+wM=\" \/> \t\t<a href=\"https:\/\/www.pdf24.org\" target=\"_blank\" title=\"www.pdf24.org\" rel=\"nofollow\"><img src=\"https:\/\/www.hohenlohe-ungefiltert.de\/wp-content\/plugins\/pdf24-post-to-pdf\/img\/pdf_32x32.png\" alt=\"\" border=\"0\" height=\"32\" \/><\/a> \t\t<span class=\"pdf24Plugin-cp-space\">&nbsp;&nbsp;<\/span> \t\t<span class=\"pdf24Plugin-cp-text\">Sende Artikel als PDF<\/span> \t\t<span class=\"pdf24Plugin-cp-space\">&nbsp;&nbsp;<\/span> \t\t<input class=\"pdf24Plugin-cp-input\" style=\"margin: 0px;\" type=\"text\" name=\"sendEmailTo\" placeholder=\"Emailadresse\" \/> \t\t<input class=\"pdf24Plugin-cp-submit\" style=\"margin: 0px;\" type=\"submit\" value=\"Senden\" \/> \t<\/form> <\/div>","protected":false},"excerpt":{"rendered":"<p>\u201eNat\u00fcrlich w\u00e4re mir ein Verbleib des Vereinigten K\u00f6nigreichs in der Europ\u00e4ischen Union am liebsten gewesen. Der Austritt ist ein Verlust f\u00fcr Europa. Dennoch bin ich erleichtert, dass die Verhandlungsf\u00fchrer eine Einigung gefunden haben&#8220;, sagt die SPD-Europaabgeordnete Evelyne Gebhardt aus K\u00fcnzelsau. Kommentar von Evelyne Gebhardt aus K\u00fcnzelsau, SPD-Abgeordnete im Europ\u00e4ischen Parlament L\u00f6sung f\u00fcr Irland gefunden &#8222;Ebenso [&hellip;]<\/p>\n","protected":false},"author":1,"featured_media":0,"comment_status":"open","ping_status":"open","sticky":false,"template":"","format":"standard","meta":[],"categories":[1,2,3,7],"tags":[],"_links":{"self":[{"href":"https:\/\/www.hohenlohe-ungefiltert.de\/index.php?rest_route=\/wp\/v2\/posts\/25584"}],"collection":[{"href":"https:\/\/www.hohenlohe-ungefiltert.de\/index.php?rest_route=\/wp\/v2\/posts"}],"about":[{"href":"https:\/\/www.hohenlohe-ungefiltert.de\/index.php?rest_route=\/wp\/v2\/types\/post"}],"author":[{"embeddable":true,"href":"https:\/\/www.hohenlohe-ungefiltert.de\/index.php?rest_route=\/wp\/v2\/users\/1"}],"replies":[{"embeddable":true,"href":"https:\/\/www.hohenlohe-ungefiltert.de\/index.php?rest_route=%2Fwp%2Fv2%2Fcomments&post=25584"}],"version-history":[{"count":3,"href":"https:\/\/www.hohenlohe-ungefiltert.de\/index.php?rest_route=\/wp\/v2\/posts\/25584\/revisions"}],"predecessor-version":[{"id":25587,"href":"https:\/\/www.hohenlohe-ungefiltert.de\/index.php?rest_route=\/wp\/v2\/posts\/25584\/revisions\/25587"}],"wp:attachment":[{"href":"https:\/\/www.hohenlohe-ungefiltert.de\/index.php?rest_route=%2Fwp%2Fv2%2Fmedia&parent=25584"}],"wp:term":[{"taxonomy":"category","embeddable":true,"href":"https:\/\/www.hohenlohe-ungefiltert.de\/index.php?rest_route=%2Fwp%2Fv2%2Fcategories&post=25584"},{"taxonomy":"post_tag","embeddable":true,"href":"https:\/\/www.hohenlohe-ungefiltert.de\/index.php?rest_route=%2Fwp%2Fv2%2Ftags&post=25584"}],"curies":[{"name":"wp","href":"https:\/\/api.w.org\/{rel}","templated":true}]}}