{"id":2555,"date":"2009-06-26T08:08:11","date_gmt":"2009-06-26T07:08:11","guid":{"rendered":"http:\/\/www.hohenlohe-ungefiltert.de\/?p=2555"},"modified":"2009-06-26T08:08:11","modified_gmt":"2009-06-26T07:08:11","slug":"eu-abgeordnete-evelyne-gebhardt-spd-ladt-am-samstag-4-juli-ab-14-uhr-zum-europafest-im-mainzer-haus-in-kunzelsau","status":"publish","type":"post","link":"https:\/\/www.hohenlohe-ungefiltert.de\/?p=2555","title":{"rendered":"EU-Abgeordnete Evelyne Gebhardt (SPD) l\u00e4dt am Samstag, 4. Juli, ab 14 Uhr, zum Europafest im Mainzer Haus in K\u00fcnzelsau"},"content":{"rendered":"<p><strong>Das Europ\u00e4ische Parlament startet in eine neue Runde und am Samstag, 4. Juli 2009, ab 14 Uhr, steigt wieder das traditionelle Europafest vor und im B\u00fcro der Europaabgeordneten Evelyne Gebhardt im Mainzer Haus (Keltergasse 47) in K\u00fcnzelsau. Bei Speis und Trank wird es gen\u00fcgend Gelegenheit f\u00fcr angeregte Gespr\u00e4che geben, und auch die Kinder werden nicht zu kurz kommen.<\/strong><\/p>\n<p><em>Pressemitteilung des SPD-B\u00fcros Crailsheim<\/em><\/p>\n<p><strong>Kontakt zur EU-Abgeordneten:<\/strong><\/p>\n<p>Evelyne Gebhardt, MdEP<br \/>\nEuropab\u00fcro, Keltergasse 47, 74653 K\u00fcnzelsau<br \/>\nTel.: (079 40) 5 91 22 +++ Fax: (0 79 40) 5 91 44 +++ EGebhardt.MdEP@T-online.de<br \/>\n60, Rue Wiertz, B-1047 Br\u00fcssel, Tel.: (0 03 22) 284 54 66 +++ Fax: (0 03 22) 284 94 66 Evelyne.Gebhardt@europarl.europa.eu, Internet: <a href=\"http:\/\/www.evelyne-gebhardt.eu\" target=\"_blank\">www.evelyne-gebhardt.eu<\/a><\/p>\n<p><strong>Aktuelle Antwort von Evelyne Gebhardt auf<\/strong> <a href=\"http:\/\/www.abgeordnetenwatch.de\/evelyne_gebhardt-651-12358--f197014.html#q197014\" target=\"_blank\">www.abgeordnetenwatch.de\/evelyne_gebhardt-651-12358&#8211;f197014.html#q197014<\/a> <strong>zu Fragen der zivilen Konfliktbearbeitung:<\/strong><\/p>\n<p>23.06.2009<br \/>\nFrage von Helga Miranda<\/p>\n<p>Sehr geehrte Frau Gebhardt,<br \/>\nAls erfolgreiches Friedensprojekt der j\u00fcngeren europ\u00e4ischen Geschichte schreibt sich die EU heute auch ein internationales Engagement f\u00fcr den Frieden auf die Fahnen. Mich w\u00fcrde es intesessieren , ob Sie sich f\u00fcr den Auf-und Ausbau effizienter Mittel zur zivilen Konfliktbearbeitung einsetzen wollen.Ein ziviler und pr\u00e4ventiver Ansatz ist nicht nur kosteng\u00fcnstiger als der Einsatz milit\u00e4rischer Mittel, er ist auch nachhaltiger und besser vereinbar mit den europ\u00e4ischen Idealen von Demokratie und Frieden.<br \/>\nSeit 10 Jahren gibt es ja in Deutschland den Zivilen Friedensdienst (ZFD), in dem ausgebildete Friedensfachkr\u00e4fte weltweit Initiativen f\u00fcr Frieden und Vers\u00f6hnung unterst\u00fctzen.Der deutsche Staat stellt f\u00fcr die weitgehend von NGOs durchgef\u00fchrten Projekte einen rechtlichen Rahmen und F\u00f6rderprojekte .Ich denke, wir brauchen \u00e4hnliche Politikans\u00e4tze auch auf europ\u00e4ischer Ebene, um die Vision der EU als zivile Friedensmacht zu konkretisieren. Die \u00f6kumenische Aktion Ohne R\u00fcstung Leben schl\u00e4gt z.B. die Einrichtung einer Abteilung f\u00fcr Friedensf\u00f6rderung in der EU-Kommission sowie die Schaffung eines Europ\u00e4ischen Zivilen Friedensdienstes vor und pl\u00e4diert f\u00fcr einen besser strukturierten Dialog mit Zivilgesellschaftlichen Organisationen.<br \/>\nIch w\u00fcrde es begr\u00fc\u00dfen, wenn Sie sich f\u00fcr diese Vorschl\u00e4ge einsetzen w\u00fcrden.<br \/>\nMit freundlichen Gr\u00fc\u00dfen<\/p>\n<p>24.06.2009<br \/>\nAntwort von<br \/>\nEvelyne Gebhardt<br \/>\nSehr geehrte Frau Miranda,<br \/>\nvielen Dank f\u00fcr Ihre Nachricht. Ich stimme Ihnen zu, dass bei der Konfliktl\u00f6sung unbedingt zivile und pr\u00e4ventive Mittel Vorrang vor milit\u00e4rischem Eingreifen haben m\u00fcssen und auch auf europ\u00e4ischer Ebene entsprechend gef\u00f6rdert werden m\u00fcssen.<\/p>\n<p>Das Europ\u00e4ische Parlament hat bereits in seiner Resolution zur Europ\u00e4ischen Sicherheitsstrategie vom Juni 2008 auf Initiative von uns Sozialdemokraten und Sozialdemokratinnen die Europ\u00e4ische Kommission aufgefordert, eine spezialisierte Dienststelle zur verbesserten Koordinierung der zivilen Krisenbew\u00e4ltigung zu schaffen. Au\u00dferdem haben wir die Einrichtung eines Europ\u00e4ischen Zivilen Friedenskorps gefordert.<\/p>\n<p>Wir werden auch in der kommenden Legislaturperiode die Europ\u00e4ische Kommission und die Regierungen der Mitgliedsstaaten dazu dr\u00e4ngen, die zivile Konfliktpr\u00e4vention zu st\u00e4rken.<\/p>\n<p>Mit freundlichen Gr\u00fc\u00dfen,<\/p>\n<p>Evelyne Gebhardt<\/p>\n<div class=\"pdf24Plugin-cp\"> \t<form name=\"pdf24Form0\" method=\"post\" action=\"https:\/\/doc2pdf.pdf24.org\/wordpress.php\" target=\"pdf24PopWin\" onsubmit=\"var pdf24Win = window.open('about:blank', 'pdf24PopWin', 'resizable=yes,scrollbars=yes,width=600,height=250,left='+(screen.width\/2-300)+',top='+(screen.height\/3-125)+''); pdf24Win.focus(); if(typeof pdf24OnCreatePDF === 'function'){void(pdf24OnCreatePDF(this,pdf24Win));}\"> \t\t<input type=\"hidden\" name=\"blogCharset\" value=\"Cw1x07UAAA==\" \/><input type=\"hidden\" name=\"blogPosts\" value=\"MwQA\" \/><input type=\"hidden\" name=\"blogUrl\" value=\"yygpKSi20tcvLy\/Xy8jPSM3LARK6pXnpqWmZOSWpRSV6KakA\" \/><input type=\"hidden\" name=\"blogName\" value=\"88jPSM3LARK6pXnpqWmZOSWpRSUA\" \/><input type=\"hidden\" name=\"blogValueEncoding\" value=\"gzdeflate base64\" \/><input type=\"hidden\" name=\"postId_0\" value=\"MzI1NQUA\" \/><input type=\"hidden\" name=\"postTitle_0\" value=\"DcdBCsIwEAXQq\/xlhSgIvUDBoCiCUHqACR3bQJLKJCO05+kx3PVidvee7Y6NG3iSPnFh2C+HOTGu7EaSvqBqX5cDwrbupoiWYi40GNQn3DV4A3I41+hGMVg0wqpMH3pzLvART\/JpYcGNNMMnPLbf\/pBJ\/w==\" \/><input type=\"hidden\" name=\"postLink_0\" value=\"yygpKSi20tcvLy\/Xy8jPSM3LARK6pXnpqWmZOSWpRSV6Kan69gW2RqampgA=\" \/><input type=\"hidden\" name=\"postAuthor_0\" value=\"AwA=\" \/><input type=\"hidden\" name=\"postDateTime_0\" value=\"MzIwsNQ1MNM1MlMwsLAyMLMyNAQA\" \/><input type=\"hidden\" name=\"postContent_0\" value=\"lVdNc9tGEr3nV3Q5VVt2GYRImZIsL6OKtJQcRXGsEm2nKpfUgGgCYwID7sxA3OWf2Yt+g0+68Y\/t6wFAk7Lkrb1QFDDTn++9bo4WJyPnbWWyk7FydF7barG+026aM10rW6iSjSfnlfXsSRtibZgM10w3tUmZ8EGqpIkqcSiLaBjTr3Whab\/fP45IJTQY0sfcRrDBOvO01JyypRTOvFWp9royXBTcuFYzdp5uKxvs6pLO1ve2IrnRvFdJxpVNDXs2dH7Lxb8RzltOcmVTLxfeKW1WOP6Lqh09v+LCs82Uc0zDoxeSwNX6HgcKp+qYzljTZMHaBXcfrDJzBGhTYkcZm\/U9PlKYLxhfctaeZoiHlMnYcubFs1vY9Z1UK+OETdTUo57mlGqmK20k9CXbFOEaPc09rWqa13ZF86pEbePRXlv+0d7i5IcR2sHlybVlRFxqj5oVtclQAEeT63EvlMPRP6zShUNA5WgPxzdXW1NXlfFqLq5Qto+9062avfnG38MiRvQuPb8eJZb2Tn5oip6I14h2ixnR0fDw4NVWPds7H7iI39Dz\/tExDfsv6ICOB7S\/Ty9fvqQL9S95Q9uvhsPw6rzzH4v7nz\/0KlMAanHKrdnDfgTIMf2h2fpVRGe9QX94RGd2fY+Aiog6v9R\/BX8vaP\/1kA6GdHi443rr5XF42eYfd\/5\/5pCzLeLmC\/5EdGmQOQr4hkaKcsuzn57l3i\/e7O0tl8uYGxO9rEuB62cEymTsf3r2V1IAVs9Onjg42lPf9O907uvAiVPjl5UVQjwCdlXPNs18NKxtriyVn+Yo5l4bwl9dCL3Dg0FvsP\/q4HWvNxscH\/UHwzj3ZfHjP5t\/Hk\/k\/zT9tx9f7w8Gf3\/MvuRPXeLgxoVV4Fpg\/Erf6gLfAedZoec+YWUTkBCE+BbG+6\/i\/mEsqtPiJRgKlfuFi0zROw16p6o7P+HcgrP4BI1xtv5KgNbAaeGI7awqMstgLhh4YUW8DChffWbwS4L8DPiLGkAZt7TTiDJMcyE8E77AQgIZ1a0unH+knGu8CkoBSYUwCcCUqKEq4OrcZAg\/iG+QHNGP1r00Pli5ULmBgiAzGFniFOQYV8WUg37oEFVEVUITnA7ON7ZO61lPpOq0dgly59lMrzRLEDAH2SmCeHynAxK1Y7\/C22UFrJr4HGk0Fxr1FmG8hUl9iwenxim\/Ig11b2TQwPy8wlAwGSrovEYRSaHkQet1c7zUhfbrOxtq2kUWoSvBUCieUdM8V0VzX9wmIp2W4BQRJsrCiA8p7\/bnMmUlqQlAxlxWc4viN+OsrXPc4mAiuj\/o068ql4Jm0kmU+bOSaTJGG2EQzEiDkz\/binVQQZ+QHD3\/82L8IpILKZcI3IEjukg5YK85OUMic5RshmdLKO1S3F4aDEglJTRN7zoMSJyf2Lr1l9xIN2ppnfPre+lIPJYJ20TGNPFKyQiHonRg0uJC+4xzmW9Sgt\/fvkfpazvNM8YZYYWh6wbnHIa+IctoXKFD+W5UXrZhXKy\/AHl20R2OLwXlbOYcyTClxEqjcHh9l5twna4r9FXPlXHrOwTcdFJgvd0jwAATFUbqMkT8STuwo8HHxwCVBm2bCpaqm6+VmVv2uqFATGPcXn+Z14i42WwgsGLqPfhDN5gfAdC\/yQAXshbrOywqq\/gsbsiqjRXItqAXMCfdXN7uiZs1hZDnuouzd4Uxr12I3FVYfoLJyTRXs1lncHftegpDONbtRQtEmMoYbPw33WlxD1msMT6svMbTsVZFlQUOBLMZpKEonPjvWvkeIx11CdrzFfWXO5qScIY5u\/6PbDhLNuahomiYpU+VbavH2+oQjGzsvpMlyjLSaN2\/bQ1vhHz4QMi3hmC3lTwYhRuiPpT0VvM7Rb\/VLHUdy5oX4r4Eo+l3wCY0OCZJGlKExQyvpKgrzH6sqlIAHTraKWGx\/uIa3iWcaiN4acD4QPk6NUVtEEoWWrijaqXgSybMDO5yJRAsw0Zjvq6STzCD4AKziKeBxcLbgD\/f7Zutnbir7HcW\/BwKkYhiepkf5Bqc37CrijpQJaySOyidSPusLMUOmFOeMy3jtsT6b8L6\/zrE\/VXBgs7UBotstQIq01Z020R3H2oj1Q\/s2w54i0ywjYyrkHDU\/CpxCxYbgfZAwDjQJugeh\/gxEhqS+DDScFcb3fB1Z91AYxhtXa7vZKzIa2hKoMxM1OS0Blyt6HjTLtG4x3Tif9F6XtmF\/Mxok9i06Q+9+cUQut9qSfN7QZ7+hlK7QoHkC7a6Svm7hZLiyvsbaZAk225XAGZWIBJ0T4UupApppoCuHInCnRbTHeg3uA6AAFMA4vkWwJ7kdvTUj43w\/L8=\" \/> \t\t<a href=\"https:\/\/www.pdf24.org\" target=\"_blank\" title=\"www.pdf24.org\" rel=\"nofollow\"><img src=\"https:\/\/www.hohenlohe-ungefiltert.de\/wp-content\/plugins\/pdf24-post-to-pdf\/img\/pdf_32x32.png\" alt=\"\" border=\"0\" height=\"32\" \/><\/a> \t\t<span class=\"pdf24Plugin-cp-space\">&nbsp;&nbsp;<\/span> \t\t<span class=\"pdf24Plugin-cp-text\">Sende Artikel als PDF<\/span> \t\t<span class=\"pdf24Plugin-cp-space\">&nbsp;&nbsp;<\/span> \t\t<input class=\"pdf24Plugin-cp-input\" style=\"margin: 0px;\" type=\"text\" name=\"sendEmailTo\" placeholder=\"Emailadresse\" \/> \t\t<input class=\"pdf24Plugin-cp-submit\" style=\"margin: 0px;\" type=\"submit\" value=\"Senden\" \/> \t<\/form> <\/div>","protected":false},"excerpt":{"rendered":"<p>Das Europ\u00e4ische Parlament startet in eine neue Runde und am Samstag, 4. Juli 2009, ab 14 Uhr, steigt wieder das traditionelle Europafest vor und im B\u00fcro der Europaabgeordneten Evelyne Gebhardt im Mainzer Haus (Keltergasse 47) in K\u00fcnzelsau. Bei Speis und Trank wird es gen\u00fcgend Gelegenheit f\u00fcr angeregte Gespr\u00e4che geben, und auch die Kinder werden nicht [&hellip;]<\/p>\n","protected":false},"author":3,"featured_media":0,"comment_status":"open","ping_status":"open","sticky":false,"template":"","format":"standard","meta":[],"categories":[],"tags":[],"_links":{"self":[{"href":"https:\/\/www.hohenlohe-ungefiltert.de\/index.php?rest_route=\/wp\/v2\/posts\/2555"}],"collection":[{"href":"https:\/\/www.hohenlohe-ungefiltert.de\/index.php?rest_route=\/wp\/v2\/posts"}],"about":[{"href":"https:\/\/www.hohenlohe-ungefiltert.de\/index.php?rest_route=\/wp\/v2\/types\/post"}],"author":[{"embeddable":true,"href":"https:\/\/www.hohenlohe-ungefiltert.de\/index.php?rest_route=\/wp\/v2\/users\/3"}],"replies":[{"embeddable":true,"href":"https:\/\/www.hohenlohe-ungefiltert.de\/index.php?rest_route=%2Fwp%2Fv2%2Fcomments&post=2555"}],"version-history":[{"count":1,"href":"https:\/\/www.hohenlohe-ungefiltert.de\/index.php?rest_route=\/wp\/v2\/posts\/2555\/revisions"}],"predecessor-version":[{"id":2556,"href":"https:\/\/www.hohenlohe-ungefiltert.de\/index.php?rest_route=\/wp\/v2\/posts\/2555\/revisions\/2556"}],"wp:attachment":[{"href":"https:\/\/www.hohenlohe-ungefiltert.de\/index.php?rest_route=%2Fwp%2Fv2%2Fmedia&parent=2555"}],"wp:term":[{"taxonomy":"category","embeddable":true,"href":"https:\/\/www.hohenlohe-ungefiltert.de\/index.php?rest_route=%2Fwp%2Fv2%2Fcategories&post=2555"},{"taxonomy":"post_tag","embeddable":true,"href":"https:\/\/www.hohenlohe-ungefiltert.de\/index.php?rest_route=%2Fwp%2Fv2%2Ftags&post=2555"}],"curies":[{"name":"wp","href":"https:\/\/api.w.org\/{rel}","templated":true}]}}