{"id":25548,"date":"2019-10-14T20:28:58","date_gmt":"2019-10-14T19:28:58","guid":{"rendered":"http:\/\/www.hohenlohe-ungefiltert.de\/?p=25548"},"modified":"2019-10-14T20:32:56","modified_gmt":"2019-10-14T19:32:56","slug":"ausgrenzung-raub-vernichtung-ns-akteure-und-volksgemeinschaft-gegen-die-juden-in-wuerttemberg-und-hohenzollern-1933-1945-tagung-in-ludwigsburg","status":"publish","type":"post","link":"https:\/\/www.hohenlohe-ungefiltert.de\/?p=25548","title":{"rendered":"&#8222;Ausgrenzung \u2013 Raub \u2013 Vernichtung \/  NS-Akteure und \u201eVolksgemeinschaft\u201c gegen die Juden in W\u00fcrttemberg und Hohenzollern 1933-1945&#8220; \u2013 Tagung in Ludwigsburg"},"content":{"rendered":"<p><strong>Eine Tagung mit dem Titel &#8222;Ausgrenzung \u2013 Raub \u2013 Vernichtung \u2013\u00a0NS-Akteure und \u201eVolksgemeinschaft\u201c gegen die Juden in W\u00fcrttemberg und Hohenzollern 1933-1945&#8220; gibt es am\u00a0Donnerstag, 7. November 2019, von 10 Uhr bis 17.30 Uhr im\u00a0Staatsarchiv Ludwigsburg, Arsenalplatz 3.<\/strong><\/p>\n<p><em>Vom Staatsarchiv Ludwigsburg, Landesarchiv Baden-W\u00fcrttemberg, Gedenkst\u00e4ttenverbund G\u00e4u-Neckar-Alb e. V. und Landeszentrale f\u00fcr politische Bildung Baden-W\u00fcrttemberg<\/em><\/p>\n<p><strong>Gr\u00f6\u00dfte Verm\u00f6gensverschiebung in der deutschen Geschichte<\/strong><\/p>\n<p>Die Tagung richtet den Blick auf die systematische Auspl\u00fcnderung der j\u00fcdischen Bev\u00f6lkerung im Nationalsozialismus. Wie wurde dieser Prozess in W\u00fcrttemberg und Hohenzollern vorangetrieben? Die ganzt\u00e4gige Veranstaltung zeigt das Netzwerk der regionalen Akteure, aber auch \u00fcbergreifende Zusammenh\u00e4nge dieser gr\u00f6\u00dften Verm\u00f6gensverschiebung in der deutschen Geschichte auf. Zugleich werden die wichtigsten Forschungsergebnisse vorgestellt, die der Gedenkst\u00e4ttenverbund G\u00e4u-Neckar-Alb e. V. gemeinsam mit dem Landesarchiv Baden-W\u00fcrttemberg und der Landeszentrale f\u00fcr politische Bildung soeben in einem Sammelband herausgegeben hat. Erstmals liegen mit dieser Publikation umfassende Forschungsergebnisse zur Ausraubung der J\u00fcdinnen und Juden in W\u00fcrttemberg und Hohenzollern vor.<\/p>\n<p><strong>Archivalien mit Informationen \u00fcber geraubte Kunstobjekte<\/strong><\/p>\n<p>Bei der Tagung zu Wort kommen neben den Organisatoren des Forschungsprojekts auch zwei renommierte Hochschulprofessorinnen, die sich seit vielen Jahren mit der Thematik besch\u00e4ftigen, sowie die bekannte Journalistin Amelie Fried, deren Familie selbst zu den Opfern des NS-Regimes geh\u00f6rte. Ein Referat stellt zudem die Ergebnisse eines Erschlie\u00dfungsprojekts im Staatsarchiv Ludwigsburg vor, mit dem der Zugang zu Archivalien mit Informationen \u00fcber geraubte Kunstobjekte verbessert werden soll. Ein Podiumsgespr\u00e4ch mit der Vorstandssprecherin der Israelitischen Religionsgemeinschaft W\u00fcrttemberg (IRGW) Professorin Barbara Traub und dem Beauftragten der Landesregierung Baden-W\u00fcrttemberg gegen Antisemitismus, Dr. Michael Blume, \u00fcber die Schlussfolgerungen aus dem umfangreichen Projekt beschlie\u00dft das Programm.<\/p>\n<p><strong>Anmeldungen zur Tagung bis sp\u00e4testens 31. Oktober 2019 telefonisch unter der Nummer <\/strong>07141-64854-6310<strong> oder per E-Mail an <\/strong>staludwigsburg@la-bw.de<\/p>\n<p><strong>Wanderausstellung wird er\u00f6ffnet<\/strong><\/p>\n<p>Mit der Tagung wird gleichzeitig eine Wanderausstellung er\u00f6ffnet, die die Ergebnisse des Forschungsprojekts einem breiten Publikum vermitteln soll. Die Publikation k\u00f6nnen Sie \u00fcber den Webshop der Landeszentrale f\u00fcr politische Bildung (<a href=\"http:\/\/www.lpb-bw.de\/shop\" target=\"_blank\" rel=\"noopener noreferrer\">www.lpb-bw.de\/shop<\/a>) erwerben.<\/p>\n<p><strong>Weitere Informationen und Kontakt:<\/strong><\/p>\n<p>Landeszentrale f\u00fcr politische Bildung Baden-W\u00fcrttemberg (LpB),\u00a0Lautenschlagerstra\u00dfe 20, 70173 Stuttgart<\/p>\n<p><strong>Internet:<\/strong> <a href=\"http:\/\/www.lpb-bw.de\" target=\"_blank\" rel=\"noopener noreferrer\">www.lpb-bw.de<\/a><\/p>\n<p><strong>Tagung\u00a0Ausgrenzung \u2013 Raub \u2013 Vernichtung \u00a0NS-Akteure und \u201eVolksgemeinschaft\u201c gegen die Juden in W\u00fcrttemberg und Hohenzollern 1933-1945<\/strong><\/p>\n<p><strong>Donnerstag, 7. November 2019, 10.30 bis 17.30 Uhr Staatsarchiv Ludwigsburg<\/strong><\/p>\n<p>Die Tagung pr\u00e4sentiert Ergebnisse eines Forschungs- projekts, aus dem eine Ausstellung und eine Publikation gleichen Titels hervorgegangen sind.\u00a0Eine Veranstaltung des Gedenkst\u00e4ttenverbunds G\u00e4u-Neckar-Alb e. V., des Landesarchivs Baden-W\u00fcrt-temberg und der Landeszentrale f\u00fcr politische Bildung Baden-W\u00fcrttemberg.\u00a0Anmeldung bis sp\u00e4testens 31. Oktober 2019 telefonisch oder per E-Mail an das Staatsarchiv Ludwigsburg.\u00a0Eine Teilnahmegeb\u00fchr wird nicht erhoben.<\/p>\n<p><strong>Veranstaltungsort:<\/strong><br \/>\nStaatsarchiv Ludwigsburg, Arsenalplatz 3,\u00a071638 Ludwigsburg<br \/>\nTelefon: 07141\/64854-6310<br \/>\nFax: 07141\/64854-6311<br \/>\nE-Mail: staludwigsburg@la-bw.de<\/p>\n<p><strong>Internet:<\/strong> <a href=\"http:\/\/www.la-bw.de\/stal\" target=\"_blank\" rel=\"noopener noreferrer\">www.la-bw.de\/stal<\/a><\/p>\n<p>TAGUNG &#8222;Ausgrenzung \u2013 Raub \u2013 Vernichtung \/\u00a0NS-Akteure und \u201eVolksgemeinschaft\u201c gegen die Juden in W\u00fcrttemberg und Hohenzollern 1933\u20131945<\/p>\n<p><strong>Tagungsprogramm<\/strong><\/p>\n<p><strong>10 Uhr:<\/strong> Begr\u00fc\u00dfung;\u00a0Dr. Peter M\u00fcller, Landesarchiv Baden- W\u00fcrttemberg &#8211; Staatsarchiv Ludwigsburg<\/p>\n<p><strong>10.30 Uhr:<\/strong> Projektbeschreibung;\u00a0Heinz H\u00f6gerle\/ Dr. Martin Ulmer, Gedenkst\u00e4ttenverbund G\u00e4u-Neckar-Alb e.V.<br \/>\n\u201eDie Reicht\u00fcmer, die Sie hatten, haben wir Ihnen genommen\u201c \u2013 Der NS-Staat und das Verm\u00f6gen der Juden<\/p>\n<p><strong>11.30 Uhr:<\/strong> Prof. Dr. Christiane Kuller,\u00a0Universit\u00e4t Erfurt<br \/>\n\u201eWer es heute hat, wei\u00df Gott allein\u201c \u2013 Quellen \u00fcber das w\u00e4hrend des Nationalso- zialismus entzogene Kulturgut im Staatsarchiv Ludwigsburg<br \/>\nDr. Carl-Jochen M\u00fcller, Landesarchiv Baden-W\u00fcrttemberg \u2013 Staatsarchiv Ludwigsburg<\/p>\n<p><strong>12 Uhr:<\/strong> Mittagspause;\u00a0Gelegenheit zum gef\u00fchrten Rundgang durch die Ausstellung \u201eAusgrenzung \u2013 Raub \u2013 Vernichtung\u201c<\/p>\n<p><strong>13.30 Uhr:<\/strong> Das Netzwerk der regionalen Akteure bei der Auspl\u00fcnderung der Juden in W\u00fcrttemberg<br \/>\nDr. Martin Ulmer, Gedenkst\u00e4ttenverbund G\u00e4u-Neckar-Alb e.V.<\/p>\n<p><strong>14 Uhr:<\/strong> \u201eNur Durchf\u00fchrungsstelle\u201c bei der Enteignung der Juden? Zur Rolle der Devisenstellen und zum ungew\u00f6hnlichen Spruchkammerverfahren gegen den Stutt- garter Devisenstellenleiter Ernst Niemann Prof. Dr. Cornelia Rauh, Universit\u00e4t Hannover<\/p>\n<p>Diskussion Kaffeepause<\/p>\n<p>\u2013 <strong>Zeugnisse der Unmoral<\/strong> \u2013 die Bedeutung historischer Dokumente als Mittel der Vergegenw\u00e4rtigung von Ausgrenzung, Raub und Vernichtung<br \/>\nHeinz H\u00f6gerle, Gedenkst\u00e4ttenverbund G\u00e4u-Neckar-Alb e.V.<\/p>\n<p>\u2013 <strong>Meine Gro\u00dfeltern und ihr Kampf um das Schuhhaus Pallas in Ulm<\/strong><br \/>\nAmelie Fried, Schriftstellerin und Moderatorin<\/p>\n<p>\u2013 <strong>Bedeutung und Perspektiven des Projekts \u201eAusgrenzung \u2013 Raub \u2013 Vernichtung\u201c<\/strong> Dr. Martin Ulmer\/Heinz H\u00f6gerle, Gedenkst\u00e4ttenverbund G\u00e4u-Neckar-Alb e.V.,\u00a0Dr. Peter M\u00fcller, Landesarchiv Baden- W\u00fcrttemberg \u2013 Staatsarchiv Ludwigsburg Prof. Dr. Christiane Kuller,\u00a0Universit\u00e4t Erfurt,\u00a0Prof. Barbara Traub, Israelitische Religionsgemeinschaft W\u00fcrttemberg,\u00a0Dr. Michael Blume, Beauftragter der Landesregierung Baden-W\u00fcrttemberg gegen Antisemitismus<\/p>\n<p>\u2013 Ausklang (mit Gelegenheit zur Besichtigung der Ausstellung) \/ Ende: 17.30 Uhr<\/p>\n<p>Moderation der Tagung:\u00a0Dr. Peter M\u00fcller, Landesarchiv Baden-W\u00fcrttemberg \u2013 Staatsarchiv Ludwigsburg, Sibylle Thelen, Landeszentrale f\u00fcr politische Bildung Baden-W\u00fcrttemberg<\/p>\n<div class=\"pdf24Plugin-cp\"> \t<form name=\"pdf24Form0\" method=\"post\" action=\"https:\/\/doc2pdf.pdf24.org\/wordpress.php\" target=\"pdf24PopWin\" onsubmit=\"var pdf24Win = window.open('about:blank', 'pdf24PopWin', 'resizable=yes,scrollbars=yes,width=600,height=250,left='+(screen.width\/2-300)+',top='+(screen.height\/3-125)+''); pdf24Win.focus(); if(typeof pdf24OnCreatePDF === 'function'){void(pdf24OnCreatePDF(this,pdf24Win));}\"> \t\t<input type=\"hidden\" name=\"blogCharset\" value=\"Cw1x07UAAA==\" \/><input type=\"hidden\" name=\"blogPosts\" value=\"MwQA\" \/><input type=\"hidden\" name=\"blogUrl\" value=\"yygpKSi20tcvLy\/Xy8jPSM3LARK6pXnpqWmZOSWpRSV6KakA\" \/><input type=\"hidden\" name=\"blogName\" value=\"88jPSM3LARK6pXnpqWmZOSWpRSUA\" \/><input type=\"hidden\" name=\"blogValueEncoding\" value=\"gzdeflate base64\" \/><input type=\"hidden\" name=\"postId_0\" value=\"MzI1NbEAAA==\" \/><input type=\"hidden\" name=\"postTitle_0\" value=\"HY7BCoJAFEV\/5UHQTkotSFy5i4gWFbZW5\/Uc1CfMzCNo5T+0jb6kXX\/ilzS6u3Dv4dzlYhdFUZqJJYP8FCYYhxecCynnkKNhXdVuKlYAp0uQNQ7FIAgrv\/jkfdtYwg4126ou7m4c3kBIyKA0wkGUT5rh9vsa57Ar0dDM7vvaC\/u29QYIkzgOwmSzXU5\/1unsvhY0aT18FPXQZEsx9Ac=\" \/><input type=\"hidden\" name=\"postLink_0\" value=\"yygpKSi20tcvLy\/Xy8jPSM3LARK6pXnpqWmZOSWpRSV6Kan69gW2RqamJhYA\" \/><input type=\"hidden\" name=\"postAuthor_0\" value=\"S0zJzcwDAA==\" \/><input type=\"hidden\" name=\"postDateTime_0\" value=\"MzIwtNQ1NNA1NFEwMrAyNLAytQAA\" \/><input type=\"hidden\" name=\"postContent_0\" value=\"vVnLThxJFt33V4QYaWRL9aCM2w+M6YHBxi9oBjBIvRlFkpGZ0ZUZUYqIpKZr1f\/Q29GYBd\/AihX5J\/0lc25EVpH1gC5ozSwsUZkZN+7j3HMf3hhsblhntEo330kl2DFPS5WyQjoWi4IdSydy9te\/vHr27NmbrdKmRqgRffD7r7+xQ15G\/o8TYZQ8y1z94uZi\/6i91XeiNIKVKsaz\/5zovG9TUQip7FnGE\/f7r\/9mqUiFYrEU7FMZ4y+p2Gl1bZwTRSRM6s9+0Bmu1HmOO1jv9dpau\/f6+fdeo9U3LJWRY8IyXtxc7GilhLGOpy32ssP29bkXw56t9l632LnG8VX2NTMskpb1XnbWwi+Jo0eOc2e5OcvkOftSxkOZ2qg0ELRlrFA8H+TcjdhaZ6NbO2ujO9j8bgPOE8XmiS7Y3RK+cBWL8ZttDjvbTSNbbFfgWd+66hLP1LkwEdm9W12W7X1x1uemvZVHTHTYScd7JAgcCeUMzwVLIIwNdC6dhGcF25Z5TIGYv2qjC2UniteG7JrqqvrmBAWxqK4QEAsVIEmKiMQgJjGcGIvSkXgFdekloi3mnLEjJwAy\/gsCkWLbuTzrM14mPtT2Fwt9eK0tMDXIq2tYZOgYXfVzdR3LcNe2OK+u8n54Jwu2j2Ma4bB6JHkubVHaDjuF0GFpYkHiLQQcGD0S1v4xnM614SoVzsBWoX5gpH\/K1QihSGXqXcIVAJV7ZI+ETGEQt2xfuNFQmL5X14jU6wR1a8y3GCfc8fIsY9U1XW2ETARsZD+VlheFUFl1iYvHCqd1DNQjgkB+7UBumgv8ZlArrnNqSO8BQ5L7XpM0iMJ1qYiUtFaQ+anA6zx3LX+C7ngIGut85sWEL\/4A7D4EdMuSGLaaAkPm4x6IPyLn5REOswyxAR+BQeiLjLsOe4fkLwAOlktPLF6pGhJllMu+Rw8ri4TDfArHQreMSkOwhPhoDMlPBEmwi\/IGLElWcG9nNtu2vGcA3Vq9jyrRpvB64YkHC7xKVyOyn0uAT0c\/i\/6CXNsW0qtW59uoZKfaONbXBC+mvFdIzR8NEC0td9r4J7Zh9MBoEm4DVAFpCTQrSJDC4P4P+iyjL3N8lyChtPE+CFixhDYrYMO5FAT+TzwzY6eTXplP8j6LCKrVZQIo0lmrh9IDHy\/6XCnc80mXRlE6O\/h0CwHGy\/fIybhFkgi9vJD00CL21pGt3rJBQm4mk1BvDpGGBf5MRVZdQXvAAdIOBb7hjgWU4ySBlC5\/dxtvgpYl8JxluKT6NuUZeTe1U4BbE+STzchCHmLx6Dgzyjj4GgEY57IFnoI1BzqWZQHQQ7\/qEv4fO\/tEU91TscULgQQyNWF8BIrFOKvIG7kkspoqxNMofvLxcPf0KVHoOOJIYxNxw9kxqVtncAFqBvEge1MnVCOliQ0DXS\/I\/lDvtxT0EQVpBf5usR3TYXtAEzRFqSgL8GdwEMXpCEEprU10nnqxOI+09xpQHiuiVm\/bQYhYgJuPY+BqPE8NaGM+FRWQFgeRlPJ1IlFzYAdgP2JGZdlar8N+7CM8dSfBgCSRaEUuhTOcp2XD9kvknWGTNF192Xvea794\/ur75+0Xa73V8a1M09cD\/HvX3uMyZ1zdHqJSc4uvv+W8HQ07sZjV\/JQ8TeznUU1KD6WJmUAVSRIl3BxX7I1zMpjovw71AjUNeelTgM2LnUisy8N03tzBJYGpI8SFkBGItywI1wg5JI8BTcW2Scv96soz7BGe1\/HHr1MR2UwPHlI0nmxwBipK3q5kzg3Wu93hcNjJB1FwZpfErTDHYYh7u\/LPKOeqvwLey9+uKK0HAj0kUyBLEIcRZmVz\/vRGl28+hXOGlKpqDlinZDk63+mcp7z5rJXjfbc+F6BHt3TsyZfB9tPWzcUXXhJcAX2eUhNsePVNALBohVd7L9dAYqVzKTduVtuPBGGE+FYpdq\/\/Hu068trs5QGQNxdLTRb\/h7Fivr2vf98\/W\/RWaZiYHivuqhr3Nc3E6mhMHJXf+Qp1m2ttNs621oQNfQpvNZKXrPQPm0kWsh4+8YOdpS7Kd4FUt6jUSBV3bi78JDjd\/FKyL2wN7eLesOVPNNtB24Rv+5EN4XwGQN0Jkz+MvBcwMRWMuwI39suxkLniWUGdZ3WNSHs69SgFJ2R6ESVM+RJVtUkBkWHdze+WnUCR6i97L9ZeTUEqiDgOtq0zX3u6jdoT3r\/n\/5p716vfBRessyUr0LKkwcesCbEPJo7m4SZ5HG\/tft3ffdBSovu\/5Q5cF9hjEbtRZfQdyJ3kEtYSDV9uC0yE174TfXNzQf3RgaBGY6+6pksX7hSm1STn9Hpv7mGhWRVq3mpoUXdUvqFCNY+CNh\/grhH7QEOqyUU3dG+oK3DU17wg5ZadIE86NfgQCyLBQ6ImV117Ib73wz8Mdo7GhozTQINUYx8zKqepn1OEophRtHeoBztqe3sDqSCVJ9N0GOIooHOG9xYajpGaDPt7Zmgq4YqadO\/6m4uvStJsLsk+kHRSoqZO7DjFPYJoFdWYdG+hiZfVN7arnWMcEuRE43+UIOrJMEDqDqtLGqHiMNJMVh1tNll2MPDjSMMgr49DIEt334hSK+ZN4SZvf9Ke\/O\/D0RSMSM+lIfRsxo3oOlEv7QAVSgA4u6AnaJ7RyDhCQ5iKhOiTmsRDBMxPTnGJa3zsm5UMfl0my+HYOZ3W5qO788cLHAwRYbhesJ1aSAsNPz86F2ZVfz6jN7ywjzFlh1zkPUfc4n0kCFJjld+BmmWqptT9AZOpYYfEWP7hjjjHBKbC4dCaUkRoFhpWV5nKQ49wNDDlWdannYuB6kkY8GuGpPfUU7YZdZVzQnPfBCM\/8IDtS1Fg1G8mlkb5yCWnQGYtNpVTH\/Ap+itz2yDZPtBA7ctnniRCeESN3xIIxj77SZTpeDYxEFpoQ6Xj1oO\/eWxtC1qkkYcyZDdmXGoxYIDGnCJoIUE7pD0\/rITpmpZDMBr5idj6To22yQ1MtgIgyZENQNaomGbMx2CiaeOe7+l2jUZ\/n1MV9rdK9CGfeTFIMBWHLgadYpZRc3gA2uF+GQpMzrYd09sWHDIycSGENPqT6D3qk2h9JNUifW6dSR8fIIoDFA2EM2xmDsZj4UOSeJKqM\/nUfbwrW4+ro\/cR4MPrBJ6GM1Mrldb0mmaJLU1tzMzSpLGRMX9mI9OMMkLWz4mZn9CqaZrCDW60Ycc8ZpsGaz9lXXBRLNZvZ6LJOiIgihL6diuxvmyAlo4P8CyjX4jzjjPaULb+zP+cQPP\/Ag==\" \/> \t\t<a href=\"https:\/\/www.pdf24.org\" target=\"_blank\" title=\"www.pdf24.org\" rel=\"nofollow\"><img src=\"https:\/\/www.hohenlohe-ungefiltert.de\/wp-content\/plugins\/pdf24-post-to-pdf\/img\/pdf_32x32.png\" alt=\"\" border=\"0\" height=\"32\" \/><\/a> \t\t<span class=\"pdf24Plugin-cp-space\">&nbsp;&nbsp;<\/span> \t\t<span class=\"pdf24Plugin-cp-text\">Sende Artikel als PDF<\/span> \t\t<span class=\"pdf24Plugin-cp-space\">&nbsp;&nbsp;<\/span> \t\t<input class=\"pdf24Plugin-cp-input\" style=\"margin: 0px;\" type=\"text\" name=\"sendEmailTo\" placeholder=\"Emailadresse\" \/> \t\t<input class=\"pdf24Plugin-cp-submit\" style=\"margin: 0px;\" type=\"submit\" value=\"Senden\" \/> \t<\/form> <\/div>","protected":false},"excerpt":{"rendered":"<p>Eine Tagung mit dem Titel &#8222;Ausgrenzung \u2013 Raub \u2013 Vernichtung \u2013\u00a0NS-Akteure und \u201eVolksgemeinschaft\u201c gegen die Juden in W\u00fcrttemberg und Hohenzollern 1933-1945&#8220; gibt es am\u00a0Donnerstag, 7. November 2019, von 10 Uhr bis 17.30 Uhr im\u00a0Staatsarchiv Ludwigsburg, Arsenalplatz 3. Vom Staatsarchiv Ludwigsburg, Landesarchiv Baden-W\u00fcrttemberg, Gedenkst\u00e4ttenverbund G\u00e4u-Neckar-Alb e. V. und Landeszentrale f\u00fcr politische Bildung Baden-W\u00fcrttemberg Gr\u00f6\u00dfte Verm\u00f6gensverschiebung in [&hellip;]<\/p>\n","protected":false},"author":1,"featured_media":0,"comment_status":"open","ping_status":"open","sticky":false,"template":"","format":"standard","meta":[],"categories":[1,10,6,2,8,5,3,7],"tags":[],"_links":{"self":[{"href":"https:\/\/www.hohenlohe-ungefiltert.de\/index.php?rest_route=\/wp\/v2\/posts\/25548"}],"collection":[{"href":"https:\/\/www.hohenlohe-ungefiltert.de\/index.php?rest_route=\/wp\/v2\/posts"}],"about":[{"href":"https:\/\/www.hohenlohe-ungefiltert.de\/index.php?rest_route=\/wp\/v2\/types\/post"}],"author":[{"embeddable":true,"href":"https:\/\/www.hohenlohe-ungefiltert.de\/index.php?rest_route=\/wp\/v2\/users\/1"}],"replies":[{"embeddable":true,"href":"https:\/\/www.hohenlohe-ungefiltert.de\/index.php?rest_route=%2Fwp%2Fv2%2Fcomments&post=25548"}],"version-history":[{"count":4,"href":"https:\/\/www.hohenlohe-ungefiltert.de\/index.php?rest_route=\/wp\/v2\/posts\/25548\/revisions"}],"predecessor-version":[{"id":25563,"href":"https:\/\/www.hohenlohe-ungefiltert.de\/index.php?rest_route=\/wp\/v2\/posts\/25548\/revisions\/25563"}],"wp:attachment":[{"href":"https:\/\/www.hohenlohe-ungefiltert.de\/index.php?rest_route=%2Fwp%2Fv2%2Fmedia&parent=25548"}],"wp:term":[{"taxonomy":"category","embeddable":true,"href":"https:\/\/www.hohenlohe-ungefiltert.de\/index.php?rest_route=%2Fwp%2Fv2%2Fcategories&post=25548"},{"taxonomy":"post_tag","embeddable":true,"href":"https:\/\/www.hohenlohe-ungefiltert.de\/index.php?rest_route=%2Fwp%2Fv2%2Ftags&post=25548"}],"curies":[{"name":"wp","href":"https:\/\/api.w.org\/{rel}","templated":true}]}}