{"id":25526,"date":"2019-09-22T21:51:29","date_gmt":"2019-09-22T20:51:29","guid":{"rendered":"http:\/\/www.hohenlohe-ungefiltert.de\/?p=25526"},"modified":"2019-09-22T21:54:30","modified_gmt":"2019-09-22T20:54:30","slug":"verkehrswende-weg-vom-auto-hin-zu-bus-schiene-fahrrad-und-fuessen-in-schwaebisch-hall-ratschlag-klimabuendnis-verkehr","status":"publish","type":"post","link":"https:\/\/www.hohenlohe-ungefiltert.de\/?p=25526","title":{"rendered":"&#8222;Verkehrswende weg vom Auto hin zu Bus, Schiene, Fahrrad und F\u00fc\u00dfen&#8220; \u2013 In Schw\u00e4bisch Hall trifft sich das &#8222;Klimab\u00fcndnis Verkehrswende&#8220;"},"content":{"rendered":"<p><strong>Eine Veranstaltung mit dem Titel &#8222;Klimab\u00fcndnis Verkehrswende&#8220; findet am\u00a0Dienstag, 24. September 2019, um 20 Uhr\u00a0im Umweltzentrum Schw\u00e4bisch Hall, Gelbinger Gasse 85, statt.Veranstalter sind\u00a0Christian K\u00fcmmerer (ATTAC), Peter Aichelin (VCD), Paul Michel (Aktionsb\u00fcndnis gegen Stuttgart 21).<\/strong><\/p>\n<p><em>Von den Veranstaltern<\/em><\/p>\n<p><strong>Sonntagsreden<\/strong><\/p>\n<p>Der\u00a0Stra\u00dfenverkehr verursacht heute rund 20 Prozent der deutschen Treibhausgasemissionen. Eine Verkehrswende weg vom Auto hin zu Bus, Schiene, Fahrrad und F\u00fc\u00dfen ist dringend erforderlich. Von der herrschenden Politik kommt au\u00dfer Sonntagsreden wenig. Das gilt f\u00fcr die \u201egro\u00dfe Politik\u201c in Berlin und Stuttgart.<\/p>\n<p><strong>Aber auch f\u00fcr Schw\u00e4bisch Hall liegt einiges im Argen:<\/strong><\/p>\n<p>\u2022 Der erb\u00e4rmliche Zustand der Bahnhofe Schw\u00e4bisch Hall Stadt und Hessental<br \/>\n\u2022 Der Weiler Tunnel<br \/>\n\u2022 Die fehlende Elektrifizierung der Bahnstrecke \u00d6hringen und Richtung Crailsheim\/N\u00fcrnberg<br \/>\n\u2022 Der j\u00e4mmerliche Zustand des \u00d6PNV im Kreis Schw\u00e4bisch Hall<br \/>\n\u2022 Das sub-optimale Radewegenetz<\/p>\n<p>Wenn wir nicht selbst die Dinge in die H\u00e4nde nehmen, bleibt es wie es ist. Wir m\u00f6chten alle Leute, die an einer Mobilit\u00e4t interessiert sind, die nicht den Planeten zugrunde richtet, sich zusammenzusetzen und sich auszutauschen, was wir tun k\u00f6nnen.<\/p>\n<p><strong>Es laden ein:<\/strong><\/p>\n<p>Christian K\u00fcmmerer(ATTAC); Peter Aichelin (VCD); Paul Michel (Aktionsb\u00fcndnis gegen Stuttgart 21)<\/p>\n<p><strong>R\u00fcckmeldung per E-Mail<\/strong><\/p>\n<p>Wir treffen uns am Dienstag, 24. September 2019, um 20 Uhr\u00a0im Umweltzentrum Schw\u00e4bisch Hall, Gelbinger Gasse 85. Damit wir besser planen k\u00f6nnen, freuen wir uns \u00fcber eine kurze R\u00fcckmeldung per E-Mail an folgende Adresse: graischy@gmx.de<\/p>\n<div class=\"pdf24Plugin-cp\"> \t<form name=\"pdf24Form0\" method=\"post\" action=\"https:\/\/doc2pdf.pdf24.org\/wordpress.php\" target=\"pdf24PopWin\" onsubmit=\"var pdf24Win = window.open('about:blank', 'pdf24PopWin', 'resizable=yes,scrollbars=yes,width=600,height=250,left='+(screen.width\/2-300)+',top='+(screen.height\/3-125)+''); pdf24Win.focus(); if(typeof pdf24OnCreatePDF === 'function'){void(pdf24OnCreatePDF(this,pdf24Win));}\"> \t\t<input type=\"hidden\" name=\"blogCharset\" value=\"Cw1x07UAAA==\" \/><input type=\"hidden\" name=\"blogPosts\" value=\"MwQA\" \/><input type=\"hidden\" name=\"blogUrl\" value=\"yygpKSi20tcvLy\/Xy8jPSM3LARK6pXnpqWmZOSWpRSV6KakA\" \/><input type=\"hidden\" name=\"blogName\" value=\"88jPSM3LARK6pXnpqWmZOSWpRSUA\" \/><input type=\"hidden\" name=\"blogValueEncoding\" value=\"gzdeflate base64\" \/><input type=\"hidden\" name=\"postId_0\" value=\"MzI1NTIDAA==\" \/><input type=\"hidden\" name=\"postTitle_0\" value=\"U1O2MDIysg5LLcpOzSgqLk\/NS0lVKE9NVyjLz1VwLC3JV8jIzFOoKlVwKi3WUQhOzshMzUvVUXBLzCgqSkxRKM1LUXA7vOfw\/NQ8NZBJBtYKjxomK3jmgZSWH16SlFmcnKHgkZiTo1BSlJmWVqJQnAkUSEksVlCD2Oydk5mbmHR4T15KXmaxAoo7oCYCAA==\" \/><input type=\"hidden\" name=\"postLink_0\" value=\"yygpKSi20tcvLy\/Xy8jPSM3LARK6pXnpqWmZOSWpRSV6Kan69gW2RqamRmYA\" \/><input type=\"hidden\" name=\"postAuthor_0\" value=\"S0zJzcwDAA==\" \/><input type=\"hidden\" name=\"postDateTime_0\" value=\"MzIwtNQ1sNQ1MlIwMrQysLQysgQA\" \/><input type=\"hidden\" name=\"postContent_0\" value=\"tVVNb9tGEL3nVwxQoEgARkqEFkhiQahsOTHgOjAsxQZ6W4pDcqvdpbC7jFKd\/Ct6KlKj0G\/ISSfzn\/iX9A1lOYnkSw89SKT2Y+bNe29G\/fmgH6KvXDE41o7pkr1yISoTa1eQ1ZEytjTRkQ39+MOrXq93cGq0VWmzdpnTQS7MuPRhwS7j9sSLA8o1fkRS9vZmpFniFQn1furQmOeRbcqeei9evk6otnihD6W\/vdGWPtgFm7hkFz02xtNy0axSHaYlnShjEnrHJtWuwO13KgSmVz8nhNgxdr7CxmZA9tubo9LrELVydNqsrWWPnafDyWR49Cyhc5aDQz0t2WhHTy+PRrKqakNn7SKOzqKuXHgotOCCHY1jHWOhfKTey2edfveeu353PnjSB5dsB5eVA2mOvsXk+l3sPJy6vzWunAM1wTPO78UaMVgZR6+av9l93NBMeNY+qGkZqeQ6MvnaZcLhua+EOGT2+NQRrAHDxLNOS1WHQgW2OgSUxK5DW62\/SkcLLuhjZWlYx4pKkLKs6bAOiegADTmht6r0XmUkGd82a4FFoJgyL6JgkX1eeQAwoLBDGx48cHrfohFSziujo57RrLIWBqkRxNN3PACI00WHRgqcaxMpb9YoSTPdXX8ufIUb2yh3138RgB5KRtfCepCns8v1UEynanipjbdrLjKai0iskZsDwYxDj5re7Klyd\/0PQRnUmjYrb6VUpt9q6Iz0Uu6hKl1Z5byfYhxVFluYJwz7omTTTz11B0+2Qa9YGzwmtXP83R6qz7k0rVDHhmfR61wvNcyALt1mBVKezpiaP8uNIm2uCyBsm\/nIK21Cydp234MCB0KKnfy\/NyvplN2iAkKev78UVk5hqLBX2rdhIFuo0+fVPGJMGKYLlfFCeofjckviFTvorD05AUcBfS0+QpUjAS6iyo+TZiUFOy4tu4RSAzNDo4CrLA+Yr0NXCGObL4iDgoGF6VdpjKSNgO6HpKjsrEo1PNOsIoKjISEA2IvtrNgc3UBpPWoUwLJ0QCHthSaTPY6YNnjBclCgyeHJMq1amtsdNNqyjvgWuye0UKGtEvTTrPnipPV2fXkcyCjJCpz7bntkiN3PsINHZ9jBf55hu3gumvV0ZtlkYpk5Ehw\/P4Nv9pAJ7fBbnrf1B8x6+n9HvUwE+T8SQlPpH09zEeqB2oRyzzVvjCWQmrVkF\/1pVvslrPh4beKSvDJF213DTLzBb6hAuwDPH78U9lMn47bufwE=\" \/> \t\t<a href=\"https:\/\/www.pdf24.org\" target=\"_blank\" title=\"www.pdf24.org\" rel=\"nofollow\"><img src=\"https:\/\/www.hohenlohe-ungefiltert.de\/wp-content\/plugins\/pdf24-post-to-pdf\/img\/pdf_32x32.png\" alt=\"\" border=\"0\" height=\"32\" \/><\/a> \t\t<span class=\"pdf24Plugin-cp-space\">&nbsp;&nbsp;<\/span> \t\t<span class=\"pdf24Plugin-cp-text\">Sende Artikel als PDF<\/span> \t\t<span class=\"pdf24Plugin-cp-space\">&nbsp;&nbsp;<\/span> \t\t<input class=\"pdf24Plugin-cp-input\" style=\"margin: 0px;\" type=\"text\" name=\"sendEmailTo\" placeholder=\"Emailadresse\" \/> \t\t<input class=\"pdf24Plugin-cp-submit\" style=\"margin: 0px;\" type=\"submit\" value=\"Senden\" \/> \t<\/form> <\/div>","protected":false},"excerpt":{"rendered":"<p>Eine Veranstaltung mit dem Titel &#8222;Klimab\u00fcndnis Verkehrswende&#8220; findet am\u00a0Dienstag, 24. September 2019, um 20 Uhr\u00a0im Umweltzentrum Schw\u00e4bisch Hall, Gelbinger Gasse 85, statt.Veranstalter sind\u00a0Christian K\u00fcmmerer (ATTAC), Peter Aichelin (VCD), Paul Michel (Aktionsb\u00fcndnis gegen Stuttgart 21). Von den Veranstaltern Sonntagsreden Der\u00a0Stra\u00dfenverkehr verursacht heute rund 20 Prozent der deutschen Treibhausgasemissionen. Eine Verkehrswende weg vom Auto hin zu Bus, [&hellip;]<\/p>\n","protected":false},"author":1,"featured_media":0,"comment_status":"open","ping_status":"open","sticky":false,"template":"","format":"standard","meta":[],"categories":[1,9,2,4,5,3],"tags":[],"_links":{"self":[{"href":"https:\/\/www.hohenlohe-ungefiltert.de\/index.php?rest_route=\/wp\/v2\/posts\/25526"}],"collection":[{"href":"https:\/\/www.hohenlohe-ungefiltert.de\/index.php?rest_route=\/wp\/v2\/posts"}],"about":[{"href":"https:\/\/www.hohenlohe-ungefiltert.de\/index.php?rest_route=\/wp\/v2\/types\/post"}],"author":[{"embeddable":true,"href":"https:\/\/www.hohenlohe-ungefiltert.de\/index.php?rest_route=\/wp\/v2\/users\/1"}],"replies":[{"embeddable":true,"href":"https:\/\/www.hohenlohe-ungefiltert.de\/index.php?rest_route=%2Fwp%2Fv2%2Fcomments&post=25526"}],"version-history":[{"count":4,"href":"https:\/\/www.hohenlohe-ungefiltert.de\/index.php?rest_route=\/wp\/v2\/posts\/25526\/revisions"}],"predecessor-version":[{"id":25530,"href":"https:\/\/www.hohenlohe-ungefiltert.de\/index.php?rest_route=\/wp\/v2\/posts\/25526\/revisions\/25530"}],"wp:attachment":[{"href":"https:\/\/www.hohenlohe-ungefiltert.de\/index.php?rest_route=%2Fwp%2Fv2%2Fmedia&parent=25526"}],"wp:term":[{"taxonomy":"category","embeddable":true,"href":"https:\/\/www.hohenlohe-ungefiltert.de\/index.php?rest_route=%2Fwp%2Fv2%2Fcategories&post=25526"},{"taxonomy":"post_tag","embeddable":true,"href":"https:\/\/www.hohenlohe-ungefiltert.de\/index.php?rest_route=%2Fwp%2Fv2%2Ftags&post=25526"}],"curies":[{"name":"wp","href":"https:\/\/api.w.org\/{rel}","templated":true}]}}