{"id":25503,"date":"2019-09-16T19:30:19","date_gmt":"2019-09-16T18:30:19","guid":{"rendered":"http:\/\/www.hohenlohe-ungefiltert.de\/?p=25503"},"modified":"2019-09-16T19:30:19","modified_gmt":"2019-09-16T18:30:19","slug":"die-flucht-juedischer-kinder-vor-dem-holocaust-vortrag-in-crailsheim-zu-kindertransporten-193839","status":"publish","type":"post","link":"https:\/\/www.hohenlohe-ungefiltert.de\/?p=25503","title":{"rendered":"&#8222;Die Flucht j\u00fcdischer Kinder vor dem Holocaust&#8220; \u2013 Vortrag in Crailsheim zu Kindertransporten 1938\/39"},"content":{"rendered":"<p><strong>Einen Vortrag in Crailsheim zum Thema\u00a0&#8222;Die Flucht j\u00fcdischer Kinder vor dem Holocaust \u2013 Kindertransporte 1938\/39&#8220; gibt es am Montag, 30. September 2019, um 19.30 Uhr. Der Eintritt ist frei. Die Wissenschaftlerin Lilly Maier referiert im Forum in den Arkaden des Crailsheimer Rathauses.\u00a0<\/strong><\/p>\n<p><em>Von der Stadtverwaltung Crailsheim<\/em><\/p>\n<p><strong>\u00dcber 10.000 unbegleitete j\u00fcdische Kinder<\/strong><\/p>\n<p>Die Geschichte der Kindertransporte gilt als eines der wenigen positiven Kapitel in der Holocaust-Forschung: \u00dcber 10.000 unbegleitete j\u00fcdische Kinder und Jugendliche konnten 1938\/39 nach Gro\u00dfbritannien oder Frankreich gerettet werden, weil ihre Eltern bereit waren, sich von ihnen zu trennen.<\/p>\n<p><strong>Manfred Rosenfeld aus Crailsheim<\/strong><\/p>\n<p>Die Kinder, zwischen zwei und 16 Jahren alt, darunter auch der Crailsheimer Manfred Rosenfeld, wurden bei Privatfamilien oder in Internaten untergebracht, viele von ihnen emigrierten nach dem Krieg in die USA. Die Rettung durch einen Kindertransport blieb dabei nicht ohne traumatische Folgen \u2013 die zwangsweise Trennung von den Eltern und die Entwurzelung aus dem gewohnten Leben hinterlie\u00dfen (emotionale) Spuren in der Biographie.<\/p>\n<p><strong>Zahlreiche Zeitzeugen-Interviews<\/strong><\/p>\n<p>Am Montag, 30. September 2019, veranstalten das Stadtarchiv und der Wei\u00dfe Rose-Arbeitskreis Crailsheim zum diesj\u00e4hrigen \u201eCrailsheimer Tag der Wei\u00dfen Rose\u201c einen Vortragsabend mit der Wissenschaftlerin Lilly Maier zu diesem Thema. Der Vortrag basiert auf zahlreichen Zeitzeugen-Interviews, die Lilly Maier mit amerikanischen Holocaust-\u00dcberlebenden gef\u00fchrt hat. F\u00fcr ihre Forschung wurde sie von der Ludwig-Maximilians-Universit\u00e4t M\u00fcnchen mit dem \u201eForscherpreis 2014 f\u00fcr exzellente Studierende\u201c ausgezeichnet. Beginn im Forum in den Arkaden des Rathauses Crailsheim ist um 19.30 Uhr. Der Eintritt ist frei.<\/p>\n<div class=\"pdf24Plugin-cp\"> \t<form name=\"pdf24Form0\" method=\"post\" action=\"https:\/\/doc2pdf.pdf24.org\/wordpress.php\" target=\"pdf24PopWin\" onsubmit=\"var pdf24Win = window.open('about:blank', 'pdf24PopWin', 'resizable=yes,scrollbars=yes,width=600,height=250,left='+(screen.width\/2-300)+',top='+(screen.height\/3-125)+''); pdf24Win.focus(); if(typeof pdf24OnCreatePDF === 'function'){void(pdf24OnCreatePDF(this,pdf24Win));}\"> \t\t<input type=\"hidden\" name=\"blogCharset\" value=\"Cw1x07UAAA==\" \/><input type=\"hidden\" name=\"blogPosts\" value=\"MwQA\" \/><input type=\"hidden\" name=\"blogUrl\" value=\"yygpKSi20tcvLy\/Xy8jPSM3LARK6pXnpqWmZOSWpRSV6KakA\" \/><input type=\"hidden\" name=\"blogName\" value=\"88jPSM3LARK6pXnpqWmZOSWpRSUA\" \/><input type=\"hidden\" name=\"blogValueEncoding\" value=\"gzdeflate base64\" \/><input type=\"hidden\" name=\"postId_0\" value=\"MzI1NTAGAA==\" \/><input type=\"hidden\" name=\"postTitle_0\" value=\"U1O2MDIysnbJTFVwyylNzihRyDq8JyWzODkjtUjBOzMvBUiV5RcppKTmKnjk5+QnJ5YWl6iBNBlYKzxqmKwQll9UUpSYrpCZp+BclJiZU5yRmpmrUFUK1QyUyysuAKpJzVMwtDS20De2BAA=\" \/><input type=\"hidden\" name=\"postLink_0\" value=\"yygpKSi20tcvLy\/Xy8jPSM3LARK6pXnpqWmZOSWpRSV6Kan69gW2RqamBsYA\" \/><input type=\"hidden\" name=\"postAuthor_0\" value=\"S0zJzcwDAA==\" \/><input type=\"hidden\" name=\"postDateTime_0\" value=\"MzIwtNQ1sNQ1NFMwtLQysLQytAQA\" \/><input type=\"hidden\" name=\"postContent_0\" value=\"jVXNbttGEL73KQYoELSAJEt2UcSJYMBprLSxBRT+SYDcVuaInHi5JHaXUqJT3qHXoMkhj+FT9CZ5kn6zZOUfBUYuIrU\/M9\/PzHBcH4xD9JXLD47EsaNXlY\/e5CSO\/vBGbChYSlo1JZ0XXJqvnx\/9\/Hh3d\/fpc2Ga2OayiPR2fZ1JuCzY07G4DI9F5Snjkv6sbHVpmhDp24d\/uk1Ed6FGFqbR\/t7jnb39FHH4lHKZReJApqRp5aLJe7Q3HNAZ15HLGcLuDkf7PQKU0f5gb0gXhR\/Qc6wDefQSIwkyzT0LlgHvtYTADsDMPFr2YHQi1r6nqRFc8jzHGvAQ+E0qj7A4kUGCQ39l9JkBy40GuHJqYgE2HAZfP493OtnGO\/XBT2PIyOXBq0pveTqLJosL9ktjY+PyW1HGOzi2udKFWH9UdqPhYDgcUuNmnFuWyFBoI20n3lZW5fmCcULgBKfkWzLnYiMZG4jhcEhnluwkB8W6ChJlgbdjUyOlbTXwN871IQ3Cg8UT+nGc2M3oZYMUmRVdvqqci0jTWU7OXBb0wlfrTzM4Z5wTbFZ6cwLgV\/AQ+zl7jogPuB6G9PAUICw805GN7B0BDxDQ0njdDnppAQ+k0FJeNRSxjtfBfcWnxqFOMjqtUCFzthmB6x2bvqNzS61Hq2WiigTAk5iOfqeXBrAcZI49yoxvwNYjKAApqTtltJUcxBolCDpCf3tZmDg3pdiNJjDlLw3ojGqYYuc889AQ2RbClm\/R5lLyVNh4TzJrJx5jJTV1BiIXZ4dth5xCXq3PrPE4x2kA3CsfmgHGDJQUm9MqowppoKxpShNb0yeV1WrSJtf4q6VxeYA4gelcHdAci6rtrs45lU3PHrkI8iu2ekZNULQ5L5FECZzwDL+FKGUAWX\/Cv1+4rKJUzlj+lc7qRnXvyvaZVLk3dSG8ZfkbU9hUVkxvUDMr1ursJ1mh4DJsWX748BhCe0OiCMN1VJjQNr2BkLJo2eHoaxZATk73Dz0kjEFrO9yfrVAivF1\/Kby0Ov57p2DOMY9vorkU7tuHj51h3cQOcAhZS7RDOvvg8ENraErupno7Rv8f\/TMT0lw0zZxWG9Xc92XrJRdvx1YEBrDlyriuUW6mSRohVk3VWsh5vr4ukKowcUCT9bVvu3szc9rGQGNzVz+eTppsKXl\/at6Jtgg86F84jDCPSbb+Emm6vnYpaatEqWq28djXSXv49xvNNRm\/Q+FZBhm414CIV1wqLcDmvFLijgHtGefi3INfis3H4ba3+kH6ke9Vqrn\/AA==\" \/> \t\t<a href=\"https:\/\/www.pdf24.org\" target=\"_blank\" title=\"www.pdf24.org\" rel=\"nofollow\"><img src=\"https:\/\/www.hohenlohe-ungefiltert.de\/wp-content\/plugins\/pdf24-post-to-pdf\/img\/pdf_32x32.png\" alt=\"\" border=\"0\" height=\"32\" \/><\/a> \t\t<span class=\"pdf24Plugin-cp-space\">&nbsp;&nbsp;<\/span> \t\t<span class=\"pdf24Plugin-cp-text\">Sende Artikel als PDF<\/span> \t\t<span class=\"pdf24Plugin-cp-space\">&nbsp;&nbsp;<\/span> \t\t<input class=\"pdf24Plugin-cp-input\" style=\"margin: 0px;\" type=\"text\" name=\"sendEmailTo\" placeholder=\"Emailadresse\" \/> \t\t<input class=\"pdf24Plugin-cp-submit\" style=\"margin: 0px;\" type=\"submit\" value=\"Senden\" \/> \t<\/form> <\/div>","protected":false},"excerpt":{"rendered":"<p>Einen Vortrag in Crailsheim zum Thema\u00a0&#8222;Die Flucht j\u00fcdischer Kinder vor dem Holocaust \u2013 Kindertransporte 1938\/39&#8220; gibt es am Montag, 30. September 2019, um 19.30 Uhr. Der Eintritt ist frei. Die Wissenschaftlerin Lilly Maier referiert im Forum in den Arkaden des Crailsheimer Rathauses.\u00a0 Von der Stadtverwaltung Crailsheim \u00dcber 10.000 unbegleitete j\u00fcdische Kinder Die Geschichte der Kindertransporte [&hellip;]<\/p>\n","protected":false},"author":1,"featured_media":0,"comment_status":"open","ping_status":"open","sticky":false,"template":"","format":"standard","meta":[],"categories":[1,10,2,8,5,3,7],"tags":[],"_links":{"self":[{"href":"https:\/\/www.hohenlohe-ungefiltert.de\/index.php?rest_route=\/wp\/v2\/posts\/25503"}],"collection":[{"href":"https:\/\/www.hohenlohe-ungefiltert.de\/index.php?rest_route=\/wp\/v2\/posts"}],"about":[{"href":"https:\/\/www.hohenlohe-ungefiltert.de\/index.php?rest_route=\/wp\/v2\/types\/post"}],"author":[{"embeddable":true,"href":"https:\/\/www.hohenlohe-ungefiltert.de\/index.php?rest_route=\/wp\/v2\/users\/1"}],"replies":[{"embeddable":true,"href":"https:\/\/www.hohenlohe-ungefiltert.de\/index.php?rest_route=%2Fwp%2Fv2%2Fcomments&post=25503"}],"version-history":[{"count":2,"href":"https:\/\/www.hohenlohe-ungefiltert.de\/index.php?rest_route=\/wp\/v2\/posts\/25503\/revisions"}],"predecessor-version":[{"id":25505,"href":"https:\/\/www.hohenlohe-ungefiltert.de\/index.php?rest_route=\/wp\/v2\/posts\/25503\/revisions\/25505"}],"wp:attachment":[{"href":"https:\/\/www.hohenlohe-ungefiltert.de\/index.php?rest_route=%2Fwp%2Fv2%2Fmedia&parent=25503"}],"wp:term":[{"taxonomy":"category","embeddable":true,"href":"https:\/\/www.hohenlohe-ungefiltert.de\/index.php?rest_route=%2Fwp%2Fv2%2Fcategories&post=25503"},{"taxonomy":"post_tag","embeddable":true,"href":"https:\/\/www.hohenlohe-ungefiltert.de\/index.php?rest_route=%2Fwp%2Fv2%2Ftags&post=25503"}],"curies":[{"name":"wp","href":"https:\/\/api.w.org\/{rel}","templated":true}]}}