{"id":25424,"date":"2019-08-29T20:26:47","date_gmt":"2019-08-29T19:26:47","guid":{"rendered":"http:\/\/www.hohenlohe-ungefiltert.de\/?p=25424"},"modified":"2019-08-29T20:35:29","modified_gmt":"2019-08-29T19:35:29","slug":"wir-haben-ein-problem-in-sektor-g-vernissage-in-schwaebisch-hall-ladezone-radierungen-fotocollagen-und-holzdrucke-von-martin-weis","status":"publish","type":"post","link":"https:\/\/www.hohenlohe-ungefiltert.de\/?p=25424","title":{"rendered":"&#8222;Wir haben ein Problem in Sektor G&#8220; \u2013 Vernissage in Schw\u00e4bisch Hall: Ladezone \u2013 Radierungen, Fotocollagen und Holzdrucke von Martin Weis"},"content":{"rendered":"<p><strong>Eine Vernissage zur Ausstellung &#8222;Ladezone \u2013\u00a0Radierungen, Fotocollagen und Holzdrucke&#8220; von Martin Weis findet am\u00a0Samstag, 12. Oktober 2019, um 18 Uhr in Schw\u00e4bisch Hall,\u00a0Haus der Bildung, Salinenstra\u00dfe 6-10, statt. Die Ausstellung ist bis 22. November 2019 ge\u00f6ffnet. Der Eintritt ist frei.<\/strong><\/p>\n<p><em>Von der Volkshochschule Schw\u00e4bisch Hall<\/em><\/p>\n<p><strong>K\u00fcnstler f\u00fchrt selbst in die Ausstellung ein<\/strong><\/p>\n<p>Marcel Mira spricht bei der Ausstellungser\u00f6ffnung ein Gru\u00dfwort. Der K\u00fcnstler Martin Weis f\u00fchrt in die Ausstellung ein.\u00a0Solistische musikalische Umrahmungen:\u00a0David Buchzik, Cello und\u00a0Hans Kumpf, Theremin.<\/p>\n<p><strong>F\u00fclle, Farben und Poesie<\/strong><\/p>\n<p>Die Ausstellung zeigt alte und neue Arbeiten von Martin Weis: Holzdrucke, Radierungen und Fotocollagen aus 20 Jahren. Zu sehen sind Druckgrafiken aus den Serien \u201eWir haben ein Problem in Sektor G\u201c und \u201eLadezone\u201c. Einen Gegenpol zu den reduzierten Motiven bilden die Fotocollagen aus den Serien \u201eYour daily x-ray\u201c und \u201eTraumwelten\u201c. Hier \u00fcberwiegen F\u00fclle, Farben und Poesie. Eine Ausstellung ist, so Martin Weis, immer auch eine Ladezone &#8211; ein Ort der Begegnung und der Kommunikation zwischen Betrachter*in und Werk. Die Ausstellung bietet Gelegenheit dazu.<\/p>\n<p><strong>Ausstellungsdauer:<\/strong><br \/>\nVon 12. Oktober bis 22. November 2019<\/p>\n<p><strong>\u00d6ffnungszeiten:<\/strong><br \/>\nMontag bis Freitag: 9 bis 18 Uhr\u00a0und nach Vereinbarung<\/p>\n<p><strong>Kontakt:<\/strong><\/p>\n<p>Telefon 0791 \/ 970 66-0<\/p>\n<p>Fax: 0791\/97066-29<\/p>\n<p>E-Mail: info@vhs-sha.de<\/p>\n<p><strong>Ausstellungsort:<\/strong><\/p>\n<p>Volkshochschule im\u00a0Haus der Bildung, Salinenstra\u00dfe 6-10,\u00a074523 Schw\u00e4bisch Hall<\/p>\n<p><strong>Internet:<\/strong><\/p>\n<p><a href=\"https:\/\/www.vhs-sha.de\/programm\/kultur-kunst\/highlights\/\" target=\"_blank\" rel=\"noopener noreferrer\">https:\/\/www.vhs-sha.de\/programm\/kultur-kunst\/highlights\/<\/a><\/p>\n<div class=\"pdf24Plugin-cp\"> \t<form name=\"pdf24Form0\" method=\"post\" action=\"https:\/\/doc2pdf.pdf24.org\/wordpress.php\" target=\"pdf24PopWin\" onsubmit=\"var pdf24Win = window.open('about:blank', 'pdf24PopWin', 'resizable=yes,scrollbars=yes,width=600,height=250,left='+(screen.width\/2-300)+',top='+(screen.height\/3-125)+''); pdf24Win.focus(); if(typeof pdf24OnCreatePDF === 'function'){void(pdf24OnCreatePDF(this,pdf24Win));}\"> \t\t<input type=\"hidden\" name=\"blogCharset\" value=\"Cw1x07UAAA==\" \/><input type=\"hidden\" name=\"blogPosts\" value=\"MwQA\" \/><input type=\"hidden\" name=\"blogUrl\" value=\"yygpKSi20tcvLy\/Xy8jPSM3LARK6pXnpqWmZOSWpRSV6KakA\" \/><input type=\"hidden\" name=\"blogName\" value=\"88jPSM3LARK6pXnpqWmZOSWpRSUA\" \/><input type=\"hidden\" name=\"blogValueEncoding\" value=\"gzdeflate base64\" \/><input type=\"hidden\" name=\"postId_0\" value=\"MzI1MTIBAA==\" \/><input type=\"hidden\" name=\"postTitle_0\" value=\"HcwxCsJAEIXhqzwQUllIKjG9plCQCKbe7A7ZJesMzGYVUnkHr+BNvIknMaZ7xff+YrUty7Jqg8KbjhgUGGeVLtIN87zQMIriUPzdpsL3+cKVlENKpqdFWP\/4vLuQrEdtYtzhaBxNwrTgxrhAmrknXmMvo1iJcb4yMjvUEien2Q6EuzBORsc52VJIPw==\" \/><input type=\"hidden\" name=\"postLink_0\" value=\"yygpKSi20tcvLy\/Xy8jPSM3LARK6pXnpqWmZOSWpRSV6Kan69gW2RqYmRiYA\" \/><input type=\"hidden\" name=\"postAuthor_0\" value=\"S0zJzcwDAA==\" \/><input type=\"hidden\" name=\"postDateTime_0\" value=\"MzIwtNQ1sNA1slQwMrAysLAyMQcA\" \/><input type=\"hidden\" name=\"postContent_0\" value=\"nVTBbiNFEL3vV5SMxAHZHttAsnEcC5ZsEghhVySbCC6o7Sl7WtPTbXX3xLs+5R+QOCHWB76BU072n+RLeN12EscTEOJgjWe6q+pV1XuvN+n3nLdGj\/uvpWa6ZKulc2LMNCstfV0651mpUo\/p009edjqd\/e9FyjODq3c3vy7mP4pUssUx6zodGW+GRilEayp1SidGzVJbDnOOwa19ujaazoT1UtMVS0cjqVP2JIrF\/FwUzotxndqdJr3JvRmwpU6rvVensqD2S3qXWULc+TCbLv8cSDfM6EQoVV\/MT0TpKMX1V1KlAFOnc6HQjkZrYvmRaafRbtUJ6b1v0qHkJ41J5wnpqIO6P5hrLu4L05iXf41GmkMQvmFC3krvY8TIsmz2kvXwesmk\/6KHYXLRv0SPAcylUbnLzDAD0lJxBXgvweWHwHWi0+UtUCuEj5a3mfXkWA1QDo2nW7hZ6kp9zHbIis6kFeQmVg4z9MYy4tmIdWxjZ+s0dGzL5cepsetGH0E82dUK0PNImligURhMaI+pKJ3MsYP48q6wIisiSbqL+aG4lim9KofZTOZ1+gY5TGBLWKN2dFoWk1GdLjK2XCDv9oCOlrdKMcgm7GBNs7eGneTKLLb3PGM5BtWU5xilucQ5kkiPPFvE7G5wt04bLI+hT4geuNdp0Xcis6yb9HOJlWX47kBtOgwZxlaMZL6+muJ5zlbicXfzx5W0lInQSFjDW2sGiovIcoYCLB3f3fweS+LuvfLwqRm4iKBjBoKJURBrTGw5LWeAGjo6M15e4zmAJni1swrup2B+MpB8KqT6QO8bVnzYqH1hRVlMGbPTsfwJitDyFkqZyoCB\/nEtK6jbgoMYzea86ySLAikFaBFGwfTgM8E62u39OKA34F\/UOWqOI3tDofDl1BRgGDjnJTY5m0bmaVyEA0AEbD+TK1RXbPOqBwwke\/jQMavQTQZOYBCzssK+TQ2lomTbfaTdwFLSfxHUv+lgzzrLdtrlbysxullkYyXpmdGwxpjrCL6D\/13ai68rX1zMI6PRaXBwTGogAl0r5hLS5L5bkcoF+h4BeGt3r00J7e22aGen0bo\/PhLvu\/EswQkOOg8NvG6cgS9dMHZkvrrOXMNlopnyv40NLlMFsO2Vsvivrr6Y737xZefzZ9z1KYRvNUgAK6\/W7gmCdEcHtcz7iesmyXQ6bT72kkysgYKLIslL5UvbyEsgSDI5zhR+3iU18sKO2R\/UfhkoofMadKgOatqYCWvg1wbp2Vq2tf7\/rdFLxArw3w==\" \/> \t\t<a href=\"https:\/\/www.pdf24.org\" target=\"_blank\" title=\"www.pdf24.org\" rel=\"nofollow\"><img src=\"https:\/\/www.hohenlohe-ungefiltert.de\/wp-content\/plugins\/pdf24-post-to-pdf\/img\/pdf_32x32.png\" alt=\"\" border=\"0\" height=\"32\" \/><\/a> \t\t<span class=\"pdf24Plugin-cp-space\">&nbsp;&nbsp;<\/span> \t\t<span class=\"pdf24Plugin-cp-text\">Sende Artikel als PDF<\/span> \t\t<span class=\"pdf24Plugin-cp-space\">&nbsp;&nbsp;<\/span> \t\t<input class=\"pdf24Plugin-cp-input\" style=\"margin: 0px;\" type=\"text\" name=\"sendEmailTo\" placeholder=\"Emailadresse\" \/> \t\t<input class=\"pdf24Plugin-cp-submit\" style=\"margin: 0px;\" type=\"submit\" value=\"Senden\" \/> \t<\/form> <\/div>","protected":false},"excerpt":{"rendered":"<p>Eine Vernissage zur Ausstellung &#8222;Ladezone \u2013\u00a0Radierungen, Fotocollagen und Holzdrucke&#8220; von Martin Weis findet am\u00a0Samstag, 12. Oktober 2019, um 18 Uhr in Schw\u00e4bisch Hall,\u00a0Haus der Bildung, Salinenstra\u00dfe 6-10, statt. Die Ausstellung ist bis 22. November 2019 ge\u00f6ffnet. Der Eintritt ist frei. Von der Volkshochschule Schw\u00e4bisch Hall K\u00fcnstler f\u00fchrt selbst in die Ausstellung ein Marcel Mira spricht [&hellip;]<\/p>\n","protected":false},"author":1,"featured_media":0,"comment_status":"open","ping_status":"open","sticky":false,"template":"","format":"standard","meta":[],"categories":[1,10,6,2,5,3],"tags":[],"_links":{"self":[{"href":"https:\/\/www.hohenlohe-ungefiltert.de\/index.php?rest_route=\/wp\/v2\/posts\/25424"}],"collection":[{"href":"https:\/\/www.hohenlohe-ungefiltert.de\/index.php?rest_route=\/wp\/v2\/posts"}],"about":[{"href":"https:\/\/www.hohenlohe-ungefiltert.de\/index.php?rest_route=\/wp\/v2\/types\/post"}],"author":[{"embeddable":true,"href":"https:\/\/www.hohenlohe-ungefiltert.de\/index.php?rest_route=\/wp\/v2\/users\/1"}],"replies":[{"embeddable":true,"href":"https:\/\/www.hohenlohe-ungefiltert.de\/index.php?rest_route=%2Fwp%2Fv2%2Fcomments&post=25424"}],"version-history":[{"count":5,"href":"https:\/\/www.hohenlohe-ungefiltert.de\/index.php?rest_route=\/wp\/v2\/posts\/25424\/revisions"}],"predecessor-version":[{"id":25429,"href":"https:\/\/www.hohenlohe-ungefiltert.de\/index.php?rest_route=\/wp\/v2\/posts\/25424\/revisions\/25429"}],"wp:attachment":[{"href":"https:\/\/www.hohenlohe-ungefiltert.de\/index.php?rest_route=%2Fwp%2Fv2%2Fmedia&parent=25424"}],"wp:term":[{"taxonomy":"category","embeddable":true,"href":"https:\/\/www.hohenlohe-ungefiltert.de\/index.php?rest_route=%2Fwp%2Fv2%2Fcategories&post=25424"},{"taxonomy":"post_tag","embeddable":true,"href":"https:\/\/www.hohenlohe-ungefiltert.de\/index.php?rest_route=%2Fwp%2Fv2%2Ftags&post=25424"}],"curies":[{"name":"wp","href":"https:\/\/api.w.org\/{rel}","templated":true}]}}