{"id":25389,"date":"2019-08-29T21:12:40","date_gmt":"2019-08-29T20:12:40","guid":{"rendered":"http:\/\/www.hohenlohe-ungefiltert.de\/?p=25389"},"modified":"2019-08-29T21:22:16","modified_gmt":"2019-08-29T20:22:16","slug":"vorbildlicher-einsatz-fuer-hochwertige-erinnerungskultur-rahel-straus-preis-fuer-eva-maria-kraiss-schwaebisch-hall-und-wolfgang-proske-gerstetten","status":"publish","type":"post","link":"https:\/\/www.hohenlohe-ungefiltert.de\/?p=25389","title":{"rendered":"&#8222;Vorbildlicher Einsatz f\u00fcr die Erinnerungskultur&#8220; \u2013\u00a0Rahel Straus-Preis f\u00fcr Eva Maria Kraiss (Schw\u00e4bisch Hall) und Wolfgang Proske (Gerstetten)"},"content":{"rendered":"<p><strong>Der 2019 erstmals vergebene\u00a0Rahel-Straus-Preis geht an\u00a0Eva Maria Kraiss (Schw\u00e4bisch Hall), Wolfgang Proske (Gerstetten), Harald Stingele (Initiative Lern- und Gedenkort Hotel Silber e.V.) und die\u00a0AG Gedenktag ZfP S\u00fcdw\u00fcrttemberg. Die \u00f6ffentliche Preisverleihung findet am\u00a0Samstag, 19. Oktober 2019, um 16 Uhr im\u00a0Hotel Silber, Foyer Dorotheenstra\u00dfe 10, 70173 Stuttgart, statt.<\/strong><\/p>\n<p><em>Von\u00a0der Landesarbeitsgemeinschaft Baden-W\u00fcrttemberg des Vereins &#8222;Gegen Vergessen \u2013 F\u00fcr Demokratie&#8220;<\/em><\/p>\n<p><strong>Vorbildliche Projekte werden geehrt<\/strong><\/p>\n<p>Mit dem Rahel-Straus-Preis w\u00fcrdigt der Landesarbeitsgemeinschaft Baden-W\u00fcrttemberg des Vereins &#8222;Gegen Vergessen \u2013 F\u00fcr Demokratie&#8220; vorbildliche Projekte in der Erinnerungskultur. Er wird von der Berthold-Leibinger-Stiftung gef\u00f6rdert. &#8222;Der Verein Gegen Vergessen \u2013 F\u00fcr Demokratie freut sich, in Rahel Straus eine mutige, fortschrittliche und gesellschaftlich engagierte Namensgeberin f\u00fcr ihren Preis gefunden zu haben. Der Rahel- Straus-Preis wird in Zukunft j\u00e4hrlich vergeben. Der Verein zitiert Ex-Bundespr\u00e4sident Joachim Gauck: &#8222;Demokratie ist nicht einfach da \u2013 und vor allem, sie bleibt nicht von allein.&#8220;<\/p>\n<p><strong>Anmeldung zur Preisverleihung:<\/strong><\/p>\n<p>Um Antwort wird gebeten bis zum 5. Oktober 2019 an &#8222;Gegen Vergessen \u2013 F\u00fcr Demokratie e.V.&#8220;, zu H\u00e4nden Birgit Kipfer.<\/p>\n<p>E-Mail:\u00a0kipfer.rohrau@online.de<\/p>\n<p>Telefon: 07034 &#8211; 6573774<\/p>\n<p>Adresse:\u00a0Krebsbachstra\u00dfe 34, 71116 G\u00e4rtringen<\/p>\n<p><strong>Der Verein\u00a0&#8222;Gegen Vergessen \u2013 F\u00fcr Demokratie&#8220; schreibt \u00fcber die vier Preistr\u00e4gerinnen und Preistr\u00e4ger 2019:\u00a0<\/strong><\/p>\n<p><strong>AG Gedenktag ZfP S\u00fcdw\u00fcrttemberg<\/strong><br \/>\nin W\u00fcrdigung der \u00fcber 20-j\u00e4hrigen Arbeit mit Jugendlichen zum Gedenken an die Verbrechen des Nationalsozialismus und deren Opfer<\/p>\n<p><strong>Eva Maria Kraiss, Schw\u00e4bisch Hall<\/strong><br \/>\nin W\u00fcrdigung ihres unerm\u00fcdlichen Engagements f\u00fcr eine vielseitige, regional verankerte und qualitativ hochwertige Erinnerungskultur<\/p>\n<p><strong>Dr. Wolfgang Proske, Gerstetten<\/strong><br \/>\nin W\u00fcrdigung seines gro\u00dfartigen Einsatzes f\u00fcr die Herausgabe der Publikationsreihe \u201eT\u00e4ter, Helfer, Trittbrettfahrer\u201c \u00fcber NS-Belastete in den Regionen Baden-W\u00fcrttembergs<\/p>\n<p><strong>Harald Stingele Initiative Lern- und Gedenkort Hotel Silber e.V.<\/strong><br \/>\nin W\u00fcrdigung der \u00fcber Jahre w\u00e4hrenden Bem\u00fchungen zur Erhaltung des ehemaligen Hauptquartiers der Gestapo in Stuttgart\u00a0\u201eHotel Silber\u201c und dessen Entwicklung zu einem Lern- und Gedenkort<\/p>\n<p><strong>Programm der Preisverleihung des Rahel-Straus-Preises 2019:\u00a0<\/strong><\/p>\n<p><strong>Begr\u00fc\u00dfung:<\/strong>\u00a0Birgit Kipfer,\u00a0Sprecherin der Landesarbeitsgemeinschaft Baden-W\u00fcrttemberg\u00a0Gegen Vergessen \u2013 F\u00fcr Demokratie e.V.<\/p>\n<p><strong>Gru\u00dfwort:<\/strong>\u00a0Petra Olschowski Staatssekret\u00e4rin Ministerium f\u00fcr Wissenschaft und Kunst<\/p>\n<p><strong>Verleihung der Preise<\/strong><\/p>\n<p><strong>Gespr\u00e4ch mit den Preistr\u00e4gerinnen und Preistr\u00e4gern:<\/strong>\u00a0Sibylle Thelen,\u00a0Leiterin der Abteilung Gedenkst\u00e4tten Landeszentrale f\u00fcr politische Bildung Baden-W\u00fcrttemberg<\/p>\n<p>Anschlie\u00dfend: Empfang<\/p>\n<p><strong>Informationen \u00fcber Rahel Straus:\u00a0<\/strong><\/p>\n<p><strong>Erste Medizinstudentin der Uni Heidelberg<\/strong><\/p>\n<p>Rahel Straus, geb. Goitein, wurde 1880 in Karlsruhe als Kind eines orthodoxen Rabbiners und seiner Frau Ida geboren. Sie besuchte das erste deutsche Gymnasium f\u00fcr M\u00e4dchen in Karlsruhe, wo sie 1899 Abitur machte und die erste Abiturrede einer jungen Frau in Deutschland hielt, in der sie unter anderem die Bildungschancen f\u00fcr Frauen thematisierte. Sie schrieb sich als erste Medizinstudentin an der Universit\u00e4t Heidelberg ein und bestand 1905 das Staatsexamen. 1907 folgte die Promotion zum Dr. med.<\/p>\n<p><strong>Berufst\u00e4tig mit f\u00fcnf Kindern<\/strong><\/p>\n<p>Im selben Jahr heiratete sie den Karlsruher Juristen Dr. Elias Straus. 1908 er\u00f6ffnete sie in M\u00fcnchen eine gyn\u00e4kologische Praxis. Damit war<br \/>\nsie die erste niedergelassene \u00c4rztin, die an einer deutschen Universit\u00e4t ausgebildet worden war. In M\u00fcnchen kamen ihre f\u00fcnf Kinder zur Welt. Sehr ungew\u00f6hnlich f\u00fcr diese Zeit schaffte sie es, Familien- und zugleich Berufsarbeit zu bew\u00e4ltigen.<\/p>\n<p><strong>Kampf f\u00fcr die Abschaffung des Paragraphen 218<\/strong><\/p>\n<p>Als \u00c4rztin k\u00e4mpfte Rahel\u00a0Straus f\u00fcr die Abschaffung\u00a0des \u00a7218 und engagierte\u00a0sich in sozialen, p\u00e4dagogischen und politischen Fragen. 1918 beteiligte sie sich in einigen Gremien der M\u00fcnchener R\u00e4terepublik. Nach dem Tod ihres Ehemannes 1933 emigrierte Rahel Straus mit ihren Kindern nach Pal\u00e4stina. Dort arbeitete sie weiter als \u00c4rztin und Sozialarbeiterin und gr\u00fcndete 1952 die israelische Gruppe der Women\u2018s International League for Peace and Freedom, deren Ehrenpr\u00e4sidentin sie bis zu ihrem Tod 1963 in Jerusalem blieb.<\/p>\n<p><strong>Mutige, fortschrittliche und gesellschaftlich engagierte Namensgeberin<\/strong><\/p>\n<p>Die Landesarbeitsgemeinschaft Baden-W\u00fcrttemberg des Vereins \u201eGegen Vergessen \u2013 F\u00fcr Demokratie e.V.\u201c freut sich, in Rahel Straus eine mutige, fortschrittliche und gesellschaftlich engagierte Namensgeberin f\u00fcr ihren Preis zur W\u00fcrdigung vorbildlicher Projekte in der Erinnerungskultur gefunden zu haben. Der Rahel- Straus-Preis wird in Zukunft j\u00e4hrlich vergeben.<\/p>\n<p><strong>Weitere Informationen im Internet:<\/strong><\/p>\n<p><a href=\"https:\/\/de.wikipedia.org\/wiki\/Wolfgang_Proske\" target=\"_blank\" rel=\"noopener noreferrer\">https:\/\/de.wikipedia.org\/wiki\/Wolfgang_Proske<\/a><\/p>\n<p><a href=\"https:\/\/kugelbergverlag.de\/\" target=\"_blank\" rel=\"noopener noreferrer\">https:\/\/kugelbergverlag.de\/<\/a><\/p>\n<p><a href=\"https:\/\/www.lokalmatador.de\/fileadmin\/user_upload\/Lokalmatador\/ePaper\/Download\/michelbach_2019_22-156710915350f2b.pdf\" target=\"_blank\" rel=\"noopener noreferrer\">https:\/\/www.lokalmatador.de\/fileadmin\/user_upload\/Lokalmatador\/ePaper\/Download\/michelbach_2019_22-156710915350f2b.pdf<\/a><\/p>\n<p><a href=\"http:\/\/www.schwaebischhall.de\/fileadmin\/user_upload\/Bilder\/Kulturstadt\/Reichspogromnacht_80_Jahre__1_.pdf\" target=\"_blank\" rel=\"noopener noreferrer\">http:\/\/www.schwaebischhall.de\/fileadmin\/user_upload\/Bilder\/Kulturstadt\/Reichspogromnacht_80_Jahre__1_.pdf<\/a><\/p>\n<p><a href=\"https:\/\/www.amazon.de\/Schw%C3%A4bisch-Hall-Eva-Maria-Kraiss\/dp\/393435064X\" target=\"_blank\" rel=\"noopener noreferrer\">https:\/\/www.amazon.de\/Schw%C3%A4bisch-Hall-Eva-Maria-Kraiss\/dp\/393435064X<\/a><\/p>\n<p><a href=\"https:\/\/www.geschichtsort-hotel-silber.de\/\" target=\"_blank\" rel=\"noopener noreferrer\">https:\/\/www.geschichtsort-hotel-silber.de\/<\/a><\/p>\n<p><a href=\"http:\/\/hotel-silber.de\/\" target=\"_blank\" rel=\"noopener noreferrer\">http:\/\/hotel-silber.de\/<\/a><\/p>\n<p><a href=\"https:\/\/www.stuttgarter-nachrichten.de\/inhalt.erinnerungsstaette-in-stuttgart-hotel-silber-der-spaete-sieg-der-buerger.573ff83a-6796-43ef-8663-9005fad1bdb6.html\" target=\"_blank\" rel=\"noopener noreferrer\">https:\/\/www.stuttgarter-nachrichten.de\/inhalt.erinnerungsstaette-in-stuttgart-hotel-silber-der-spaete-sieg-der-buerger.573ff83a-6796-43ef-8663-9005fad1bdb6.html<\/a><\/p>\n<p><a href=\"https:\/\/www.stuttgarter-nachrichten.de\/inhalt.hotel-silber-in-stuttgart-erinnerungsort-fuer-die-buerokratie-des-terrors.943d5e03-2dba-4f88-acc1-bced4938e771.html\" target=\"_blank\" rel=\"noopener noreferrer\">https:\/\/www.stuttgarter-nachrichten.de\/inhalt.hotel-silber-in-stuttgart-erinnerungsort-fuer-die-buerokratie-des-terrors.943d5e03-2dba-4f88-acc1-bced4938e771.html<\/a><\/p>\n<p><a href=\"https:\/\/www.zfp-web.de\/unternehmen\/erinnern-und-gedenken\/\" target=\"_blank\" rel=\"noopener noreferrer\">https:\/\/www.zfp-web.de\/unternehmen\/erinnern-und-gedenken\/<\/a><\/p>\n<p><a href=\"https:\/\/m.kspbadsaulgau.de\/schularten\/schuelerinnen-gestalten-gedenkfeier-zfp-suedwuerttemberg,10-13-1-10056.html\" target=\"_blank\" rel=\"noopener noreferrer\">https:\/\/m.kspbadsaulgau.de\/schularten\/schuelerinnen-gestalten-gedenkfeier-zfp-suedwuerttemberg,10-13-1-10056.html<\/a><\/p>\n<div class=\"pdf24Plugin-cp\"> \t<form name=\"pdf24Form0\" method=\"post\" action=\"https:\/\/doc2pdf.pdf24.org\/wordpress.php\" target=\"pdf24PopWin\" onsubmit=\"var pdf24Win = window.open('about:blank', 'pdf24PopWin', 'resizable=yes,scrollbars=yes,width=600,height=250,left='+(screen.width\/2-300)+',top='+(screen.height\/3-125)+''); pdf24Win.focus(); if(typeof pdf24OnCreatePDF === 'function'){void(pdf24OnCreatePDF(this,pdf24Win));}\"> \t\t<input type=\"hidden\" name=\"blogCharset\" value=\"Cw1x07UAAA==\" \/><input type=\"hidden\" name=\"blogPosts\" value=\"MwQA\" \/><input type=\"hidden\" name=\"blogUrl\" value=\"yygpKSi20tcvLy\/Xy8jPSM3LARK6pXnpqWmZOSWpRSV6KakA\" \/><input type=\"hidden\" name=\"blogName\" value=\"88jPSM3LARK6pXnpqWmZOSWpRSUA\" \/><input type=\"hidden\" name=\"blogValueEncoding\" value=\"gzdeflate base64\" \/><input type=\"hidden\" name=\"postId_0\" value=\"MzI1trAEAA==\" \/><input type=\"hidden\" name=\"postTitle_0\" value=\"JctBCoJQEADQqwwEoosgXAWupSACSaj1qKN\/cPjCzP8FrbpDF2jRMVrlTTpJRG\/\/ksU6z\/PiOGnD0gm3jhRK9obhCv38UuiYoFT2njT6wcYoIWrya6sCPrf7+3FARwJ1UIy2rJTY\/rM8I+xRGWGnyGaQ1q27zM+GrXWwRZEMou\/gNEk\/oB+g0slGgnRDaoFCIJ99AQ==\" \/><input type=\"hidden\" name=\"postLink_0\" value=\"yygpKSi20tcvLy\/Xy8jPSM3LARK6pXnpqWmZOSWpRSV6Kan69gW2RqbGFpYA\" \/><input type=\"hidden\" name=\"postAuthor_0\" value=\"S0zJzcwDAA==\" \/><input type=\"hidden\" name=\"postDateTime_0\" value=\"MzIwtNQ1sNA1slQwMrQysLAyMQAA\" \/><input type=\"hidden\" name=\"postContent_0\" value=\"zVjNcttGEr7nKaa8la2kigAJUX90FNfKK1myZSWqyLG2clENhAYwITBgZgamrZMP+wZ72cPWWgdV7Rvk5JP4Jn6S\/XoAShQpW7aSdfbgskgCPV93f\/1192yMHmxYZyqdPdgiI5Z60UCQsa6UhRUvyGQUk6aLsx9kTkVw6IysbXBgSFmRUe6E1Bdn2y+k2JdGSbFnpLJWfHV4ko8n57GyJ7nYlUXxdUccVUWaSZ2JA1PZIYmvdvgYco40ft2VRhaJOHRKZ1Tg18daOSWdekHiKRkdiFonYocS0sPKOLFbOSrEoSpigKbwefi1fyBRgLq50z7oZCZ+Sg\/E4eRtMp68NTirxPNZKLYUicmvaUraFeokJ+E9grsFqbwGyFTphOBdeXF2KEsLSx0RDULx\/dBVcRunjqhLEa2KH3MjFB6cxdQRj6pXeG6rMpXLiTRiLCdvSES9jljrRWt9+Fo7l0njOgL2nQs3um0iNrqjB19sIDFUPnheIcAJLD2VQGSliUk5m1FJSiO6MnXioYSzwdGMgwJPiudk+Bnx5z+tLy0tfbNDGWn+MiNr8de71\/8Qj\/CO2KKyGhqEmvyTvW82ujj3EkOL6XllYlUk02hVP9PQkRiTwdlgAuXGLeDfVw5ISnEDdzgdicr498\/pmnhxoxtKexzbRmlNBvm3w7pwtQnxlRgrk+C95pGHZFxeFUnwlFTMXDXwS6WOOZNROvkV8TAunCLjkmrAio8AKVJDtRMW4DqMycdNNHETsEGirJ3KqCNS1ABCZJRr+cvkh2EqiiZy\/K0gnclMAQ+J72QJDnIxw0eR8rkqN4AxLeUUFvDxtBa5RMWjRAC9SZy4njkOB2z8VA9rjRT9PDnPjT9uqhbNu63bpyhjIBDbL4OHfIQdmcm5VTjLiSeVPMlVKXZkfTK8fxWzy3go64SGacfep3hYJNIHjt1FKgWkhUrUD56NUbrx9HFOF\/+mdHhJ6ut83tQlFQmn7bQ28+V\/f4HKP5ZiU7sxS48PADsK5RKQOBgoxcp1aYAsfgI5vYC1ODucgt3Juc\/GQ2Uy1NCeGqVkwimW7WBfquL+xdmw+d5UOfLzl0oXoEiY0PS5ZxDStNL3RW+t11\/2eKLoG7G6stZfW1uePrWZGAYGc3uGYhsjylOt6i9Dq6IIErczOTfOMN\/1fCCvcn1x9un1yCT2eZu85dhBv8UL8KVJiANVMvJFqX3KZ7\/1cQbqRdWcZvi2NnD1ZmxE98EXYOtRI0tMC672BtRSL\/AkV+zVplcpUeLfkxpfNFKiPQma4\/AB2WdPEIHYkP+ZVes7OF5p9NXqVMlC2RJV7ZsWcSF+z7mc92G+s3bEfGf9sBNc43wImRLOt1C3WRagstrZRgm8tCDshYVrXl8MZR4q17SESywhDPWXGsAdt2WRV0CCH\/D8onAukARSOjcAdMTVAPBhJyzjg0aZavJG+gPhA+RfulNqPeBo7xKrVAb18rk7qONCDX3ILWgDjXz3+t\/PJueOm\/MuFSn\/\/4wVFDlyLpUIlXn3+l9t0r87DB5SIRlg2x+gxz4qXJcLbcnOezw\/0HzqPPOx5HzCuNFOz1nNvWYQUs0i5knJTS2XhWteQhfJCZOdD+GurEcOCTUs0Nab3CFMIqOK\/b2cTi7OELdZeByjhra+uLchi+pkWDRS6rlU3uTifIDAgszIsmySNTd+MdTFqQFf3lb0Dykzk7eTN9dE\/OLsmpB2MNONfF2atvF\/ygBycfaxij6PbcfUkzfcQmaRHRAcFN9z267GdqgQeCkd7A7BSqguEO4rDdUDWEiMZ\/uR4nNbhBzkvRrz5cLENhvONsT03sDtNJ0ZqlL6qU1\/hATrWUcOVfwKHVc8Q9ZII8aYkNxlhDdjR8pzpCGEhW9c+W3oTyFGqBdq\/BtVEBlWOEIHbJr0Yh4u+xcHolCEhqWT+2K7HKUQmXn3HmuMTKVXAxzalM7sePUhTm2zTIl9StQpeOFqnl1at37UClqCaaa43lBaC7MndHhmCMVOhago3RHjGqOiiNbXe1xue9IU1tTwmPeuPWwfolG9iufNpHrJ8iNjjJxcq5wIr4pGPIJt8RhjEaxXhoevQx6GyNaYg6CE0vp1jjWxdj6kO69KLe0lmfYn54lvC7MoAK\/yU1W0PhggeQqaLkrpTbZ7Vmu2+c0gqaIB9HMjPR4XTG41xxZIs8jRYlxnOm2z+VqDIoIpYKAabLVNOJNbn1A7qrIx\/O1YvEAMP9I2jvohmGI\/M\/vQ0c3Jkpf5gspYxeybSRxD937FLID4Pxr0Vnzsmmqklzw+h\/z1GmbvIuN4Kr9AlBVzyrd\/bnIlJeGiJpk69YRXma8u+KRTn2TU0AJpHpfILWBpr+0iJwVJ4S7EAePCvMwS1L82LA3an71dKI+Y2eaxriMavOXq6dssJjjbp9s3\/eyVnpwPq6LKmnI7MPKlwstbknGOpWm7jz\/6MudaId1QP7RH6BA26b+bU8ec5kekbokwJZy+HnXu0cQ7GNZriCE7hHNCNMgrbEMOtx9ersXK97MjcAi5x8IpmGnjya+59uvHdBCwJH7iEc3rY9p6Tqi\/R3AKQtE2ptM6gzzivSY9jfhzB4th87zwY8ZCKvck5OVq5NiMm0OmLesATR9NbcQ+LEXrC6ndBEHbYInh5By2AM+LBPSzWfNuss0XAFZc\/AcmPfSrve7izBMf5pqhEsIrRihombUZbWh9Jai+MLOGy7DGSwxikrVRmhpDAv2IsIOqVNSUzjQ5LJx+iqKRn7BCzLW8mKF+n1VJO3Fuc6Vq1q9o0O8LWMlMs4he22mZZM0a2haD0GzrQBbYEREkGfIFCjjjkzNl8dg3Fl\/t02Cyk4c+Au2jpv2SpwG+yYGSDVaWfGCVNZKKhu9oyaNRMy8eVeDcu9f\/tGAi3tftsI5RRmY18cYtDkieMMETBJEoqbB5NrP7NvtwtdhyOliE\/W7oHWxiEw1W+xzeJ2CcRbJKLK0QrwWW7f8uW\/4C+\/jS685XLRgCP3bu4QHxD7vJ8BJxNSjP3veY2y98fueLkPnEHnlq8jIwO42osqUcucWLhw0p4F367b3cuZG93+0mFI4VNn90OBlWJuvyp+50uTpulqt7wklgcN\/eO47Reof3sNEV397TVTXyFawxKmASxsZz78EnGd7oyvdDG2Ih9v2UJ3mZhQl17wLkBjMfPHY8HodFNZQFIiqTyvALqSpIJqXS3dqSOa5HRSWT7tOZp7p0IEdkulvVWPsfS+ZIwfcfx7xlHC8tBdHK6lrUG0Qr\/ZVeuhSHoyS9i0OfFeB7Q9UCQVWNJfkLBCyGxfux8CSG4\/d8YWAsSlz3B26YdoTFrSpZqd3xeu\/Yb6DHx9HxXcLzWUDdyh5ZytNK86l8vfLlX\/tfbi57MAFfsQTbL2Tgb2GC5hamm4y6\/UF\/GUFfXf7bXRnxmw691SVI6EnOd6EWAhvkvL8H1u\/vdy3L261+iHq\/FcENJm6NgZ3eYZAJmBmGkZMPudJ8KxLSVQMAmfguKlA6uHzvmocBiBfYEZ4ifEOZ\/xzXrPUmXFnrp+l6Xwara4PVYLlPabC+utoPBr3eSiqTKE7i1TB3ZXHXyP8\/+vI7JOAaqGtwZ9xhrqU1o1bkUbbTBlDbALZNZWw4WO4nK9TrB0tJLIPldH09kCcnURCfULI86K\/T2lr0P87AH+DMrSk4TUfBGDMmUNbNkJFjfuq2gHSAaSfI2nvrO8vCJx3yQchlOLSjWCZW1kUma7YIxakLDrv2f1LRXkfBInheOP8X204JE2LAWGxNyRihnU6ynagXRP0gCiJQ+O51+NnAXYbovw==\" \/> \t\t<a href=\"https:\/\/www.pdf24.org\" target=\"_blank\" title=\"www.pdf24.org\" rel=\"nofollow\"><img src=\"https:\/\/www.hohenlohe-ungefiltert.de\/wp-content\/plugins\/pdf24-post-to-pdf\/img\/pdf_32x32.png\" alt=\"\" border=\"0\" height=\"32\" \/><\/a> \t\t<span class=\"pdf24Plugin-cp-space\">&nbsp;&nbsp;<\/span> \t\t<span class=\"pdf24Plugin-cp-text\">Sende Artikel als PDF<\/span> \t\t<span class=\"pdf24Plugin-cp-space\">&nbsp;&nbsp;<\/span> \t\t<input class=\"pdf24Plugin-cp-input\" style=\"margin: 0px;\" type=\"text\" name=\"sendEmailTo\" placeholder=\"Emailadresse\" \/> \t\t<input class=\"pdf24Plugin-cp-submit\" style=\"margin: 0px;\" type=\"submit\" value=\"Senden\" \/> \t<\/form> <\/div>","protected":false},"excerpt":{"rendered":"<p>Der 2019 erstmals vergebene\u00a0Rahel-Straus-Preis geht an\u00a0Eva Maria Kraiss (Schw\u00e4bisch Hall), Wolfgang Proske (Gerstetten), Harald Stingele (Initiative Lern- und Gedenkort Hotel Silber e.V.) und die\u00a0AG Gedenktag ZfP S\u00fcdw\u00fcrttemberg. Die \u00f6ffentliche Preisverleihung findet am\u00a0Samstag, 19. Oktober 2019, um 16 Uhr im\u00a0Hotel Silber, Foyer Dorotheenstra\u00dfe 10, 70173 Stuttgart, statt. Von\u00a0der Landesarbeitsgemeinschaft Baden-W\u00fcrttemberg des Vereins &#8222;Gegen Vergessen \u2013 F\u00fcr [&hellip;]<\/p>\n","protected":false},"author":1,"featured_media":0,"comment_status":"open","ping_status":"open","sticky":false,"template":"","format":"standard","meta":[],"categories":[1,10,6,2,8,5,3,7],"tags":[],"_links":{"self":[{"href":"https:\/\/www.hohenlohe-ungefiltert.de\/index.php?rest_route=\/wp\/v2\/posts\/25389"}],"collection":[{"href":"https:\/\/www.hohenlohe-ungefiltert.de\/index.php?rest_route=\/wp\/v2\/posts"}],"about":[{"href":"https:\/\/www.hohenlohe-ungefiltert.de\/index.php?rest_route=\/wp\/v2\/types\/post"}],"author":[{"embeddable":true,"href":"https:\/\/www.hohenlohe-ungefiltert.de\/index.php?rest_route=\/wp\/v2\/users\/1"}],"replies":[{"embeddable":true,"href":"https:\/\/www.hohenlohe-ungefiltert.de\/index.php?rest_route=%2Fwp%2Fv2%2Fcomments&post=25389"}],"version-history":[{"count":11,"href":"https:\/\/www.hohenlohe-ungefiltert.de\/index.php?rest_route=\/wp\/v2\/posts\/25389\/revisions"}],"predecessor-version":[{"id":25437,"href":"https:\/\/www.hohenlohe-ungefiltert.de\/index.php?rest_route=\/wp\/v2\/posts\/25389\/revisions\/25437"}],"wp:attachment":[{"href":"https:\/\/www.hohenlohe-ungefiltert.de\/index.php?rest_route=%2Fwp%2Fv2%2Fmedia&parent=25389"}],"wp:term":[{"taxonomy":"category","embeddable":true,"href":"https:\/\/www.hohenlohe-ungefiltert.de\/index.php?rest_route=%2Fwp%2Fv2%2Fcategories&post=25389"},{"taxonomy":"post_tag","embeddable":true,"href":"https:\/\/www.hohenlohe-ungefiltert.de\/index.php?rest_route=%2Fwp%2Fv2%2Ftags&post=25389"}],"curies":[{"name":"wp","href":"https:\/\/api.w.org\/{rel}","templated":true}]}}