{"id":25368,"date":"2019-08-13T21:15:23","date_gmt":"2019-08-13T20:15:23","guid":{"rendered":"http:\/\/www.hohenlohe-ungefiltert.de\/?p=25368"},"modified":"2019-08-13T21:22:28","modified_gmt":"2019-08-13T20:22:28","slug":"wie-geht-es-beim-bahnhofsareal-nord-und-sued-in-schwaebisch-hall-weiter-linke-laden-zum-gemeinsamen-rundgang-ein","status":"publish","type":"post","link":"https:\/\/www.hohenlohe-ungefiltert.de\/?p=25368","title":{"rendered":"&#8222;Wie geht es beim Bahnhofsareal Nord und S\u00fcd in Schw\u00e4bisch Hall weiter?&#8220; \u2013 LINKE laden zum gemeinsamen Rundgang ein"},"content":{"rendered":"<p><strong>Die Partei DIE LINKE bietet am Samstag, 17. August 2019, um 11 Uhr eine \u00f6ffentliche Begehung des Bahnhofsareals Nord und S\u00fcd am Schw\u00e4bisch Haller Bahnhof an. Dazu sind alle Interessierten eingeladen. Treffpunkt ist am Bahnhof Schw\u00e4bisch Hall.<\/strong><\/p>\n<p><em>Von Heidi Scharf,\u00a0Kreisvorstand Schw\u00e4bisch Hall\/Hohenlohe der Partei DIE LINKE<\/em><\/p>\n<p><strong>Antrag zur Gestaltung und Belegung<\/strong><\/p>\n<p>Bei der F\u00fchrung \u00fcber das Gel\u00e4nde berichtet die Schw\u00e4bisch Haller LINKEN-Stadtr\u00e4tin\u00a0Ellena Schumacher Koelsch von\u00a0&#8222;einem Termin mit dem Stadtplaner, der uns n\u00e4here Infos zur Erschlie\u00dfung dieses Gel\u00e4ndes weitergegeben hat.\u00a0Auch wurde uns das Baukonzept der HGE vorgestellt und vor allem wie die Vergabe l\u00e4uft. Dabei kamen einige neue Informationen an den Tag.\u00a0Wir wollen uns genau informieren und haben auch nochmals versucht, im Stadtrat einen Antrag zur Gestaltung und Belegung einzubringen.&#8220;<\/p>\n<p><strong>Ideen besprechen<\/strong><\/p>\n<p>Nach dem Rundgang\u00a0k\u00f6nnen wir uns bei Bedarf noch im Parteib\u00fcro zusammensetzen, etwas trinken und uns besprechen.\u00a0Wir freuen uns auf eure Teilnahme und den Austausch mit euch.<\/p>\n<p>Solidarische Gr\u00fc\u00dfe,<\/p>\n<p>Euer Kreisvorstand Schw\u00e4bisch Hall\/Hohenlohe Heidi Scharf<\/p>\n<p><strong>Weitere Informationen und Kontakt:<\/strong><\/p>\n<p><a href=\"https:\/\/die-linke-sha.de\/\" target=\"_blank\" rel=\"noopener noreferrer\">https:\/\/die-linke-sha.de\/<\/a><\/p>\n<p>Bahnhofsareal Schw\u00e4bisch Hall Baugebiet am Bahnhof: Stadt will Investoren mit besten Ideen Fl\u00e4chen zuteilen<\/p>\n<p><a href=\"https:\/\/www.swp.de\/suedwesten\/staedte\/schwaebisch-hall\/bahnhofsareal-schwaebisch-hall-baugebiet-am-bahnhof_-stadt-will-investoren-mit-besten-ideen-flaechen-zuteilen-31814221.html\" target=\"_blank\" rel=\"noopener noreferrer\">https:\/\/www.swp.de\/suedwesten\/staedte\/schwaebisch-hall\/bahnhofsareal-schwaebisch-hall-baugebiet-am-bahnhof_-stadt-will-investoren-mit-besten-ideen-flaechen-zuteilen-31814221.html<\/a><\/p>\n<p>St\u00e4dtebaulicher Realisierungs- und IdeenwettbewerbBahnhofsareal Schw\u00e4bisch Hall \u2013 Dokumentation der Wettbewerbsergebnisse<\/p>\n<p><a href=\"http:\/\/www.schwaebischhall.de\/fileadmin\/user_upload\/Bilder\/Buergerstadt\/Presse\/151203_Dokumentation_Bahnhofsareal.pdf\" target=\"_blank\" rel=\"noopener noreferrer\">http:\/\/www.schwaebischhall.de\/fileadmin\/user_upload\/Bilder\/Buergerstadt\/Presse\/151203_Dokumentation_Bahnhofsareal.pdf<\/a><\/p>\n<p><a href=\"https:\/\/www.competitionline.com\/de\/ergebnisse\/197541\" target=\"_blank\" rel=\"noopener noreferrer\">https:\/\/www.competitionline.com\/de\/ergebnisse\/197541<\/a><\/p>\n<div class=\"pdf24Plugin-cp\"> \t<form name=\"pdf24Form0\" method=\"post\" action=\"https:\/\/doc2pdf.pdf24.org\/wordpress.php\" target=\"pdf24PopWin\" onsubmit=\"var pdf24Win = window.open('about:blank', 'pdf24PopWin', 'resizable=yes,scrollbars=yes,width=600,height=250,left='+(screen.width\/2-300)+',top='+(screen.height\/3-125)+''); pdf24Win.focus(); if(typeof pdf24OnCreatePDF === 'function'){void(pdf24OnCreatePDF(this,pdf24Win));}\"> \t\t<input type=\"hidden\" name=\"blogCharset\" value=\"Cw1x07UAAA==\" \/><input type=\"hidden\" name=\"blogPosts\" value=\"MwQA\" \/><input type=\"hidden\" name=\"blogUrl\" value=\"yygpKSi20tcvLy\/Xy8jPSM3LARK6pXnpqWmZOSWpRSV6KakA\" \/><input type=\"hidden\" name=\"blogName\" value=\"88jPSM3LARK6pXnpqWmZOSWpRSUA\" \/><input type=\"hidden\" name=\"blogValueEncoding\" value=\"gzdeflate base64\" \/><input type=\"hidden\" name=\"postId_0\" value=\"MzI1NrMAAA==\" \/><input type=\"hidden\" name=\"postTitle_0\" value=\"U1O2MDIysg7PTFVIT80oUUgtVkhKzcxVcErMyMvITytOLEpNzFHwyy9KUSjNS1EIPrwnRSEzTyE4OaP88JKkzOLkDAWPxJwchfLUzJLUIns1kHEG1gqPGiYr+Hj6ebsq5CSmpOYpVJXmAs3PTc3MK07MBfKDgIalJ+alKwBFAA==\" \/><input type=\"hidden\" name=\"postLink_0\" value=\"yygpKSi20tcvLy\/Xy8jPSM3LARK6pXnpqWmZOSWpRSV6Kan69gW2RqbGZhYA\" \/><input type=\"hidden\" name=\"postAuthor_0\" value=\"S0zJzcwDAA==\" \/><input type=\"hidden\" name=\"postDateTime_0\" value=\"MzIwtNQ1sNA1NFYwMrQysLAyMgYA\" \/><input type=\"hidden\" name=\"postContent_0\" value=\"1VXNTtxIEL7vU5RmpT2Nx3iSKAkZkBgxAcQKRYENR9TGZbs17W6rf7DEad9hHyAceIacOOE32SfZqp4ZmAxEyeaw0l4s2d391Vff91V70u5OnLdGV7v7EuGDsB4l7B\/N4Pejk+MZ5BI9ehANnIrGeVENIXs9gr1QBedhvJW9HUJoIMvgj9oCSo3QfylL1F7JyxphihXWQVdQoIOpqHVtSicsCuXgxNgCgi7gtL8rYonLuutvc+kuazgUSqFdHQGhR7AvrgM4SQd4DY60R4vOSSTOmmtXqESBtPPMYlm2Qc89SBfZr3A2S4wm6bL9Sdru\/jIhObDZ\/WQ0HKIsJO8Xthze3xxblO7KWNKAGW\/ApIemRq3oQY3aJzJOUgJ9KLAsuKe9FRVcBwsHSLDKs06sxxQVVvTyhNuUQBn\/fX9XW97d3+X0WghHEKq\/1QUCfSDl2bSCDH1G0sjoJDn1ovC2v\/VS39\/MaEUL3h0aQb5ZODao+NCVoeXffn0zHo\/fsb0NnKFtpIZGUgV6jTitEhrtMJIL2oHubwmEPSqNiy3OLKEpif3nmAaJDh9JO+hQkpsVpSUnL2vhR\/c3e4Hqd8FSU4zJXU5FmBt9ja2PpQ4PZkSQjjmPSvkoHr3HfDTQUf+swScCFjkC1Qql5xzlpONcNIvUyApBY1iQtY3w0mhaEZpKaDgTFVE5lxY6wyJFKhWJFUDG\/RS\/+LUg1sxdMGttLuuGM36F1tEHPwS5lMoKH+dEw\/cDwBuvQ2452noUXdh6t5mjowIJLEfXWiTr9JPUnJCj0aqPhF0JXd3fzPsvmil0cuEXCzLFgqIeqTPZRYbz\/s4aouhEQ3I59Neoh4C+IzM88Zove1+ArCgsFSstybpQTIQSMFAizlAqLeoG4zFWeI9uEhE4axwpJLVGK+anRkkixelFOLD9Xf8Zh6vFWeCY\/uhYro\/zpoLnMXybAWB+x0Z7MffbT28JATVdMjuD2vvWbacpBS1RrEfiajEqMB2AF5RMvzO4yGk65gOwqHYG2pgWaVZIZzqP1qId7H4TZJKKx+Ffvz2ftMqjQcMjcf26215EjmymDUf6ilJmOK0sdM5Do2GRnvc0G2wcOU2mKw7RN\/rsum7kupbJuYBFF1FIHYGFp0\/ESmBkldRsQL5OOtlcTvIV6UQ0yXLvReKYdMKkE\/lAOiHSyYJ0Ipl0UioR05asSCcvsjfZy\/E4G9W+UT9jwP+nu\/VknPr+lvhRufjTtfCR6Ej+MdId4pKY5Ohzh97n2KHNvxOmv\/\/8C\/bNPNDM+zgP8bo9fzju+K7OtXQOn03KSspHRVgQlrWkVkRBP5A0EMhFaJURRTqVigqk08C4NiqUfuCfO6bZq2y89eLiKzYXX9EftUX5b83+zwmu+\/XsUF2apkUv+TRdAcjvKdF5FDrN3r5+9TL72Vj\/KP4D0X8A\" \/> \t\t<a href=\"https:\/\/www.pdf24.org\" target=\"_blank\" title=\"www.pdf24.org\" rel=\"nofollow\"><img src=\"https:\/\/www.hohenlohe-ungefiltert.de\/wp-content\/plugins\/pdf24-post-to-pdf\/img\/pdf_32x32.png\" alt=\"\" border=\"0\" height=\"32\" \/><\/a> \t\t<span class=\"pdf24Plugin-cp-space\">&nbsp;&nbsp;<\/span> \t\t<span class=\"pdf24Plugin-cp-text\">Sende Artikel als PDF<\/span> \t\t<span class=\"pdf24Plugin-cp-space\">&nbsp;&nbsp;<\/span> \t\t<input class=\"pdf24Plugin-cp-input\" style=\"margin: 0px;\" type=\"text\" name=\"sendEmailTo\" placeholder=\"Emailadresse\" \/> \t\t<input class=\"pdf24Plugin-cp-submit\" style=\"margin: 0px;\" type=\"submit\" value=\"Senden\" \/> \t<\/form> <\/div>","protected":false},"excerpt":{"rendered":"<p>Die Partei DIE LINKE bietet am Samstag, 17. August 2019, um 11 Uhr eine \u00f6ffentliche Begehung des Bahnhofsareals Nord und S\u00fcd am Schw\u00e4bisch Haller Bahnhof an. Dazu sind alle Interessierten eingeladen. Treffpunkt ist am Bahnhof Schw\u00e4bisch Hall. Von Heidi Scharf,\u00a0Kreisvorstand Schw\u00e4bisch Hall\/Hohenlohe der Partei DIE LINKE Antrag zur Gestaltung und Belegung Bei der F\u00fchrung \u00fcber [&hellip;]<\/p>\n","protected":false},"author":1,"featured_media":0,"comment_status":"open","ping_status":"open","sticky":false,"template":"","format":"standard","meta":[],"categories":[1,9,2,4,5,3],"tags":[],"_links":{"self":[{"href":"https:\/\/www.hohenlohe-ungefiltert.de\/index.php?rest_route=\/wp\/v2\/posts\/25368"}],"collection":[{"href":"https:\/\/www.hohenlohe-ungefiltert.de\/index.php?rest_route=\/wp\/v2\/posts"}],"about":[{"href":"https:\/\/www.hohenlohe-ungefiltert.de\/index.php?rest_route=\/wp\/v2\/types\/post"}],"author":[{"embeddable":true,"href":"https:\/\/www.hohenlohe-ungefiltert.de\/index.php?rest_route=\/wp\/v2\/users\/1"}],"replies":[{"embeddable":true,"href":"https:\/\/www.hohenlohe-ungefiltert.de\/index.php?rest_route=%2Fwp%2Fv2%2Fcomments&post=25368"}],"version-history":[{"count":4,"href":"https:\/\/www.hohenlohe-ungefiltert.de\/index.php?rest_route=\/wp\/v2\/posts\/25368\/revisions"}],"predecessor-version":[{"id":25372,"href":"https:\/\/www.hohenlohe-ungefiltert.de\/index.php?rest_route=\/wp\/v2\/posts\/25368\/revisions\/25372"}],"wp:attachment":[{"href":"https:\/\/www.hohenlohe-ungefiltert.de\/index.php?rest_route=%2Fwp%2Fv2%2Fmedia&parent=25368"}],"wp:term":[{"taxonomy":"category","embeddable":true,"href":"https:\/\/www.hohenlohe-ungefiltert.de\/index.php?rest_route=%2Fwp%2Fv2%2Fcategories&post=25368"},{"taxonomy":"post_tag","embeddable":true,"href":"https:\/\/www.hohenlohe-ungefiltert.de\/index.php?rest_route=%2Fwp%2Fv2%2Ftags&post=25368"}],"curies":[{"name":"wp","href":"https:\/\/api.w.org\/{rel}","templated":true}]}}