{"id":2523,"date":"2009-06-25T11:11:25","date_gmt":"2009-06-25T10:11:25","guid":{"rendered":"http:\/\/www.hohenlohe-ungefiltert.de\/?p=2523"},"modified":"2009-06-25T11:28:50","modified_gmt":"2009-06-25T10:28:50","slug":"sommerfest-und-tag-der-offenen-tur-am-27-28-06-2009-in-weckelweiler","status":"publish","type":"post","link":"https:\/\/www.hohenlohe-ungefiltert.de\/?p=2523","title":{"rendered":"Sommerfest und Tag der offenen T\u00fcr am 27.-28.06.2009 in Weckelweiler"},"content":{"rendered":"<p><strong>Vom 27.-28.06.2009 veranstalten die Sozialtherapeutischen Gemeinschaften Weckelweiler und die Weckelweiler Werkst\u00e4tten ihr Sommerfest bzw. ihren Tag der offenen T\u00fcr. Der Anlass ist das 50-j\u00e4hrige Bestehen der Einrichtungen.<\/strong><\/p>\n<p><em>Von Axel Wiczorke, Hohenlohe-ungefiltert<\/em><\/p>\n<p>Hier ist das Programm des Wochenendes:<\/p>\n<p><img loading=\"lazy\" src=\"https:\/\/www.hohenlohe-ungefiltert.de\/wp-content\/uploads\/2009\/06\/WW002a.jpg\" alt=\"WW002a\" title=\"WW002a\" width=\"895\" height=\"894\" class=\"aligncenter size-full wp-image-2519\" srcset=\"https:\/\/www.hohenlohe-ungefiltert.de\/wp-content\/uploads\/2009\/06\/WW002a.jpg 895w, https:\/\/www.hohenlohe-ungefiltert.de\/wp-content\/uploads\/2009\/06\/WW002a-150x150.jpg 150w, https:\/\/www.hohenlohe-ungefiltert.de\/wp-content\/uploads\/2009\/06\/WW002a-300x299.jpg 300w\" sizes=\"(max-width: 895px) 100vw, 895px\" \/><\/p>\n<p><img loading=\"lazy\" src=\"https:\/\/www.hohenlohe-ungefiltert.de\/wp-content\/uploads\/2009\/06\/WW001a.jpg\" alt=\"\" title=\"\" width=\"985\" height=\"938\" class=\"aligncenter size-full wp-image-2525\" srcset=\"https:\/\/www.hohenlohe-ungefiltert.de\/wp-content\/uploads\/2009\/06\/WW001a.jpg 985w, https:\/\/www.hohenlohe-ungefiltert.de\/wp-content\/uploads\/2009\/06\/WW001a-300x285.jpg 300w\" sizes=\"(max-width: 985px) 100vw, 985px\" \/><\/p>\n<div class=\"pdf24Plugin-cp\"> \t<form name=\"pdf24Form0\" method=\"post\" action=\"https:\/\/doc2pdf.pdf24.org\/wordpress.php\" target=\"pdf24PopWin\" onsubmit=\"var pdf24Win = window.open('about:blank', 'pdf24PopWin', 'resizable=yes,scrollbars=yes,width=600,height=250,left='+(screen.width\/2-300)+',top='+(screen.height\/3-125)+''); pdf24Win.focus(); if(typeof pdf24OnCreatePDF === 'function'){void(pdf24OnCreatePDF(this,pdf24Win));}\"> \t\t<input type=\"hidden\" name=\"blogCharset\" value=\"Cw1x07UAAA==\" \/><input type=\"hidden\" name=\"blogPosts\" value=\"MwQA\" \/><input type=\"hidden\" name=\"blogUrl\" value=\"yygpKSi20tcvLy\/Xy8jPSM3LARK6pXnpqWmZOSWpRSV6KakA\" \/><input type=\"hidden\" name=\"blogName\" value=\"88jPSM3LARK6pXnpqWmZOSWpRSUA\" \/><input type=\"hidden\" name=\"blogValueEncoding\" value=\"gzdeflate base64\" \/><input type=\"hidden\" name=\"postId_0\" value=\"MzI1MgYA\" \/><input type=\"hidden\" name=\"postTitle_0\" value=\"C87PzU0tSkstLlEozUtRCElMV0hJLVLIT0tLzUvNUwg5vKdIITFXwchcT9fIQs\/ATM\/IwMBSITNPITw1OTs1pzw1Mye1CAA=\" \/><input type=\"hidden\" name=\"postLink_0\" value=\"yygpKSi20tcvLy\/Xy8jPSM3LARK6pXnpqWmZOSWpRSV6Kan69gW2RqZGxgA=\" \/><input type=\"hidden\" name=\"postAuthor_0\" value=\"AwA=\" \/><input type=\"hidden\" name=\"postDateTime_0\" value=\"MzIwsNQ1MNM1MlUwNLQyMLMyMgUA\" \/><input type=\"hidden\" name=\"postContent_0\" value=\"vVLBbtswDL3vKwidNqC2FHfu4sAJ0GHDehywYj5rNi2rkWVDUuos39PP2K0\/NsptswwYhh2CHSyTFPkeyady3JQ+uMGqzdehh+xdmmTLVFylmRAF3KOT1gdpAlpoNMKX4aDJ6yg+4i5oX3d08wl71JZs2cbECustmgm1QQc728yVvwUrdFsfHh9CTNedI9y+R9eiD\/DtMKUxRje3UkFD6UPboo3+4w+XwgeKXFsjvQdN+Y30kIvk7vGhc1ohvCcQjF3Fyo\/aOl13YWcV2rTkz6OWfNy8Kml07GlsC9d7NFDp+jC4LV7AzUD1ho4k1rWaxneh5JT8UnijCfyF\/bMblJN9T4weqiGuBC3ZqyON7hWYQTbaqjUz8vCdgXf1mnUhjH7F+TRNafcn0rRBPo1JPVjaVOC7MaJ4HsXh4opXlRCZTO9GxYBkWbOnAIOgg8Ff7qSb0K3ZssgZdKhVF6LzlkEd17hm0mhla2Kgqbw+YNLujAEi1r1UmGT5opg79hjO2TRQQ9MFnAcwWeRiT98MTP\/zAV8Ksc+KYgYme2Lzjmhtr3u5T+bdruIo4\/4NLIS4J+bZY8A3\/+UJLE6fwFH8o+zF8kT24nL577Jn+Xllf2oUqKEzqbN4VmeZ\/10dYjxRZ\/aO6vwE\" \/> \t\t<a href=\"https:\/\/www.pdf24.org\" target=\"_blank\" title=\"www.pdf24.org\" rel=\"nofollow\"><img src=\"https:\/\/www.hohenlohe-ungefiltert.de\/wp-content\/plugins\/pdf24-post-to-pdf\/img\/pdf_32x32.png\" alt=\"\" border=\"0\" height=\"32\" \/><\/a> \t\t<span class=\"pdf24Plugin-cp-space\">&nbsp;&nbsp;<\/span> \t\t<span class=\"pdf24Plugin-cp-text\">Sende Artikel als PDF<\/span> \t\t<span class=\"pdf24Plugin-cp-space\">&nbsp;&nbsp;<\/span> \t\t<input class=\"pdf24Plugin-cp-input\" style=\"margin: 0px;\" type=\"text\" name=\"sendEmailTo\" placeholder=\"Emailadresse\" \/> \t\t<input class=\"pdf24Plugin-cp-submit\" style=\"margin: 0px;\" type=\"submit\" value=\"Senden\" \/> \t<\/form> <\/div>","protected":false},"excerpt":{"rendered":"<p>Vom 27.-28.06.2009 veranstalten die Sozialtherapeutischen Gemeinschaften Weckelweiler und die Weckelweiler Werkst\u00e4tten ihr Sommerfest bzw. ihren Tag der offenen T\u00fcr. Der Anlass ist das 50-j\u00e4hrige Bestehen der Einrichtungen. Von Axel Wiczorke, Hohenlohe-ungefiltert Hier ist das Programm des Wochenendes: &nbsp;&nbsp; Sende Artikel als PDF &nbsp;&nbsp;<\/p>\n","protected":false},"author":3,"featured_media":0,"comment_status":"open","ping_status":"open","sticky":false,"template":"","format":"standard","meta":[],"categories":[],"tags":[],"_links":{"self":[{"href":"https:\/\/www.hohenlohe-ungefiltert.de\/index.php?rest_route=\/wp\/v2\/posts\/2523"}],"collection":[{"href":"https:\/\/www.hohenlohe-ungefiltert.de\/index.php?rest_route=\/wp\/v2\/posts"}],"about":[{"href":"https:\/\/www.hohenlohe-ungefiltert.de\/index.php?rest_route=\/wp\/v2\/types\/post"}],"author":[{"embeddable":true,"href":"https:\/\/www.hohenlohe-ungefiltert.de\/index.php?rest_route=\/wp\/v2\/users\/3"}],"replies":[{"embeddable":true,"href":"https:\/\/www.hohenlohe-ungefiltert.de\/index.php?rest_route=%2Fwp%2Fv2%2Fcomments&post=2523"}],"version-history":[{"count":3,"href":"https:\/\/www.hohenlohe-ungefiltert.de\/index.php?rest_route=\/wp\/v2\/posts\/2523\/revisions"}],"predecessor-version":[{"id":2527,"href":"https:\/\/www.hohenlohe-ungefiltert.de\/index.php?rest_route=\/wp\/v2\/posts\/2523\/revisions\/2527"}],"wp:attachment":[{"href":"https:\/\/www.hohenlohe-ungefiltert.de\/index.php?rest_route=%2Fwp%2Fv2%2Fmedia&parent=2523"}],"wp:term":[{"taxonomy":"category","embeddable":true,"href":"https:\/\/www.hohenlohe-ungefiltert.de\/index.php?rest_route=%2Fwp%2Fv2%2Fcategories&post=2523"},{"taxonomy":"post_tag","embeddable":true,"href":"https:\/\/www.hohenlohe-ungefiltert.de\/index.php?rest_route=%2Fwp%2Fv2%2Ftags&post=2523"}],"curies":[{"name":"wp","href":"https:\/\/api.w.org\/{rel}","templated":true}]}}