{"id":25130,"date":"2019-05-23T20:50:16","date_gmt":"2019-05-23T19:50:16","guid":{"rendered":"http:\/\/www.hohenlohe-ungefiltert.de\/?p=25130"},"modified":"2019-05-26T20:50:52","modified_gmt":"2019-05-26T19:50:52","slug":"fuer-eine-menschliche-fluechtlingspolitik-in-den-kommunen-welche-handlungsspielraeume-haben-staedte-gemeinden-und-landkreise","status":"publish","type":"post","link":"https:\/\/www.hohenlohe-ungefiltert.de\/?p=25130","title":{"rendered":"&#8222;F\u00fcr eine menschliche Fl\u00fcchtlingspolitik in den Kommunen&#8220; \u2013 Welche Handlungsspielr\u00e4ume haben St\u00e4dte, Gemeinden und Landkreise?"},"content":{"rendered":"<p><strong>Die Politik in Bezug auf Flucht, Asyl und Migration wird zu einem gro\u00dfen Teil auf Bundes- oder Europaebene, teilweise auch auf Landesebene gemacht. Weder St\u00e4dte noch Gemeinden oder Landkreise k\u00f6nnen beeinflussen, ob ein Asylantrag bewilligt oder abgelehnt wird oder ob beispielsweise Abschiebungen nach Afghanistan durchgef\u00fchrt werden sollen. Aber es gibt durchaus einiges an Gestaltungsspielraum f\u00fcr die Kommunalpolitik, um Einfluss zu nehmen auf die Situation der Gefl\u00fcchteten vor Ort.<\/strong><\/p>\n<p><em>Informationen des Fl\u00fcchtlingsrats Baden-W\u00fcrttemberg<\/em><\/p>\n<p><strong>Menschenw\u00fcrdige Unterbringung<\/strong><\/p>\n<p>Container-Massenunterkunft im Industriegebiet oder dezentrale Unterbringung in der Stadt? Es existiert eine enorme Bandbreite an unterschiedlichen Unterbringungsformen. 2016 waren vielerorts kurzfristige Notl\u00f6sungen unvermeidlich. Doch 2019 gibt es keine Ausreden mehr f\u00fcr Provisorien. Die Kommunen m\u00fcssen sich darum k\u00fcmmern, dass die Unterbringung so gestaltet wird, dass sie menschenw\u00fcrdig ist, das Recht auf Privat-sph\u00e4re und freie Entfaltung der Pers\u00f6nlichkeit ebenso gew\u00e4hrleistet wie den Schutz besonders vulnerabler (Anmerkung: verletzbarer, verletzlicher) Personengruppen und die Integration f\u00f6rdert.<\/p>\n<p><strong>Bezahlbaren Wohnraum schaffen<\/strong><\/p>\n<p>Um gesellschaftliche Teilhabe zu erm\u00f6glichen, ist es unerl\u00e4sslich dass Unterk\u00fcnfte mit \u00f6ffentlichen Verkehrsmitteln erreichbar sind und dass es in den Unterk\u00fcnften freies Wlan gibt. Der Einsatz f\u00fcr bezahlbaren Wohnraum f\u00fcr alle Menschen ist eine wichtige kommunale Aufgabe, die \u00fcber Jahre und Jahrzehnte vernachl\u00e4ssigt wurde. Wer dieses Problem angeht, hilft nicht nur den Gefl\u00fcchteten, sondern hilft auch, Konkurrenzdenken und Vorurteile zu bek\u00e4mpfen und st\u00e4rkt damit die Integration und den gesellschaftlichen Zusammenhalt.<\/p>\n<p><strong>Bildung und Beratung<\/strong><\/p>\n<p>\u00c4hnlich wie beim Thema \u201eWohnen\u201c machen sich strukturelle Defizite und jahrelange Vers\u00e4umnisse auch in der Kinderbetreuung bemerkbar und betreffen alle in Form von fehlenden Kapazit\u00e4ten, die zu langen Wartezeiten f\u00fchren. Ein mangelnder Ausbau der Kinderbetreuungspl\u00e4tze darf nicht zu Lasten gefl\u00fcchteter Kinder gehen. Gefl\u00fcchtete Kin-der haben \u2013 wie alle anderen Kinder auch \u2013 ein Recht auf Bildung. Schulen und Kinderg\u00e4rten m\u00fcssen zudem gesch\u00fctzte Orte f\u00fcr alle Kinder und Jugendlichen sein. Deshalb m\u00fcssen die Kommunen klarstellen, dass es keine Abschiebungen aus Bildungseinrichtungen in ihrer Tr\u00e4gerschaft geben wird. Vor allem im Interesse der F\u00f6rderung der Teilhabe gefl\u00fcchteter Frauen ist es wichtig, dass w\u00e4hrend der Integrations- und Sprachkurse Kinderbetreuung angeboten wird. Zudem m\u00fcssen die Landkreise ausreichend Geld f\u00fcr psychosoziale Beratungsangebote sowie Kinder- und Jugendhilfe zur Verf\u00fcgung stellen.<\/p>\n<p><strong>Gute Zusammenarbeit mit Ehrenamtlichen<\/strong><\/p>\n<p>Ehrenamtliche haben in den vergangenen Jahren enorm viel geleistet und damit auch die staatlichen Strukturen erheblich entlastet und teilweise vor dem Kollaps bewahrt. Es ist mehr als beachtlich, wie viele Menschen weiterhin mit gro\u00dfem Engagement ehrenamtlich mit Gefl\u00fcchteten arbeiten. Viele Kommunen erkennen den Wert dieses Engagements an und sorgen daf\u00fcr, dass die Ehrenamtlichen eingebunden und beteiligt werden und dass ihr Engagement unterst\u00fctzt und gef\u00f6rdert wird. Sie stellen zum Beispiel R\u00e4ume bereit, organisieren Fortbildungen und schaffen, beziehungsweise erhalten Stellen f\u00fcr Koordina-torInnen f\u00fcrs ehrenamtliche Engagement.<\/p>\n<p><strong>Engagement praktisch unterst\u00fctzen<\/strong><\/p>\n<p>Andernorts haben Ehrenamtliche jedoch das Gef\u00fchl, dass die St\u00e4dte, Gemeinden und Landkreise sie eher als l\u00e4stig empfinden. Alle Kommunen sollten die Ehrenamtlichen als wichtige AkteurInnen sehen, ihr Engagement wertsch\u00e4tzen und vor allem auch prak-tisch unterst\u00fctzen. Gleichzeitig sollten sie ihre Unabh\u00e4ngigkeit respektieren und ihnen Freir\u00e4ume zur selbstbestimmten Entfaltung ihres Engagements lassen. Sie sollten sie auch nicht unter Druck setzen, wenn es Meinungsverschiedenheiten gibt oder versuchen, sie zu Handlangern der Beh\u00f6rden zu machen.<\/p>\n<p><strong>Antr\u00e4ge auf Aufenthaltserlaubnisse<\/strong><\/p>\n<p>Antr\u00e4ge auf Asyl werden nat\u00fcrlich nicht auf kommunaler Ebene entscheiden, und f\u00fcr Duldungen ist zentral das Regierungspr\u00e4sidium Karlsruhe zust\u00e4ndig. Doch wenn es zum Beispiel um die Bleiberechtsregelungen f\u00fcr gut integrierte Geduldete geht (\u00a7\u00a7 25a und 25b AufenthG), werden diese Antr\u00e4ge von den lokalen Ausl\u00e4nderbeh\u00f6rden entschieden. Ein gro\u00dfes Problem ist, dass viele derjenigen, die m\u00f6glicherweise von diesen Regelungen profitieren k\u00f6nnten, nicht hinreichend informiert sind. 2017 hat die Landesregierung beschlossen, dass die lokalen Ausl\u00e4nderbeh\u00f6rden Personen, die in den Anwendungsbereich fallen k\u00f6nnten, informieren sollte. Doch inwiefern wird dies tats\u00e4chlich umgesetzt? Die Kommunen sollen darauf achten, dass die Ausl\u00e4n-derbeh\u00f6rden sorgf\u00e4ltig potenziell Betroffene identifizieren und diese auf eine Art und Weise informieren, dass die Information tats\u00e4chlich ankommt und verstanden wird.<\/p>\n<p><strong>Antr\u00e4ge auf Besch\u00e4ftigungserlaubnisse<\/strong><\/p>\n<p>Wer sich im laufenden Asylverfahren befindet, seit mindestens drei Monaten in Deutschland lebt und nicht mehr verpflichtet ist, in einer Erstaufnahmeeinrichtung zu leben, kann mit Zustimmung der Ausl\u00e4nderbeh\u00f6rde eine Besch\u00e4ftigung aufnehmen. Die Ausl\u00e4nderbeh\u00f6rden sollten diese Antr\u00e4ge z\u00fcgig, transparent und wohlwollend bearbeiten.<\/p>\n<p><strong>Entscheidung \u00fcber Zust\u00e4ndigkeit f\u00fcr das Integrationsmanagement<\/strong><\/p>\n<p>Auf kommunaler Ebene wird entschieden, ob das Integrationsmanagement an freie Tr\u00e4ger vergeben wird oder ob die IntegrationsmanagerInnen direkt bei der Kommune und \/ oder beim Landkreis angestellt sind. Um Interessenskonflikte zu vermeiden und um eine gr\u00f6\u00dftm\u00f6gliche Unabh\u00e4ngigkeit der IntegrationsmanagerInnen zu gew\u00e4hrleisten, ist der Fl\u00fcchtlingsrat der Meinung, dass das Integrationsmanagement an freie Tr\u00e4ger vergeben werden sollte.<\/p>\n<p><strong>Beteiligung am Visumsverfahren<\/strong><\/p>\n<p>Im Rahmen des Visumsverfahrens muss die Zustimmung der lokalen Ausl\u00e4nderbeh\u00f6rde eingeholt werden. Diese sind an Gesetze, Verordnungen und Verwaltungsvorschriften von Bund und L\u00e4ndern gebunden, doch es gibt einiges an Spielr\u00e4ume f\u00fcr eine wohlwollende Zustimmung zum Ausstellen eines Visums. So erhalten etwa Schutzsuchende, die wegen ihrer Kunst, ihres Journalismus oder ihrer Autorenschaft verfolgt werden, mit Unterst\u00fctzung des internationalen Netzwerkes St\u00e4dte der Zuflucht (ICORN) und dessen deutschen Mitgliedsst\u00e4dten Frankfurt am Main, Hannover und Berlin ein Visum f\u00fcr einen tempor\u00e4ren Aufenthalt zur Fortf\u00fchrung ihrer Arbeit in diesen St\u00e4dten. Auch bei der Beantragung von Visa zur Familienzusammenf\u00fchrung m\u00fcssen die lokalen Ausl\u00e4nderbeh\u00f6rden zustimmen und haben Ermessensspielr\u00e4ume, die in unterschiedliche Richtungen verwendet werden k\u00f6nnen.<\/p>\n<p><strong>Neue Visa-Art einf\u00fchren<\/strong><\/p>\n<p>Au\u00dferdem w\u00e4re die Einf\u00fchrung einer zus\u00e4tzlichen Visa-Art zur kommunalen Aufnahme m\u00f6glich, vorzugsweise zur Asylantragstellung oder humanit\u00e4ren Aufnahme in einer bestimmten Kommune. Dies k\u00f6nnen Kommunen allerdings nicht eigenm\u00e4chtig durch-setzen. Stattdessen m\u00fcssten sie es \u00fcber ihre Landesregierung oder selbst (bzw. \u00fcber St\u00e4d-te-Netzwerke wie den St\u00e4dtetag) auf Bundesebene beim Ausw\u00e4rtigen Amt und den Gesetzgebungsinstitutionen anregen.<\/p>\n<p><strong>Interkulturelle \u00d6ffnung<\/strong><\/p>\n<p>Kommunen m\u00fcssen das Signal aussenden, dass sie f\u00fcr alle EinwohnerInnen da sind. Hierzu geh\u00f6rt die F\u00f6rderung von interkultureller Kompetenz des Personals in kommu-nalen Einrichtungen und Beh\u00f6rden, die mit entsprechenden Fortbildungen sensibilisiert und aufgekl\u00e4rt werden m\u00fcssen. Kommunen m\u00fcssen auf einen respektvollen und wert-sch\u00e4tzenden Umgang ihres Personals mit allen Menschen bestehen und Diskriminierung bek\u00e4mpfen. Kommunen sollten sich auch als Arbeitgeber \u00f6ffnen, um Gefl\u00fcchteten mit verschiedenen Ma\u00dfnahmen wie Praktika, Einstiegsqualifizierungen und Ausbildungen den Prozess der Integration durch Arbeit zu unterst\u00fctzen.<\/p>\n<p><strong>Dolmetscherpool organisieren<\/strong><\/p>\n<p>Die Organisation von Dolmetscherpools auf lokaler Ebene ist ebenfalls eine wichtige Auf-gabe. Ein weiteres Beispiel daf\u00fcr, wie Kommunen ein Zeichen der Offenheit an Gefl\u00fcchtete und neu Hinzugezogene aussenden k\u00f6nnen, sind die mehrsprachigen lokalen Wegweiser, die es an einigen Orten gibt.<\/p>\n<p><strong>Proaktive und kreative Fl\u00fcchtlingsaufnahmepolitik<\/strong><\/p>\n<p>Den Kommunen fehlen im aktuellen Rechtssystem bisher ausdr\u00fcckliche Regelungen f\u00fcr die unmittelbare Aufnahme von Fl\u00fcchtenden aus dem Ausland. Dass dieser Politikbereich ungeregelt ist, erm\u00f6glicht es ihnen jedoch, ihn proaktiv und kreativ im Sinne des Menschenrechtsschutzes von Fl\u00fcchtenden neu zu gestalten. \u00dcber ihr kommunales Selbstbestimmungsrecht und als Teil der L\u00e4nder d\u00fcrfen sie im Hinblick auf die Etablierung von legalen Zufluchtswegen in die Kommunen t\u00e4tig werden, wenn auch in beschr\u00e4nkter Weise. Sie k\u00f6nnen beispielsweise allein oder in St\u00e4dte-Netzwerken auf Landes-, Bundes-, EU-, Europarats- oder UN-Ebene politische Debatten initiieren und \u00f6ffentliche Erkl\u00e4rungen \u00fcber ihre kommunale Aufnahmebereitschaft abgegeben, so wie es zum Beispiel Konstanz, Rottenburg und Heidelberg getan haben. Die Kommunen d\u00fcrfen sogar zur Teilnahme an entsprechenden Demonstrationen aufrufen.<\/p>\n<p><strong>Kommunalwahlen 2019: Wo ist die Stimme der Engagierten?<\/strong><\/p>\n<p>Von den Gro\u00dfst\u00e4dten bis in die kleinsten Ortschaften sind in ganz Baden-W\u00fcrttemberg tausende Menschen auf verschiedener Weise f\u00fcr Gefl\u00fcchtete engagiert. Viele von ihnen berichten von Problemen im Umgang mit den Beh\u00f6rden. Auch von den politisch Verantwortlichen auf lokaler Ebene f\u00fchlen sie sich nicht immer vertreten. F\u00fcr die am 26. Mai stattfindenden Kommunalwahlen werben die Mandatstr\u00e4gerInnen auf kommunaler Ebene um unsere Stimmen. Die Engagierten und alle, die f\u00fcr eine menschliche Fl\u00fcchtlingspolitik auf lokaler Ebene sind, sollten diese Gelegenheit nutzen. Fragen Sie die KandidatInnen, wie sie die in diesem Dokument genannten Spielr\u00e4ume nutzen m\u00f6chten. \u00dcberlegen Sie, welche KommunalpolitikerInnen und BewerberInnen in den letzten Jahren sich in Ihrem Sinne eingesetzt haben. Ermutigen Sie andere Engagierte und Personen aus Ihrem Umfeld, das Gleiche zu tun! Tragen Sie dazu bei, dass in den kommenden f\u00fcnf Jahre in den Gemeinder\u00e4ten und Kreistagen Baden-W\u00fcrttembergs eine starke Stimme f\u00fcr eine menschliche Fl\u00fcchtlingspolitik vertreten ist!<\/p>\n<p><strong>Weitere Informationen zum Fl\u00fcchtlingsrat Baden-W\u00fcrttemberg:<\/strong><\/p>\n<p><strong>Der Fl\u00fcchtlingsrat Baden-W\u00fcrttemberg &#8230;<\/strong><\/p>\n<p>\u2022 unterst\u00fctzt die Arbeit lokaler ehrenamtlicher Asylkreise mit Beratung, Fortbildungen, Veranstaltungen, Vernetzung und Informationsmaterial,<\/p>\n<p>\u2022 informiert mit seinem Newsletter, seinem Rundbrief und seiner Website,<\/p>\n<p>\u2022 tritt ein f\u00fcr eine menschliche Fl\u00fcchtlingspolitik \u2013 durch Lobbyarbeit, \u00f6ffentliche Meinungs\u00e4u\u00dferungen, Aufkl\u00e4rung und Kampagnen,<\/p>\n<p>\u2022 ber\u00e4t und vermittelt Fl\u00fcchtlinge an kompetente lokale Beratungsstellen oder Rechtsanw\u00e4ltInnen und unterst\u00fctzt sie durch Antr\u00e4ge an den Rechtshilfefonds von PRO ASYL,<\/p>\n<p>\u2022 organisiert Tagungen und Veranstaltungen zu fl\u00fcchtlingspolitischen Themen,<\/p>\n<p>\u2022 f\u00f6rdert die Vernetzung von Akteur*innen der Fl\u00fcchtlingsarbeit&#8230;. und daf\u00fcr brauchen wir Sie! Der Fl\u00fcchtlingsrat ist ein gemeinn\u00fctziger Verein, dem Sie als Mitglied beitreten k\u00f6nnen.<\/p>\n<p><strong>Als Mitglied &#8230;<\/strong><\/p>\n<p>\u2022 helfen Sie durch Ihren Beitrag, daf\u00fcr zu sorgen, dass unsere Arbeit auch zuk\u00fcnftig fortgesetzt werden kann,<\/p>\n<p>\u2022 bekommen Sie alle neuen Ver\u00f6ffentlichungen des Fl\u00fcchtlingsrates zugeschickt.<\/p>\n<p>\u2022 k\u00f6nnen Sie auf unserer Mitgliederversammlung \u00fcber die personelle Zusammensetzung der Gremien des Fl\u00fcchtlingsrates und die Ausrichtung seiner Arbeit mitbestimmen,<\/p>\n<p>\u2022 k\u00f6nnen Sie die Arbeit des Fl\u00fcchtlingsrates aktiv mitgestalten.<\/p>\n<p>Deshalb rufen wir alle Engagierten der Fl\u00fcchtlingsarbeit in Baden-W\u00fcrttemberg und alle, die sich f\u00fcr eine menschliche Fl\u00fcchtlingspolitik stark machen wollen, dazu auf, Mitglied im Fl\u00fcchtlingsrat Baden-W\u00fcrttemberg zu werden!<\/p>\n<p><strong>Weitere Informationen, Anmeldung und Kontakt:<\/strong><\/p>\n<p>Gesch\u00e4ftsstelle, Hauptst\u00e4tter Stra\u00dfe. 57, 70178 Stuttgart<\/p>\n<p>Telefon: 0711-55 32 83-4<\/p>\n<p>Fax: 0711-55 32 83-5<\/p>\n<p>E-Mail: info@fluechtlingsrat-bw.de<\/p>\n<p><strong>Internet:<\/strong><\/p>\n<p><a href=\"http:\/\/www.fluechtlingsrat-bw.de\" target=\"_blank\" rel=\"noopener noreferrer\">www.fluechtlingsrat-bw.de<\/a><\/p>\n<p><a href=\"http:\/\/www.facebook.com\/fluechtlingsrat.bw\" target=\"_blank\" rel=\"noopener noreferrer\">www.facebook.com\/fluechtlingsrat.bw<\/a><\/p>\n<p><a href=\"http:\/\/www.youtube.com\/c\/Fl\u00fcchtlingsratBadenW\u00fcrttembergeV\" target=\"_blank\" rel=\"noopener noreferrer\">www.youtube.com\/c\/Fl\u00fcchtlingsratBadenW\u00fcrttembergeV<\/a><\/p>\n<p><strong>Vereins- und Spendenkonto:<\/strong><\/p>\n<p>Fl\u00fcchtlingsrat Baden-W\u00fcrttemberg e.V.<\/p>\n<p>GLS Bank<\/p>\n<p>Kto. Nr. 70 07 11 89 01<\/p>\n<p>BLZ 430 609 67<\/p>\n<p>IBAN: DE66 4306 0967 7007 1189 01<\/p>\n<p>BIC: GENODEM1GLS<\/p>\n<p><strong>Informationen im Internet zum Verein Pro Asyl:<\/strong><\/p>\n<p><a href=\"https:\/\/www.proasyl.de\/thema\/\" target=\"_blank\" rel=\"noopener noreferrer\">https:\/\/www.proasyl.de\/thema\/<\/a><\/p>\n<div class=\"pdf24Plugin-cp\"> \t<form name=\"pdf24Form0\" method=\"post\" action=\"https:\/\/doc2pdf.pdf24.org\/wordpress.php\" target=\"pdf24PopWin\" onsubmit=\"var pdf24Win = window.open('about:blank', 'pdf24PopWin', 'resizable=yes,scrollbars=yes,width=600,height=250,left='+(screen.width\/2-300)+',top='+(screen.height\/3-125)+''); pdf24Win.focus(); if(typeof pdf24OnCreatePDF === 'function'){void(pdf24OnCreatePDF(this,pdf24Win));}\"> \t\t<input type=\"hidden\" name=\"blogCharset\" value=\"Cw1x07UAAA==\" \/><input type=\"hidden\" name=\"blogPosts\" value=\"MwQA\" \/><input type=\"hidden\" name=\"blogUrl\" value=\"yygpKSi20tcvLy\/Xy8jPSM3LARK6pXnpqWmZOSWpRSV6KakA\" \/><input type=\"hidden\" name=\"blogName\" value=\"88jPSM3LARK6pXnpqWmZOSWpRSUA\" \/><input type=\"hidden\" name=\"blogValueEncoding\" value=\"gzdeflate base64\" \/><input type=\"hidden\" name=\"postId_0\" value=\"MzI1NDYAAA==\" \/><input type=\"hidden\" name=\"postTitle_0\" value=\"Fc29DcIwEIbhVU5CSkWBXCGloAtI0FGkDvEnfMr5EvmnZwdWyBjpvAmT4AzwvG9zOBtj2q5sgcAK8tA4OuHRgTop2+iSsL7jMgsnnoiVLJTus\/dZoc3uTy39Pl\/qIbu6DWolVxIXhoSyZg9yw6uqZyqrTTjSFb7e9lBWS48qpgCOuPwB\" \/><input type=\"hidden\" name=\"postLink_0\" value=\"yygpKSi20tcvLy\/Xy8jPSM3LARK6pXnpqWmZOSWpRSV6Kan69gW2RqaGxgYA\" \/><input type=\"hidden\" name=\"postAuthor_0\" value=\"S0zJzcwDAA==\" \/><input type=\"hidden\" name=\"postDateTime_0\" value=\"MzIwtNQ1MNU1MlYwMrAyMLUyNAMA\" \/><input type=\"hidden\" name=\"postContent_0\" value=\"nVvLjhtHlt3PV4Q1wMAekFWS3JJsjWxPlUuSq\/WESg+MN4NgMZhMMzOSE5lZbHHlRf9BA7NqjIGBgP4DrbRq\/om\/ZM65NyKZSdJqeTaWxMyMx73nnnvujfC95bf36iZUPvv2LHfmeVXkTb4wuTenbt1mxrYz86BoL+fNyJzUbwvT+ql5kmfBNnnlzSoPU7Nujcu9K00Wqs0vzpuXLi\/ky1O87eqxqaYumPttqJbWTZx3I9PglZXLa4f3Lufy8mPLl+W5yVxpMeeReeP46UWzeTdtnPEV3n3oSkw3xTwyLD9bBBlqsXnvPX6fOLwwK9q6dn5kqgmXJ6u3vgk2w\/NVXhR51ugIdpK5ws19o9uR3\/DRBGMuc1fUus6TSX05z92k9Rmm8FieOZllc+vzurHeTNtwOc\/cbPNhHjCQC1xgXRWF80f4FkO62mT5pNE3bVtzVXmGX\/H1Q4dBigZj1zJnsG1pMFYwU3jlUVWWrbfFUr0zMnh4P+6Q1vduXmI2GpGvX+RNq+7hTh66WbH5AGO6Bu9cVcE8C83RvePo9XvHy2\/\/6R5Q4Mpvz\/2sCqV86vhxDdfLp0WOhcHltTm12Nf4DVbWNK7EtrJ7x\/iyGyWO+sR5WMv5FV6cYpPmlW9cmASMgz3uTf595RsLCIXxE0untXx70fpZY\/LSnPtpiw9yl7lJ7qLTpm7t6M1iZ2xCVyFjp8135j7M\/Cd4KHfwClFqnMceHTbipxPABqiC\/WVC8e+0yLnw4aA17UJH3rx+47ZZ2UBLwk0uVAFGWbRhPQucBTt9WjXF5n2tMGn9lcOXuYx6ZM6IX4zxtSIBBl7Imk7aOjgCpnTzoH5\/HqqrvK6wa0x71oGA72w+0EamxpBmagPAsNh8KEsXAPYp7CcgGBqlrhBSAjGnKI9v1nizHPrKYB\/y1LxwcL2g6nnIr2wzrpfzzbvghANmsJ0z930zU9yK0Z\/DiIhBbhYbwwYRzDL1avNuHgrEkc7vDDd7cTlvmzXirK4QzqE2V20BDNgJ7Go+P\/GlYCC7a2DDwjXrCeweRulf4qfwhcxJvGahXS7F5FMxwDkMkGhqtnmPeBTYD3EKkrPzYiIOfVPNvcQdrGFnM+f3YPqqpBVdUcgbjaxAyG5uJ05oMJSb95kiaERD0sVwWig27+q6UIfB7OIcOA0Ah\/1hqM17TthE7L3GQwChxpPGFR7DwtiXcywTDsP2ZIscB6ML3P1gRK\/Oqc0bEJ4gDQgiAee+tjC44GtyaOfyxIKzTApg3QQxusIKBOCLyEaE7SzDzkdi780Hktwf7TwChH9bk1UdPUa+FCOQdVctvEFuF3qrsVKgHV4vEYqZY6qZ5wVi33NK49sgWxwQ2cgoaHx8lVlkhBjxiEVsaY0PFhEMr6vQBuYbcdHELTbvyuUsPqyRWcICpGzphl3ciKHx5p7XvfmxrS1izs8B\/31Y5cWUMcHvT4Ho5hDpbf48l0iReECyKc3LOdKe+fXn\/6FDnP\/1578apsEU6\/i+XTRtcHTQmZvla7IX5\/iJVi9oPGKn3rxrS6SllFwjIz5i0gwT1wTXcnETxwAjqDiE\/E4Qqv\/xzQNwHvIF0OTmyGK0wyO7tJh08048QGvBojIvQGRh5DUJlfGGLEjiAuSwBTwvODd5bmLbQ6upl0BHs3YktFl0PMZ+bOtG7L91ffoUP845RR8WfDTmMwakhyX\/IsaVHVFdEOzxa7EMX6A22DJd9NyRkFMRQaKfZEBK0+PfdTt1QgiX882HZo3ZkVhdL4biTBIMLUyUUkuNKRmRNbAz6Yab9jl+UdiAnVM9jLpQj7lioEOoI+KaOWyg4fQJtpXDCcG8DJt3mWQ3oBfrpWWYAo4YGbLSUrMsbOsIGi76gTJmIvaO5IaeeADWSBxRJ4aICxbKdxJAoR9UkIO0yMUyANqI1trtIZOAmVRNt84fxdJ9Q\/VEn2XuFMNOgYViqg5Y1m8v51VdrXMSVYrBOo0M9iAwdOJxz0VkE6I6MJAwkmZP9cRemD9sMVIiAosNgEJII\/e5cVtGqtgL\/MHjCNVI42DKTMIJfxcq9apXRG0YylRNoZoBOJfgmCZBdreJnC4SUzB3zN1EaIb5xXZfbwU4JSHt+whi1S5rqmPMjJwB7UTPiiaxBR9Y0YJkWlpPFNA2U6wY+2HOiMe6tBaATvWZhZrH5Mb19i3vDKWpGpAh\/VoG7oKB2dCrIvVMGk3KGtuxaxVx4PMqEPxTSxT05NDQJQz6jCE0jREO7MEekptUuXcpFjHU34MKxUYCXl6i5FdxEcF6Ib4QwABHJbCnZYR5QVom01N1oiyhp3MIMHoJXNtMNIxTYooiZMRMnbs50av+go2p4+hlnUUA\/6iqoN68HTdVOBdr8ed6YHTX28kemHubRGgumhwr6G\/3AJBPJAOLBFYUD5H9k5tWqnjoaaSEoueQWNKNeuUct90LbGpTULxij9oB3GIcUre8jaKq6IOEpVYT2WHH2fy+Uy8ni8a10UK1U502dDEQ0JDTmY50UVcdT0q00TzjA\/ZBLirIREyCedatiPsgE0Oj2QmG9VmeiToG2y7dolEEcJ6cWR+k6vKgWCEPQXlM6gYiucnLkuP1NDeHHYZBIfVTRGFvAbJwTauyZnMW2ssFBufCEc4IMFL4E7iCSLtK1RAEjqZ0KVik8uKzVhVurQrgBzhNVEBQpXHq5hITDICoYPbgdoLijXlJsi6EJFZPWNfQyradiHo5gLf+N+xGxGj1Fi4Iwiu6R77Q6VR4V5oKNBDWkk+5dKlhGDhnbQo7kl0sKmP9k+WSAuslpq3zaY5wfmRDUYd2zo1TPHqUTLGwS0YcRD3+TkieAhmMfCwO6QpErlPKCrIWZa4kSFapDhExxZooZyiGzed\/\/9vf\/2Zu3rKy5pu3JslcD78YJQMIIZrOPleVkmVRLSwZArqr4FKZZJNr1BriYtVpythbLZ7qwDoSPb7+ybFjEaVfV+qElEfiOqinuh0uQzXLI8alPyPSUb2EXNGl7lx6D1Kms8aRUvsOaKXp8r2j4dQhrBlRT1Ta4Ok45WPbTWWirj2m2xMPn4l2ElaGD2dWKHW70m5dHcdEb+ceOXBGyEvXiDs3jW0gvrEyDtWWLBuQJ74b1u\/aFKLQJUqZUgebiIsfD1bPtDbbvCvIK0sqI6SEogDKECDMEtgRXmty1gQdnSgoOIkKx6AZ6414q7ev3uS9DtBwM9YznHQAEkBjhbIl5X00tE9FH7+bYeWiUT8S3qwHpdCBGsVbM605GOeYcaZqaOKE\/oHMWtUWcQF7YPlwoHlSgQpUTp25lgAHL01N4Sa6dMWdKBqMuZxxb1REgvVcdAHpgvtrZ97OS9cT1VLsUD6PzMJ6lTlQf+TlpJP3kae2H1qBhtGenbZ2DuG1l8\/6kb2GJKXEBkn5esnqXTe2qubFSoBFMdNJqf0kHymQq9CK\/ceOxiQpadMR7NeX7CjhYobZ5+RDTCsR0SMYacL+9qAUb9pPirWK6OCuUOk6sjvleRwhJvNpHpBMWUhrfanhJsY51hGkxu4EhlQZItQS47zqFUG+XlQe8IBaoNtjFy8GFjhdvJqFzfvNL01HhHsZfrf0GSwYww4aY7FjJNXXsO0qv8XUnIL1\/2VM14PWgV6YamABaAkRXrdl3UXenuPPS\/PCSt+ZjeKdt2tTtpFSdiLktzlaRfm8KpIIl+AQIQiba5OccmXE0gxi12\/FMn5YxfY5tBpQF\/KZdru9nEGotNTp2E1Q5Q9TkshTX77Xjr+QHrxqMAkI7YBtY2ywLeZ7bCeJfr6bDAIhVm0Fu2tWNnY9VUFNY+9s5UR\/SLn+qPVCRiLt\/li1AYGV1zCnglhfOmkh86XwYk1Ps1dFV7yMhJlebaWp2r4WkYHhCBjxwVOYc8Xqqu5OWKbCCDM58TGfn3\/\/7MXTL2IbTItvZVX87UneAPVuWtf6KYUrssSsRZoBfJ7YHAuBMvTVVWyCoAovlGPVOlvTItlA2FeB3WXfU4MigFkbSUMpKV5sX2vtvBMccfmsCih0EwmcOj3x4ZfEAqa1OiZqZyzer2Px3o3fbzJ8TE6s1f0Rf7H6AUcIddRb+HRyY\/eEwbzYtmquKKGY1VKExoOsvRB96lonmxif6HFGbLQdYGVIucCqfiUde6mK8u02Nc9hE6xyUtc5jUsDdZQu7pBM2Am+EQuidZvqUb6+PVyTKOAUgtZ5C2JiwzD0B+oSba+qiXytMd+d5HWiibKM9W1WxxzuKERL6hNqIjlTG2s1c8Szn6aJgBWHpioII2vSk3psV1TKirXcMp9P1quj+LKAa9y4cRcv2yMMxV1jsy96B556hinpBtihB1h6wgBRQGk3m6sVKspAcLBD08aDN+tZIex7\/1xPxYrUAt7892zmD3WW946KmC0u8gz+ZLusdpH90gnQtmUJjKzYe0451cbU+ANMJPmK+FdJ3usQMrTy4eIkAS\/Z11kL9aj8ZiUO5wu4xoqu+4OmpdJEDLJYZvAcCVJiyeJJJeGwW8KIy\/FP6aWogeGKzC0KGj6FVDTF0f45WhLIPhXkVyrQRVZhxHHXDJCDlpINukjP211JK04+6\/phBDcbDDLQWV4vQg652hUw6RjiaL+HISJYz8UxtJIdM3iQcyIpYsCew+4ZF9Cr2rkQu\/nFa4YmXJ9LU2dhR3IOhIosq\/+rRWrRkmFrfvboO9tK5RSqtWMyH4oZjblExQDHsBeyC96zqiidpI6wrKpi0P7aAzBF8TN9QeciwnZGqMVxytFJd0ojGn9jFVfvHFuBfcY8rdJiV5uVcGFXqKeW4apfqzFX\/aglquz\/GYstdkRUj\/ROHqS6cC0iBUklc+uKTdxttCVGG6maEWDziE+64EIOKdu8cZnwalD4qyBRbeLlhCEe6e0aGG6ig690KZC4Vv7Rl5Kppon3CPbN3mdcPfVhLYZhW5U2ck5S128B7NJM8lq6c209DZhjEdPaTnODe2i9nmTytHGbBejTuDo1Ec8ymLKYby1Z5yyWpTWPlnXNqU7nDNJHibXb9uRVjiK0k6YNSGop6UOIefrW4eYucrhFKCoFrjZpapFp+HlvmfSycKGepyOAN3+NOWWbNsG3\/b4dSV7GVXoCOOWOjNxfUWlhprDWLLULS+KIbftFd6vjfmPxw5ZwC5cJXpJaq6OI3DlJ4mEdEmRShtKjSqeC0kWBTvELdgSlL6Cdw+1FmsEVGBJcHq\/d5F3y26ZF37vHMx6l2z8gnFf8j1z\/4SWSeB\/o1dOxRq3CkbZH0T5B6pZt4KdtK6N\/Pg6dJdSuIOvl88HBtGBMe+1RJfOaT6ble11JmO\/26h6hkGqsX4\/Mi4qrmLRBz3B\/YO1X8LYL3M7bPiL4du5ldA6sMhtEFdHHinXrd3PYmSs5W0i3bWC5QN27F9fp8s\/KSjzy9shd86bSWlEa6dShAiVpBEsP0X+3F9yvY0\/wIdt8nWZHECfILOhckUrPQrSZwFGacwZkvD5w+8c0iFopiLq8Rwz0M1FEltLBgDNdWm868hEhMVfkiSqINVxsSSodxQws5\/XOb+VC1P6p99mhitUhtOkKoiEdCOwlDjmdiMFXb9vItKzUz01wEukPEqWhwrl5+4hVDg\/emkYPJaYdgXb+WrFqUAM\/QWAA\/trJiQrrYKMamEQRCOxG50ak9dwbaaSI9cW2RtXLPBonfeqPlH9g63TwaKfd9BDOyGKi862KalR3jDfSgxAMNpNjO+ea1Va5Htik5iqHKZGyF630JPCllYbqoLTWoVlXiKsjkcrUnIdsVXAjO\/ffku1ULIqB4y+xrcvrQc32BFV7it6c41+J8KXXIN3ZFMuo3lqV6dyi3hbomVxmS01kSVU63Kty5gq9ThWPf6RhBD37mXnZM5mVuyd5VN1xofS8ombGqzvx9kx8mA7Ggly30IsIbFw1Muh+KEbBg+esUCItfDoyOpSTWT7bZaE3qpfM8Iog2XO3V7W\/sLv7lw2TKDzQ6zrAMf\/yz1\/d\/PL6v+0N8+vP\/zs8kJX+uQrSBPLB+acWqvF8kQSSLgaMhjXFSDkj3cmMP3inrRR6omeHGn+ArWwx6q+rd57BiWq9IfvUrWqgs6G6iz+9aHkRMXczPfbVwviNm9Qw+GDEJkBEiSL9dKfygovq9MfVZPJW+8KjYTpNZ36ISTYN4n6RQlOWVejZcmkzxnp\/TRNBZzoVUJXX9FciqW8RS8Em9VS2FzJS00wUgcpL61c86djG+MDFQjJaeXTHDBov+rVc4JhVfqrK7fmLZ+bk4j8eD1a9rT0a81K6Q9s+Yt\/rDOTZnlU1y\/Gu1o4xuosAhGEPL1yHHjv\/ax7vMQxhr26JKD+Kdw\/0ll6wrV6uyAN55DNzKGTiHT3emsYfnobK2fh9TfnDMlpoz4nuTG07klGM99\/qNp30X\/9YDM5dMUs8J645F9495QxWOtayGVhTr2dEEow5LgasiNJ1q3cYoVgRPk2i6NQWQw7ZgZ8yaNwdgAVxrhcoexBPpezedWbRf3KBC0J7W1Fx5KSAZeB2FtcaOnu4QIljy7LYnqTQ7UvNEFxKuhhUu9SBhfxBysh\/czHp6iqvA6czp0gIJ93tolhR7GCvv94eCx6eRwuhkk2FVMNsS0C9lSZaVFCnfaGe9DiMXvlfBvape6hTJBN\/OntJKktXILXzPtJMCpeMttjMPyULEX6Ko09LbqBAX7rtPc5HvKO+aPaT2cN0thfJjF3vdtlQYpPoeRnLgliPzK07I3Pn+o07X+GntmlQJTRpjJcQXCCtu+b6nRs3xrdumS9vmq++HP8hPX9g\/7T77FZ3nWwMFVrclYzz76gFXc8O48nqaOoONhLBTgcSszUI3dk31+ZNs7x7fLxarY4ODnkNwh+h3Hxz7T8nKNYX10xwxTfXfFUtRfL7KvBwHCFz7dvfHOTesf34zPbSTapqcXRZlcc7IxxNVr97DR8f7h+t5m3VNu3EydeXxzuAE7z14eZe\/97l\/d7xB+uNflTG765YirZcALjVvqs\/IWLc0euOGB4+vuD\/M7HoesxNdWSehiMgGsA0N26Yr74212+kx6ePfzR\/+PK6uX39a3P7TndmeHry9K45u3\/7Nh\/eNte\/vn0HA8j3w8\/Pv79rHt5\/+uzs\/pMbmHofwX0Zmm6vAtIiSdUKrBpF7\/0DmNfRv+wQ4W3g8rjhRezj3+PAjw7Ueer\/AA==\" \/> \t\t<a href=\"https:\/\/www.pdf24.org\" target=\"_blank\" title=\"www.pdf24.org\" rel=\"nofollow\"><img src=\"https:\/\/www.hohenlohe-ungefiltert.de\/wp-content\/plugins\/pdf24-post-to-pdf\/img\/pdf_32x32.png\" alt=\"\" border=\"0\" height=\"32\" \/><\/a> \t\t<span class=\"pdf24Plugin-cp-space\">&nbsp;&nbsp;<\/span> \t\t<span class=\"pdf24Plugin-cp-text\">Sende Artikel als PDF<\/span> \t\t<span class=\"pdf24Plugin-cp-space\">&nbsp;&nbsp;<\/span> \t\t<input class=\"pdf24Plugin-cp-input\" style=\"margin: 0px;\" type=\"text\" name=\"sendEmailTo\" placeholder=\"Emailadresse\" \/> \t\t<input class=\"pdf24Plugin-cp-submit\" style=\"margin: 0px;\" type=\"submit\" value=\"Senden\" \/> \t<\/form> <\/div>","protected":false},"excerpt":{"rendered":"<p>Die Politik in Bezug auf Flucht, Asyl und Migration wird zu einem gro\u00dfen Teil auf Bundes- oder Europaebene, teilweise auch auf Landesebene gemacht. Weder St\u00e4dte noch Gemeinden oder Landkreise k\u00f6nnen beeinflussen, ob ein Asylantrag bewilligt oder abgelehnt wird oder ob beispielsweise Abschiebungen nach Afghanistan durchgef\u00fchrt werden sollen. Aber es gibt durchaus einiges an Gestaltungsspielraum f\u00fcr [&hellip;]<\/p>\n","protected":false},"author":1,"featured_media":0,"comment_status":"open","ping_status":"open","sticky":false,"template":"","format":"standard","meta":[],"categories":[1,9,6,2,8,4,3,7],"tags":[],"_links":{"self":[{"href":"https:\/\/www.hohenlohe-ungefiltert.de\/index.php?rest_route=\/wp\/v2\/posts\/25130"}],"collection":[{"href":"https:\/\/www.hohenlohe-ungefiltert.de\/index.php?rest_route=\/wp\/v2\/posts"}],"about":[{"href":"https:\/\/www.hohenlohe-ungefiltert.de\/index.php?rest_route=\/wp\/v2\/types\/post"}],"author":[{"embeddable":true,"href":"https:\/\/www.hohenlohe-ungefiltert.de\/index.php?rest_route=\/wp\/v2\/users\/1"}],"replies":[{"embeddable":true,"href":"https:\/\/www.hohenlohe-ungefiltert.de\/index.php?rest_route=%2Fwp%2Fv2%2Fcomments&post=25130"}],"version-history":[{"count":6,"href":"https:\/\/www.hohenlohe-ungefiltert.de\/index.php?rest_route=\/wp\/v2\/posts\/25130\/revisions"}],"predecessor-version":[{"id":25139,"href":"https:\/\/www.hohenlohe-ungefiltert.de\/index.php?rest_route=\/wp\/v2\/posts\/25130\/revisions\/25139"}],"wp:attachment":[{"href":"https:\/\/www.hohenlohe-ungefiltert.de\/index.php?rest_route=%2Fwp%2Fv2%2Fmedia&parent=25130"}],"wp:term":[{"taxonomy":"category","embeddable":true,"href":"https:\/\/www.hohenlohe-ungefiltert.de\/index.php?rest_route=%2Fwp%2Fv2%2Fcategories&post=25130"},{"taxonomy":"post_tag","embeddable":true,"href":"https:\/\/www.hohenlohe-ungefiltert.de\/index.php?rest_route=%2Fwp%2Fv2%2Ftags&post=25130"}],"curies":[{"name":"wp","href":"https:\/\/api.w.org\/{rel}","templated":true}]}}