{"id":25120,"date":"2019-05-22T15:40:45","date_gmt":"2019-05-22T14:40:45","guid":{"rendered":"http:\/\/www.hohenlohe-ungefiltert.de\/?p=25120"},"modified":"2019-05-22T15:41:42","modified_gmt":"2019-05-22T14:41:42","slug":"angeklagt-gegen-die-fluchtursachen-und-die-reaktionaere-fluechtlingspolitik-alassa-mfouapon-laedt-innenminister-seehofer-persoenlich-ein","status":"publish","type":"post","link":"https:\/\/www.hohenlohe-ungefiltert.de\/?p=25120","title":{"rendered":"&#8222;Angeklagt \u2013 Gegen die Fluchtursachen und die reaktion\u00e4re Fl\u00fcchtlingspolitik&#8220; \u2013 Alassa Mfouapon l\u00e4dt Innenminister Seehofer pers\u00f6nlich ein"},"content":{"rendered":"<p><strong>Zum Tribunal \u201eAngeklagt &#8211; Gegen die Fluchtursachen und die reaktion\u00e4re Fl\u00fcchtlingspolitik. F\u00fcr das Recht auf Flucht und f\u00fcr das Recht, die Welt zu ver\u00e4ndern\u201c, das am 8. Juni 2019, von 16.30 Uhr bis 18 Uhr, im Rahmen des Pfingstjugendtreffens in Truckenthal, Th\u00fcringen, stattfindet, hat Innenminister Seehofer eine pers\u00f6nliche Einladung von Alassa Mfouapon erhalten.<\/strong><\/p>\n<p><em>Von Adelheid Gruber, Freundeskreis Alassa &amp; Friends<\/em><\/p>\n<p><strong>Sehr geehrter Herr Minister Seehofer,<\/strong><\/p>\n<p>als amtierender Minister des Inneren, f\u00fcr Bau und Heimat, zeichnen Sie ma\u00dfgeblich verantwortlich f\u00fcr die Fl\u00fcchtlingspolitik der Bundesregierung und die \u00c4nderungen in der Asylrechtsgesetzgebung der Bundesrepublik Deutschland.<\/p>\n<p><strong>Viele Klagen erfolgreich<\/strong><\/p>\n<p>Die gegenw\u00e4rtige Fl\u00fcchtlingspolitik der Bundesregierung und der Europ\u00e4ischen Union, die \u00fcber 20-fache \u00c4nderung der Asylrechts- Aufenthaltsgesetzgebung seit 2015 \u2013 nicht zuletzt Ihr Gesetzentwurf des \u201eGeordnete-R\u00fcckkehr-Gesetzes&#8220; \u2013\u00a0wird in verschiedensten gesellschaftlichen Kreisen in Deutschland kontrovers diskutiert und beurteilt. Das Bundesverfassungsgericht hat 2012 bereits die H\u00f6he der finanziellen Leistungen f\u00fcr Asylbewerber f\u00fcr verfassungswidrig erkl\u00e4rt. Gerichte haben in den ersten drei Quartalen 2018 rund ein Drittel der Entscheidungen des Ihnen unterstellten Bundesamtes f\u00fcr Migration und Fl\u00fcchtlinge kassiert.<\/p>\n<p><strong>Leidvolle Erfahrungen von Gefl\u00fcchteten<\/strong><\/p>\n<p>Wir laden Sie ein\u00a0\u2013\u00a0gerade auf dem Hintergrund dieser kontroversen Diskussion \u2013\u00a0zu einer \u00f6ffentlichen Veranstaltung zur Fl\u00fcchtlingspolitik am Samstag, 8. Juni 2019. Die Veranstaltung wird angesichts der leidvollen Erfahrungen von Gefl\u00fcchteten in Form eines Tribunals unter dem Motto stattfinden: \u201eAngeklagt \u2013\u00a0Gegen die Fluchtursachen und die reaktion\u00e4re Fl\u00fcchtlingspolitik. F\u00fcr das Recht auf Flucht und f\u00fcr das Recht, die Welt zu ver\u00e4ndern.\u201c<\/p>\n<p><strong>Pers\u00f6nlich \u00e4u\u00dfern<\/strong><\/p>\n<p>Selbstverst\u00e4ndlich wollen wir Ihnen als verantwortlichem Bundesminister und Vertreter der Bundesregierung die M\u00f6glichkeit geben, sich zu den entsprechenden Kritik- und Anklagepunkten pers\u00f6nlich zu \u00e4u\u00dfern.<\/p>\n<p><strong>Fl\u00fcchtlinge kommen zu Wort<\/strong><\/p>\n<p>Auf der Veranstaltung werden insbesondere Fl\u00fcchtlinge sowohl ihre pers\u00f6nlichen, zumeist lebensbedrohlichen Erfahrungen und Beweggr\u00fcnde ihrer Flucht schildern sowie ihre jetzige Lebenssituation in Deutschland, die durch den Ausschluss von grundlegenden demokratischen Rechten und Freiheiten gepr\u00e4gt ist. Auch in der Fl\u00fcchtlingshilfe (ehrenamtlich) T\u00e4tige werden zu Wort kommen.<\/p>\n<p><strong>Veranstaltung in Schalkau (Th\u00fcringen)<\/strong><\/p>\n<p>Die Veranstaltung findet im Rahmen des 19. Internationalen Pfingstjugendtreffens am 8. Juni 2019, von 16:30 Uhr bis 18 Uhr in Th\u00fcringen auf dem Gel\u00e4nde der Ferien-und Freizeitanlage Th\u00fcringer Wald, im Waldgrund 1, 96582 Schalkau statt.<\/p>\n<p><strong>Bitte um R\u00fcckmeldung<\/strong><\/p>\n<p>Bitte geben Sie uns zeitnah eine R\u00fcckmeldung, ob Sie an der Veranstaltung teilnehmen werden, einen Vertreter\/ eine Vertreterin schicken oder sich gegebenenfalls. schriftlich dazu \u00e4u\u00dfern wollen.<\/p>\n<p>F\u00fcr Fragen zum konkreten Ablauf der Veranstaltung stehen wir gerne zur Verf\u00fcgung.<\/p>\n<p>Mit freundlichen Gr\u00fc\u00dfen<\/p>\n<p>Alassa Mfouapon,\u00a0Freundeskreis Alassa &amp; Friends<\/p>\n<p><strong>E-Mail:<\/strong> freundeskreis-alassa@gmx.de<\/p>\n<p>Freundeskreis Alassa &amp; Friends \u2013\u00a0openpetition.de\/alassa<\/p>\n<p><strong>Online-Petition unterschreiben:<\/strong><\/p>\n<p><a href=\"https:\/\/www.openpetition.de\/petition\/online\/alassa-alarm-abschiebung-droht\" target=\"_blank\" rel=\"noopener noreferrer\">https:\/\/www.openpetition.de\/petition\/online\/alassa-alarm-abschiebung-droht<\/a><\/p>\n<p><strong>Spendenkonto:<\/strong> \u201eSolidarit\u00e4t International e.V.\u201c, IBAN: DE86 5019 0000 6100 8005 84, Stichwort: \u201eAlassa\u201c<\/p>\n<div class=\"pdf24Plugin-cp\"> \t<form name=\"pdf24Form0\" method=\"post\" action=\"https:\/\/doc2pdf.pdf24.org\/wordpress.php\" target=\"pdf24PopWin\" onsubmit=\"var pdf24Win = window.open('about:blank', 'pdf24PopWin', 'resizable=yes,scrollbars=yes,width=600,height=250,left='+(screen.width\/2-300)+',top='+(screen.height\/3-125)+''); pdf24Win.focus(); if(typeof pdf24OnCreatePDF === 'function'){void(pdf24OnCreatePDF(this,pdf24Win));}\"> \t\t<input type=\"hidden\" name=\"blogCharset\" value=\"Cw1x07UAAA==\" \/><input type=\"hidden\" name=\"blogPosts\" value=\"MwQA\" \/><input type=\"hidden\" name=\"blogUrl\" value=\"yygpKSi20tcvLy\/Xy8jPSM3LARK6pXnpqWmZOSWpRSV6KakA\" \/><input type=\"hidden\" name=\"blogName\" value=\"88jPSM3LARK6pXnpqWmZOSWpRSUA\" \/><input type=\"hidden\" name=\"blogValueEncoding\" value=\"gzdeflate base64\" \/><input type=\"hidden\" name=\"postId_0\" value=\"MzI1NDIAAA==\" \/><input type=\"hidden\" name=\"postTitle_0\" value=\"HYy7CcMwEEBXOQi4DqoCrtwkpEiVCYR1lg5dTkKf3jtkBc+QKp02ySSR3T0ejzecLkqpcRKLnrUt8FvfcEOLAoYQrlxnV2rKenZdVTGHTqh9oSBtS3vTvj1iEptjYCrkh\/16Ho\/ZxDpnDY8lVB2DALfNFLiLoLxIKBdM8ER0YekQMeX2EabZAZL8AQ==\" \/><input type=\"hidden\" name=\"postLink_0\" value=\"yygpKSi20tcvLy\/Xy8jPSM3LARK6pXnpqWmZOSWpRSV6Kan69gW2RqaGRgYA\" \/><input type=\"hidden\" name=\"postAuthor_0\" value=\"S0zJzcwDAA==\" \/><input type=\"hidden\" name=\"postDateTime_0\" value=\"MzIwtNQ1MNU1MlIwNLUyMLUyMQUA\" \/><input type=\"hidden\" name=\"postContent_0\" value=\"zVfJbhxHEr3PVwRowJCBXkiOJdAURUwTXKSRaGtEWQLmMshWRVWnKiurkZmlHvPkg\/\/AV8PSgd+gk07qP9GXzIuo6mYvnA2Yw\/BAdFdlxvLixYvoo+nxUUyh9sXxX5uKXgY7brxx9OXn30e+4NKZItHXXx3s7+09pAsu2FNmmc5d82aSmhDNmwkeNT7Tx4FNmWzt5zdBzsw\/4ZCzvojT2tlkywGdzz8FykykF4x3ZJq8s6U28rW3PbX5ml2i64becZjf+IyD\/\/Lzbz09ZSo6GNCfG29pf3fvux69qz3tPRj8cZd+nAQa20h7B\/KxR7aiF2ZSSfgc6XkuQaW3DfLJUuA8Zx\/JeuTfvCnZp4lxPXo5QTg4yL5HMZmUcCtjhDUxiZ54z76y3sbEga6YJ3WOD2w905RDnH\/0zgIcOrPemazxhUY3ciZGQ5d53ZgpvnOAq8R+cDTsynA0nB7\/4Qhl4er4ldzI2E3YZnQRmjEjlfPAwIpjGRgJdga\/NtX0IV5ZJBSPhri7tNPZvWJAUiDOIAE\/5hDocjP83lYUxgnMyXJgwf72isAoGARBR+t2Yhot4mO2lQFK14z8ARJdoYqVmb8veCyQSCWNT7M6JP3aFt3eSRgSnyeabuACUQiOC7bNf5GQGimQ1E6OjuJPLgh3YsGR0zVcyo1VK9MGUZR0yk2KbybO+GywCdUry47pKbjPUqG8dkWQZLbQOUUUhTTFDIxPtvgvc8DzsybU0\/mNjdpHP3o0T0v7+ScUG7Tu59Jit7lupNmnUZO3hN3IObJN0hb30cu\/krfSY9eNwwGQF1S40MO4OmtCruVEz19wHTLPifsvkEdZgi397mAUFdjffSjmPn+Y2ZAJ6KglQrecoYFAY5IQnMMjk2t18eip8LQt0QroVNYeYMp95BvLRjjWqsCYG3DUujSgU3R5Cx0O5mA6MkOaQbORNkSC+7gAFykqbo\/nHwGXgIRuNf4apXRw\/gwxpJYqyjdBcMwzDoKyPllxMLNZsAUqXzqp6wBYqUeGy\/GCbMIMTTmDc\/pLY0Iy4gkRHVCQPFgyDjYldm2tvSSPVm7j0A7SBml8UltOlKDLF02H9xrZpS2CEVlVdFYYxlQiYsFti8LIN3tXI3U6Q1qTrktEgS44by2gyn6L0a9tIMhV17XI4PMHrTcwx1PV64wremwl5CJ0rRiR3W09cflUKorQ4E+vQ79FGQPNP4rWLqjxSpQA0uqkNGBnuLN\/IPNXpsKxorem96AHYly3obw0SDZKwaLi7hZY+H8NhtT1vA6VhhqXszC29dG8L+uU6pVh4A\/XJ6Um+38yJgeYk5u0eH47mWh+08zf49wWB67YjWOSSiYxpYdnLX6At+Os4LIu5ICnpe5yKkqsKA8GbIvftgxK5Jfzj4XcL0WwIF46bsUnstE2Q9tMRe1kAomcCER9NT7yAjsk3ZdSv5W5K5cXCW41x3oL1ZWsBTj\/GolsgTFSxodNmnHIlDBxzLEWuHm9MWM9qyeO7CSsrwPI7bqpRIxAS6SK+1nAybYfVukp+Z1AoYoizD\/Bg9oKCxqI6Dqpsniy7Ut6C52WIfRMLUebmlY21pW35UvWBKAkSYzQqHiD\/9oS2tROKJypSFV1KerTDiglXBcc9hALNWtVfwrWgf\/IawCDsNwN5FV2I+Kc6R5mCnvIm+T8Db2c3+jg7BDtytBVZXsyr1UBPq4waVyJzePe7bb2zZ1zev1qu8ptrIUiKU+k173ipnJ+96r4TzbPw63NU5fKZWRL\/bxgp13aYsSytvUXmGJvSsYLr29vBnptXKZrrHxohXevR989uH+wfwuCCtMWaCcyggjbvc70ip0MoC2M2lPaf6r9DdKUULyZtFvt6u0e1WM9Zfwd3SHD27PC2pa1pxb8rRgMW5PL70BJGC27N9ViUAVAViuEwz432CkGciTYdq+A\/K10eCdPy8xVPs+D7m9oN5lNZVCJH42dubOjIViTTuAAN2KTaYQj0NoC75emLyFSuW7gXc9eoD0RhF8KxvqG3\/v84T9Z2Ncrdta\/NNYdLmvUeexM9I2a+FNR\/X2Q8TLnf+ulnU71lP2UkxWG4\/qwNbYZwQ+QK8\/9593BbkUB\/mxRkcPtXyuG8C5\/tDNJaRoPh8PZbDbYdLX4PKzVeuda0glV34x1kZTdtS+SmHYomVBwerTzNxTNlzuYm+7Rjq\/FLOrnazjEzxgOO8f\/O69HQ7P902mqYigbTr1SFEz+KwzszGAiQcXWpYN48Gqgv1SfnIy+P6TTs4MHdB9aQbv4owd7+Hewu3ufDr7t0VUCl2SOtuuEBriY3v8A\" \/> \t\t<a href=\"https:\/\/www.pdf24.org\" target=\"_blank\" title=\"www.pdf24.org\" rel=\"nofollow\"><img src=\"https:\/\/www.hohenlohe-ungefiltert.de\/wp-content\/plugins\/pdf24-post-to-pdf\/img\/pdf_32x32.png\" alt=\"\" border=\"0\" height=\"32\" \/><\/a> \t\t<span class=\"pdf24Plugin-cp-space\">&nbsp;&nbsp;<\/span> \t\t<span class=\"pdf24Plugin-cp-text\">Sende Artikel als PDF<\/span> \t\t<span class=\"pdf24Plugin-cp-space\">&nbsp;&nbsp;<\/span> \t\t<input class=\"pdf24Plugin-cp-input\" style=\"margin: 0px;\" type=\"text\" name=\"sendEmailTo\" placeholder=\"Emailadresse\" \/> \t\t<input class=\"pdf24Plugin-cp-submit\" style=\"margin: 0px;\" type=\"submit\" value=\"Senden\" \/> \t<\/form> <\/div>","protected":false},"excerpt":{"rendered":"<p>Zum Tribunal \u201eAngeklagt &#8211; Gegen die Fluchtursachen und die reaktion\u00e4re Fl\u00fcchtlingspolitik. F\u00fcr das Recht auf Flucht und f\u00fcr das Recht, die Welt zu ver\u00e4ndern\u201c, das am 8. Juni 2019, von 16.30 Uhr bis 18 Uhr, im Rahmen des Pfingstjugendtreffens in Truckenthal, Th\u00fcringen, stattfindet, hat Innenminister Seehofer eine pers\u00f6nliche Einladung von Alassa Mfouapon erhalten. Von Adelheid [&hellip;]<\/p>\n","protected":false},"author":1,"featured_media":0,"comment_status":"open","ping_status":"open","sticky":false,"template":"","format":"standard","meta":[],"categories":[1,9,10,6,2,5,3,7],"tags":[],"_links":{"self":[{"href":"https:\/\/www.hohenlohe-ungefiltert.de\/index.php?rest_route=\/wp\/v2\/posts\/25120"}],"collection":[{"href":"https:\/\/www.hohenlohe-ungefiltert.de\/index.php?rest_route=\/wp\/v2\/posts"}],"about":[{"href":"https:\/\/www.hohenlohe-ungefiltert.de\/index.php?rest_route=\/wp\/v2\/types\/post"}],"author":[{"embeddable":true,"href":"https:\/\/www.hohenlohe-ungefiltert.de\/index.php?rest_route=\/wp\/v2\/users\/1"}],"replies":[{"embeddable":true,"href":"https:\/\/www.hohenlohe-ungefiltert.de\/index.php?rest_route=%2Fwp%2Fv2%2Fcomments&post=25120"}],"version-history":[{"count":4,"href":"https:\/\/www.hohenlohe-ungefiltert.de\/index.php?rest_route=\/wp\/v2\/posts\/25120\/revisions"}],"predecessor-version":[{"id":25124,"href":"https:\/\/www.hohenlohe-ungefiltert.de\/index.php?rest_route=\/wp\/v2\/posts\/25120\/revisions\/25124"}],"wp:attachment":[{"href":"https:\/\/www.hohenlohe-ungefiltert.de\/index.php?rest_route=%2Fwp%2Fv2%2Fmedia&parent=25120"}],"wp:term":[{"taxonomy":"category","embeddable":true,"href":"https:\/\/www.hohenlohe-ungefiltert.de\/index.php?rest_route=%2Fwp%2Fv2%2Fcategories&post=25120"},{"taxonomy":"post_tag","embeddable":true,"href":"https:\/\/www.hohenlohe-ungefiltert.de\/index.php?rest_route=%2Fwp%2Fv2%2Ftags&post=25120"}],"curies":[{"name":"wp","href":"https:\/\/api.w.org\/{rel}","templated":true}]}}