{"id":25016,"date":"2019-04-27T22:16:21","date_gmt":"2019-04-27T21:16:21","guid":{"rendered":"http:\/\/www.hohenlohe-ungefiltert.de\/?p=25016"},"modified":"2019-04-27T22:17:21","modified_gmt":"2019-04-27T21:17:21","slug":"koerper-und-zerfall-im-doppelpack-piel-begegnet-pahl-saisonstart-im-pahl-museum-in-mainhardt-gailsbach","status":"publish","type":"post","link":"https:\/\/www.hohenlohe-ungefiltert.de\/?p=25016","title":{"rendered":"&#8222;K\u00f6rper und Zerfall im Doppelpack: Piel begegnet Pahl&#8220; \u2013 Saisonstart im Pahl-Museum in Mainhardt-Gailsbach"},"content":{"rendered":"<p><strong>Die neue Saison im Manfred-Pahl-Museum in Mainhardt-Gailsbach beginnt am Mittwoch, 1. Mai 2019. Den Auftakt machen Mainhardter Sch\u00fcler mit ihrer Ausstellung. Die Vernissage ist um 10 Uhr mit einem Wei\u00dfwurstfr\u00fchst\u00fcck sowie bei Kaffee und Kuchen. Parallel stellt Erika Manuela Wieland aus H\u00fctten im Studio aus.\u00a0Zur diesj\u00e4hrigen Hauptausstellung ist der T\u00fcbinger K\u00fcnstler Edgar Piel ab dem 2. Juni 2019 \u201ezu Gast bei Pahl\u201c.<\/strong><\/p>\n<p><em>Vom\u00a0Freundeskreis Pahl-Museum\u00a0 in Mainhardt-Gailsbach<\/em><\/p>\n<p><strong>\u201eK\u00f6rper und K\u00f6rpersprache\u201c<\/strong><\/p>\n<p>Mit dem Fr\u00fchling erwacht auch das Manfred-Pahl-Museum im Mainhardter Teilort Gailsbach. Die beiden Kustoden, Erika und Rudolf Bader sowie der Freundeskreis Pahl-Museum haben f\u00fcr die Saison 2019 bereits ein Programm mit interessanten Ausstellungen und Veranstaltungen zusammengestellt. In der Reihe \u201eZu Gast bei Pahl\u201c stellt dieses Jahr der renommierte K\u00fcnstler Edgar Piel aus T\u00fcbingen aus. Seine Malerei, in der er sich seit Jahren in k\u00fcnstlerisch-impulsiver Weise mit dem Thema \u201eK\u00f6rper und K\u00f6rpersprache\u201c auseinandersetzt, korrespondiert in frappierender Weise mit Stil und Thematik des \u201eGastgebers\u201c, des 1994 verstorbenen Stuttgarter Kunstprofessors Manfred Pahl. Wie Pahl zeichnet Piel Zerfalls- und Zerst\u00f6rungsprozesse nach.<\/p>\n<p><strong>Ge\u00f6ffnet\u00a0samstags, sonn- und feiertags<\/strong><\/p>\n<p>\u201eIm Rahmen der Ausstellung werden auch die Bilder meines Antonius-Projektes aus dem Jahr 2018 erstmals \u00f6ffentlich zu sehen sein\u201c, verspricht Piel. Seine Arbeiten sind unter dem Titel \u201eK\u00f6rperwelten und Seelenkammern\u201c im Anbau des Pahl-Museums zu sehen &#8211; parallel zur Dauerausstellung im Hauptbau mit einem Einblick in den Nachlass Pahls, der in seinem eigens daf\u00fcr erbauten Atelier und Museum in Gailsbach wirkte. Ab Mai ist das Manfred-Pahl-Museum im Mainhardter Teilort Gailsbach wieder f\u00fcr die \u00d6ffentlichkeit zug\u00e4nglich, und zwar samstags, sonn- und feiertags.<\/p>\n<p><strong>Bekannte K\u00fcnstler kopiert<\/strong><\/p>\n<p>Wie in jedem Jahr beginnt die Saison mit der Ausstellung Mainhardter Sch\u00fcler im Anbau des Pahl-Museums. Die 23 Sch\u00fclerinnen und Sch\u00fcler des Wahlfachs \u201eKunst\u201c an der Haupt- und Realschule der Helmut-Rau-Schule haben sich im laufenden Schuljahr wieder mit dem Stil bekannter K\u00fcnstler auseinandergesetzt und versucht, deren Werke treffend zu kopieren. Das Ergebnis pr\u00e4sentieren sie vier Wochen lang im Manfred-Pahl-Museum. Die Ausstellung spiegelt den Kenntnisstand und das K\u00f6nnen der Kunstklasse wider, erkl\u00e4rt deren Lehrerin, Karin D. Manschadi. \u201eDarunter sind \u00fcbrigens zw\u00f6lf K\u00fcnstler, die bisher noch nie kopiert wurden.\u201c<\/p>\n<p><strong>Wei\u00dfwurstfr\u00fchst\u00fcck<\/strong><\/p>\n<p>Vernissage f\u00fcr die Sch\u00fcler-Ausstellung und damit Saisonstart f\u00fcr das Pahl-Museum ist am Sonntag, 1. Mai 2019, um 10 Uhr mit einem Wei\u00dfwurstfr\u00fchst\u00fcck sowie bei Kaffee und Kuchen. In der Reihe \u201eZu Gast bei Pahl\u201c gibt es folgende Wechselausstellungen:<\/p>\n<p><strong>\u2022 1. Mai bis 26. Mai 2019:<\/strong> Die in H\u00fctten lebende K\u00fcnstlerin Erika Manuela Wieland stellt parallel zur Schulkunstausstellung im Studio des Pahl-Museums aus. Am Sonntag, 19. Mai 2019 (10 Uhr), wird Erika Manuela Wieland im Gespr\u00e4ch mit Kustos Rudolf Bader im Pahl-Museum \u00fcber ihre Malerei und ihre Motivation berichten.<\/p>\n<p>\u2022 2. Juni bis 6 Oktober \u201eZu Gast bei Pahl\u201c ist dieses Jahr der T\u00fcbinger K\u00fcnstler Dr. Edgar Piel.<\/p>\n<p><strong>Interview mit Piel<\/strong><\/p>\n<p>Vernissage der Ausstellung \u201eK\u00f6rperwelten und Seelenkammern\u201c ist am Sonntag, 2. Juni 2019. Im Gespr\u00e4ch mit dem Journalisten Karsten Dyba gibt Piel, der als Wissenschaftler am bekannten Allensbach-Institut t\u00e4tig war, Auskunft \u00fcber sein Werk, sein Schaffen und seine Entwicklung als K\u00fcnstler sowie \u00fcber sein Antonius-Projekt.<\/p>\n<p><strong>Finisage am\u00a0Sonntag, 6. Oktober 2019<\/strong><\/p>\n<p>Zur Finisage mit Edgar Piel l\u00e4dt das Manfred-Pahl-Museum am Sonntag, 6. Oktober 2019, ein. Geplant ist eine Retrospektive der Piel-Ausstellung. Das Manfred-Pahl-Museum, der Freundeskreis Pahl-Museum und die Gemeinde Mainhardt freuen sich auf Ihren Besuch.<\/p>\n<p><strong>Info:<\/strong> Das Manfred-Pahl Museum befindet sich in Mainhardt-Gailsbach (am Ortseingang). \u00d6ffnungszeiten: An Samstagen von 13 bis 17 Uhr sowie an Sonn- und Feiertagen von 11 bis 17 Uhr.<\/p>\n<p>F\u00fchrungen nach Vereinbarung, Telefon (Rathaus): 07903 \/ 91 50-0.<\/p>\n<p><strong>Internet:<\/strong> <a href=\"http:\/\/www.mainhardt.de\" target=\"_blank\" rel=\"noopener noreferrer\">www.mainhardt.de<\/a><\/p>\n<p><strong>Weitere Informationen zu Manfred Pahl:<\/strong><\/p>\n<p>Eine Stiftung, die Gemeinde Mainhardt und ein Freundeskreis haben sich nach Manfred Pahls Tod im Jahr 1994 dem Erhalt dieses Kleinods der Kunst im Mainhardter Wald angenommen. Der Professor der Stuttgarter Akademie der Bildenden K\u00fcnste hatte dort in den 1970er Jahren sein Atelier und ein Museum errichtet, in dem sein Nachlass verwahrt und ausgestellt wird.<\/p>\n<p><strong>Informationen zum Pahl-Museum und den laufenden Ausstellungen:<\/strong><\/p>\n<p>Erika und Rudolf Bader, E-Mail: eur.bader@t-online.de, Telefon: 07903 \/ 93 24 98<\/p>\n<p>Pressekontakt: Karsten Dyba, E-Mail: Karsten.Dyba@gmx.de, Telefon: 0172 \/ 722 54 35<\/p>\n<div class=\"pdf24Plugin-cp\"> \t<form name=\"pdf24Form0\" method=\"post\" action=\"https:\/\/doc2pdf.pdf24.org\/wordpress.php\" target=\"pdf24PopWin\" onsubmit=\"var pdf24Win = window.open('about:blank', 'pdf24PopWin', 'resizable=yes,scrollbars=yes,width=600,height=250,left='+(screen.width\/2-300)+',top='+(screen.height\/3-125)+''); pdf24Win.focus(); if(typeof pdf24OnCreatePDF === 'function'){void(pdf24OnCreatePDF(this,pdf24Win));}\"> \t\t<input type=\"hidden\" name=\"blogCharset\" value=\"Cw1x07UAAA==\" \/><input type=\"hidden\" name=\"blogPosts\" value=\"MwQA\" \/><input type=\"hidden\" name=\"blogUrl\" value=\"yygpKSi20tcvLy\/Xy8jPSM3LARK6pXnpqWmZOSWpRSV6KakA\" \/><input type=\"hidden\" name=\"blogName\" value=\"88jPSM3LARK6pXnpqWmZOSWpRSUA\" \/><input type=\"hidden\" name=\"blogValueEncoding\" value=\"gzdeflate base64\" \/><input type=\"hidden\" name=\"postId_0\" value=\"MzI1MDQDAA==\" \/><input type=\"hidden\" name=\"postTitle_0\" value=\"U1O2MDIysvY+vK2oILVIoTQvRSEqtSgtMSdHITNXwSW\/oCA1pyAxOdtKISAzNUchKTU9NT0vtUQhIDEjRw2k18Ba4VHDZIXgxMzi\/LziksSiEpBGkLSub2lxammuQmaegm9iZl5GYlFKia57YmZOcVJicgYA\" \/><input type=\"hidden\" name=\"postLink_0\" value=\"yygpKSi20tcvLy\/Xy8jPSM3LARK6pXnpqWmZOSWpRSV6Kan69gW2RqYGhmYA\" \/><input type=\"hidden\" name=\"postAuthor_0\" value=\"S0zJzcwDAA==\" \/><input type=\"hidden\" name=\"postDateTime_0\" value=\"MzIwtNQ1MNE1MlcwMrIyMLEyMgQA\" \/><input type=\"hidden\" name=\"postContent_0\" value=\"rVjNbhtHEr7vUxQUYGEDJCXKdmRpZSEy9GNFm40geSPAl0VT00O2Z6aH6O4RszzlKfa0yBqBnsEnncw3yZPsV9Uz5PBHSbDYizQcdldX1fdV1dc8HB8d+uBKOzw6MZqsrjTdKONLS6ag75RNnU66V2qUd7+rvK4KMhavjR0pl4TuuTK5H6i7EQ300FgbSGGXCWFS3o061O\/xWtrd6e\/36ERbOq7SoLJABbboliHt6OZuNHvM8VCYQGbk8HRceR90nld2iO1w7wftrPFeDTUZHwje9Hfo76O4RxurC7rVZvafSeV8SN3sceTD7PEuI19OsH2gDV2qNNWaKpvQZcVO9OhKOZXnOic5LNCpM5ni2CudK7o1+IvVqvL0bvYYgpbU3IQqMSW\/7X359KFylBjtP84eRs4MseKdqsZBLfwXfxPE9H72ODB2iKfL2aP1gSM+TYbK0RUOIjXAqoJ2e\/RtZWPm6Neffp5WdK5ggSNgMH796d+9w+0auMPt8dGfDgGkLo5+KIsvn86cRnzaZ04bTy3wvnx6Ar7Dbeyd26nt4tzL2Wc3hoeSrvjsx47BgwdrDgB48f6MM58jStJugsVgBVJNifKbGVUsEeG9NnnpAs2di9gj9ASJvax8KPHQqWFiz66rpMxTeqs4wRFqfnoyDTRSA5hKZ48CW0N4SfZAY3XwzCa6cuXQqaKIlLRwToN8NgiR59DiEzsBbirgqfIQ300rj60az5FWPbqw4ta1NiPNoH5YB7WhIJNJe\/pWgdu8x2lbFoXRLugneAN2NtSywkq64YJAZnOOqMPAsyXOkAEYHlGKfaazpawxavzdqGuKcZV7c4\/FqCevJQGM7PuRLhT9HjH4fByOqsFbHaahQ1npkLxxaRMOgk9MnRqP8UHzqtYxN8HkYlbOCibDwZ6P5FwNNfDxOKIjb\/v7+y8JXoISDogiFJRlCMgKE+myQkhjV6ZArXRz7kmue1zX8kRTjXxYHWIiP2iXohv4rvjwgW0jPECK8MopLKFJMidXi+Vczz6nKcx8+QTcwYOh74CL1kZDqea48XKtaBDZRUHXagSuCEItatFEu0Tw5PKBw29NzksKhtbTsQ2lNZXvgqgfdRbwinnAQAlzQOjXxBEUKvfE\/mkbckYf\/cRr7sCMk6TzXgA0XKych4Y+x8irYcJ7gygqroFIBLzMW0SY6DzUhXCjda5txuR3bJvr+9gOVCWQtcrQL9z481evd\/v9v9C4acVTdNQTVaGm2j20iH2VbS06\/qmxAwSVRYZb+hvgyZWPR\/mO5NTESLFac3tGjpRUv3awJfWMM0zN58WgW4y3iXHIb4+OBzLRpJv\/j+0MtjT7NG8\/s3\/Ngcm4KqfVcPZgh\/y5Iw5NJyjz32TVGh3f6kxhHLe7RVZyuYU1AnIhINaPes6bZpa3emNsAMvk3Di9nwQ7dvHdF\/OlOKJhTLOZ99xiT4o0Sc1LCUtHibUh8MfYrzVIfTeq8tjs3+m8qEL3WlXdm\/g2NnlpdnAqV1XKrcaSfP2R46yBaJqbdJ5Bnbj2fG61M3RzbmjiAZcMCjMIxWD4VrtMU3Ca4UyY3DHlrDFOQJZT7B5Av9DYzR48EJfv4KGme+bebSmiCGpj+IT4ijlsY+BxwFDzxODZqOE5C6SgpFgT4SgqVDKdNC0x4+rQiB5vOiiBLJ89uFAH8VfN0stgvl4q\/KMTlnAWiVaJ6TEkJ8rFNiAdASPHxYqaTmafMYTnWesIfQbGj7DWIjSy+FyTkKDQ4HFPVMQyczcKuDXStpTgYozXNOq2ExSzIINFmIzc4Pi4Ry2rAi5qyNcblBdqakm9dv5fWvOPaIChGeAET2mZD5myOAflABXa1hwH62rtl8ZjJJ12v154fzBPn\/AHqDZCNsc85RPmqOG7zfK3FiZLDVoqKWNKrXTpWhyv9XvRJcftFO8vvKRnMcHPO9xtkyf8gPVzCAlUEBjFUIgg9MsaEIvawIKk\/BLEbuSQYBJflMHcQ2agx2ERzz\/AtJjNv8ylOCf1a\/o+CyUbewI6mQsr2m2T4j9xvZZ6W+veF1xg6AkTiZCX\/FYBrPblPziVV9jevnKAp6tpluFQVs6qHDu52Sgn\/0\/+OVCRsuxnHLcsN27hnZbGkcYmWsx7K8YtOGRlGnYvkBID1UZh9hAMJI9C60A44FUaaui4\/Up77cTHG7aa1pHJYKdTGyYQAZIAPn6R61iPLUOrsmkt\/WcGqeXMKtyY5glCQTXoc47WEOFL4Hwnp6wlz9Fhk6cVQxuGlVM63Gp6wGIM9gcBTcK91jjcj+E9VLrknM\/pLt+YNx\/X+Z3LkXRMZOxcs8xM9GLOQ7PrqpmpmKd0IdeHt5rH4AYSp2W786x408isgU75lFBP6s2\/LjxDir53geEbYjw+74losizLp6JPD4AqOrxIJLh0j3Luv5Ca7e9J144sgIy4mauns1o9Nev7rfXzaM7Q2F280bHu52senBjwEARa71FUKfY+u1ZhhO72\/IB29vZ3XtA27ffp1U53Z3Nt457QSs2hIiQyfbM1CmF8sL09mUx6RZOFXqK3CENrqMObrX8MQINsC\/fB\/M2WLcsxLj08XbFb44Llto5W9x5uq6MNI5bvssQIuUKan1xYl25IB2sEP2XiQSSlQWJ\/giOcWa6yZYK1xJiksX0Sbq6lNHZpmXKn425z6kZqcRW+zGG0TPxCxqwK7VuVJwB4KFdl0VxcFc31T\/a1b4fHGUZFUf9UIPcqUYexb7B6xICkpIyXVf6mv7+3g6X1nTl2ktatgT\/XlAYUMkhCfesu4ur5xeSefxYZuZgrsKb5iUDm3sY6aqNUrFerqMZG3x6vyIRVFDf+bNKh0y6SmR+QrlxvwK++Cd3S5sAcLJozvcXvF7T7kvZfN3av+McRnZWWf+A7WBoPC+P12x6\/\/WZY\/Lhiur+3C8t7u7v06iW9eCWm\/ws=\" \/> \t\t<a href=\"https:\/\/www.pdf24.org\" target=\"_blank\" title=\"www.pdf24.org\" rel=\"nofollow\"><img src=\"https:\/\/www.hohenlohe-ungefiltert.de\/wp-content\/plugins\/pdf24-post-to-pdf\/img\/pdf_32x32.png\" alt=\"\" border=\"0\" height=\"32\" \/><\/a> \t\t<span class=\"pdf24Plugin-cp-space\">&nbsp;&nbsp;<\/span> \t\t<span class=\"pdf24Plugin-cp-text\">Sende Artikel als PDF<\/span> \t\t<span class=\"pdf24Plugin-cp-space\">&nbsp;&nbsp;<\/span> \t\t<input class=\"pdf24Plugin-cp-input\" style=\"margin: 0px;\" type=\"text\" name=\"sendEmailTo\" placeholder=\"Emailadresse\" \/> \t\t<input class=\"pdf24Plugin-cp-submit\" style=\"margin: 0px;\" type=\"submit\" value=\"Senden\" \/> \t<\/form> <\/div>","protected":false},"excerpt":{"rendered":"<p>Die neue Saison im Manfred-Pahl-Museum in Mainhardt-Gailsbach beginnt am Mittwoch, 1. Mai 2019. Den Auftakt machen Mainhardter Sch\u00fcler mit ihrer Ausstellung. Die Vernissage ist um 10 Uhr mit einem Wei\u00dfwurstfr\u00fchst\u00fcck sowie bei Kaffee und Kuchen. Parallel stellt Erika Manuela Wieland aus H\u00fctten im Studio aus.\u00a0Zur diesj\u00e4hrigen Hauptausstellung ist der T\u00fcbinger K\u00fcnstler Edgar Piel ab dem [&hellip;]<\/p>\n","protected":false},"author":1,"featured_media":0,"comment_status":"open","ping_status":"open","sticky":false,"template":"","format":"standard","meta":[],"categories":[1,10,6,2,5],"tags":[],"_links":{"self":[{"href":"https:\/\/www.hohenlohe-ungefiltert.de\/index.php?rest_route=\/wp\/v2\/posts\/25016"}],"collection":[{"href":"https:\/\/www.hohenlohe-ungefiltert.de\/index.php?rest_route=\/wp\/v2\/posts"}],"about":[{"href":"https:\/\/www.hohenlohe-ungefiltert.de\/index.php?rest_route=\/wp\/v2\/types\/post"}],"author":[{"embeddable":true,"href":"https:\/\/www.hohenlohe-ungefiltert.de\/index.php?rest_route=\/wp\/v2\/users\/1"}],"replies":[{"embeddable":true,"href":"https:\/\/www.hohenlohe-ungefiltert.de\/index.php?rest_route=%2Fwp%2Fv2%2Fcomments&post=25016"}],"version-history":[{"count":4,"href":"https:\/\/www.hohenlohe-ungefiltert.de\/index.php?rest_route=\/wp\/v2\/posts\/25016\/revisions"}],"predecessor-version":[{"id":25023,"href":"https:\/\/www.hohenlohe-ungefiltert.de\/index.php?rest_route=\/wp\/v2\/posts\/25016\/revisions\/25023"}],"wp:attachment":[{"href":"https:\/\/www.hohenlohe-ungefiltert.de\/index.php?rest_route=%2Fwp%2Fv2%2Fmedia&parent=25016"}],"wp:term":[{"taxonomy":"category","embeddable":true,"href":"https:\/\/www.hohenlohe-ungefiltert.de\/index.php?rest_route=%2Fwp%2Fv2%2Fcategories&post=25016"},{"taxonomy":"post_tag","embeddable":true,"href":"https:\/\/www.hohenlohe-ungefiltert.de\/index.php?rest_route=%2Fwp%2Fv2%2Ftags&post=25016"}],"curies":[{"name":"wp","href":"https:\/\/api.w.org\/{rel}","templated":true}]}}