{"id":25001,"date":"2019-04-27T22:30:47","date_gmt":"2019-04-27T21:30:47","guid":{"rendered":"http:\/\/www.hohenlohe-ungefiltert.de\/?p=25001"},"modified":"2019-04-27T22:31:39","modified_gmt":"2019-04-27T21:31:39","slug":"europa-jetzt-aber-richtig-zu-seinen-maikundgebungen","status":"publish","type":"post","link":"https:\/\/www.hohenlohe-ungefiltert.de\/?p=25001","title":{"rendered":"\u201cEuropa. Jetzt aber richtig!\u201c \u2013 Maikundgebung 2019 in Schw\u00e4bisch Hall"},"content":{"rendered":"<p><strong>\u201eEuropa. Jetzt aber richtig!\u201c, lautet das Motto der diesj\u00e4hrigen Maikundgebungen des Deutschen Gewerkschaftsbunds (DGB). Die\u00a0Demonstration in Schw\u00e4bisch Hall beginnt am Mittwoch, 1. Mai 2019, um 10.30 Uhr vor der Agentur f\u00fcr Arbeit in der Bahnhofstra\u00dfe. Nach einem Demonstrationszug durch die Innenstadt startet die Kundgebung um 11.30 Uhr im Hospitalhof (Goethe-Institut).<\/strong><\/p>\n<p><em>Vom DGB Nordw\u00fcrttemberg<\/em><\/p>\n<p><strong>Die Menschen m\u00fcssen im Mittelpunkt stehen<\/strong><\/p>\n<p>Bernhard L\u00f6ffler, DGB-Regionsgesch\u00e4ftsf\u00fchrer in Nordw\u00fcrttemberg, zu den Inhalten des 1. Mai 2019: \u201eEuropa. Jetzt aber richtig! hei\u00dft: Die Menschen m\u00fcssen im Mittelpunkt der europ\u00e4ischen Politik stehen. Die sozialen Interessen der B\u00fcrgerinnen und B\u00fcrger, der Arbeitnehmerinnen und Arbeitnehmer m\u00fcssen Vorrang haben vor den Interessen der Unternehmen. Es hei\u00dft auch: Europaweite Standards f\u00fcr gute Arbeitsbedingungen statt Dumping-Wettbewerb zwischen den Mitgliedsstaaten mit prek\u00e4rer Arbeit und niedrigen L\u00f6hnen. Wir brauchen mehr Tarifbindung in ganz Europa und armutsfeste Mindestl\u00f6hne in jedem EU-Mitgliedsstaat. Europa braucht keine Grenzen und garantiert Frieden.\u201c<\/p>\n<p><strong>Sozialer Fortschritt in Europa<\/strong><\/p>\n<p>Der hohenloher DGB-Kreisverbandsvorsitzende Ernst Kern erg\u00e4nzt: \u201eSozialer Fortschritt in Europa, das l\u00e4sst sich nur gemeinsam erreichen. Die Rechtspopulisten und Nationalisten in Europa bieten keine L\u00f6sungen \u2013 im Gegenteil: Die Brexit-Abstimmung in Gro\u00dfbritannien und ihre Folgen haben gezeigt, wohin es f\u00fchrt, wenn diejenigen, die Oberhand gewinnen, die \u00c4ngste sch\u00fcren, aber keinerlei Konzepte f\u00fcr die Zukunft haben. Am 1. Mai zeigen wir klare Kante gegen Rechts und alle, die unser Land und Europa spalten wollen. Wir sagen Nein zu Intoleranz, Nationalismus, Rassismus und Rechtspo-pulismus. Der 1. Mai ist unser Tag der Solidarit\u00e4t. Wir demonstrieren gegen Krieg und Intoleranz, Rassismus und Rechtspopulismus, f\u00fcr ein soziales Europa.\u201c<\/p>\n<p>Weitere Informationen und Kontakt:<\/p>\n<p>DGB-Bezirk Baden-W\u00fcrttemberg,\u00a0B\u00fcro Schw\u00e4bisch Hall,\u00a0Schlichtweg 4,\u00a074523 Schw\u00e4bisch Hall<\/p>\n<p>Telefon: 0791 950290<\/p>\n<p>Mobil: 0170 8514009<\/p>\n<p>Telefax: 0791 9502932<\/p>\n<p>E-Mail: silvia.wagner@dgb.de<\/p>\n<p>cid:image001.png@01CF2E0F.86B9BBA0<\/p>\n<p><strong>Internet:<\/strong><\/p>\n<p><a href=\"http:\/\/www.nordwuerttemberg.dgb.de\" target=\"_blank\" rel=\"noopener noreferrer\">www.nordwuerttemberg.dgb.de<\/a><\/p>\n<p><a href=\"http:\/\/www.bw.dgb.de\" target=\"_blank\" rel=\"noopener noreferrer\">www.bw.dgb.de<\/a><\/p>\n<p><a href=\"http:\/\/www.facebook.com\/bw.dgb\" target=\"_blank\" rel=\"noopener noreferrer\">www.facebook.com\/bw.dgb<\/a><\/p>\n<p>www.twitter.com\/dgb.bw<\/p>\n<p><strong>Mitglied in einer DGB Gewerkschaft werden:<\/strong><\/p>\n<p><a href=\"https:\/\/www.dgb.de\/service\/mitglied-werden\/index.html\" target=\"_blank\" rel=\"noopener noreferrer\">https:\/\/www.dgb.de\/service\/mitglied-werden\/index.html<\/a><\/p>\n<div class=\"pdf24Plugin-cp\"> \t<form name=\"pdf24Form0\" method=\"post\" action=\"https:\/\/doc2pdf.pdf24.org\/wordpress.php\" target=\"pdf24PopWin\" onsubmit=\"var pdf24Win = window.open('about:blank', 'pdf24PopWin', 'resizable=yes,scrollbars=yes,width=600,height=250,left='+(screen.width\/2-300)+',top='+(screen.height\/3-125)+''); pdf24Win.focus(); if(typeof pdf24OnCreatePDF === 'function'){void(pdf24OnCreatePDF(this,pdf24Win));}\"> \t\t<input type=\"hidden\" name=\"blogCharset\" value=\"Cw1x07UAAA==\" \/><input type=\"hidden\" name=\"blogPosts\" value=\"MwQA\" \/><input type=\"hidden\" name=\"blogUrl\" value=\"yygpKSi20tcvLy\/Xy8jPSM3LARK6pXnpqWmZOSWpRSV6KakA\" \/><input type=\"hidden\" name=\"blogName\" value=\"88jPSM3LARK6pXnpqWmZOSWpRSUA\" \/><input type=\"hidden\" name=\"blogValueEncoding\" value=\"gzdeflate base64\" \/><input type=\"hidden\" name=\"postId_0\" value=\"MzI1MDAEAA==\" \/><input type=\"hidden\" name=\"postTitle_0\" value=\"e9Qwx7W0KL8gUU\/BK7WkqkQhMSm1SKEoMzmjJDNd8VHDHIVHDZMVfBMzs0vzUtJTk0rz0hWMDAwtFTLzFIKTM8oPL0nKLE7OUPBIzMkBAA==\" \/><input type=\"hidden\" name=\"postLink_0\" value=\"yygpKSi20tcvLy\/Xy8jPSM3LARK6pXnpqWmZOSWpRSV6Kan69gW2RqYGBoYA\" \/><input type=\"hidden\" name=\"postAuthor_0\" value=\"S0zJzcwDAA==\" \/><input type=\"hidden\" name=\"postDateTime_0\" value=\"MzIwtNQ1MNE1MlcwMrIyMLEyMQcA\" \/><input type=\"hidden\" name=\"postContent_0\" value=\"nVbBchNHEL3nKzo+QZW0WhkcsMu4sGJbEGMnhQFX5ZKa1bZ2B+3OqGZmvZROHPIHuaYCB31DTpzYP+FL8mZ2pRI2ZQIXSTPT0\/263+se7c8P9q0zWmUHn97+c1wZPRcR\/cJu4UgkbMjISe5k9uOnt3\/3qBCVY0epsHSmndOUwiKVbF83y9zIjBWdCTmrVJpxUim\/TtnSEVfOTnKsxlyzmeG3mDoLi9TSnaPx6G5ER5I\/vj\/iUivAEU5qRVLRxSSvm2UicYOeiKKghDOpFLCVdCadq\/Uk79Ew8mFpOx7u9qgqaRhH92J6mRu60iZgPAQUVxmaNh+wMAlL5937o5HIVa6nPmrzjiM6F4jFUnFJn8GxiyqjtDI4Rcb0VCnGmUgd4dOEsmD7dJ17ADJcAZElPdF2Lp0oEIzujDW7nPtP4UK6yt2N9gcdDfuD+cEP+6CFy4NXGiDGIzrXJq0B3TkuQUq2P8Dh2rC7iArSGTCFQpfNB2vxLds6cTGv1MxDZZzeiDVio3JhUnrW\/DudFmx6Pmz\/OYqNxDOGz2YJxlC+3KBmKN11SD1aVKinQmFyUbiO+Q1m9uh2gVHOsnnn9uj\/5OGJY++rWcrW8DddSCdnXYZBT2T1QooiYHJsODgKlAN3xkZ6CgmErTZ6rVaCPBTn5abJ5u4a1SttjADVOTJRndhuRHvpl+EiYB3bLk8S1STfo7YgNVwzXTihUrBgW5lm6LUurE04lSprOwpyc46OqnKOrf4lO5f4rkpoUXe18CBQrayQnFqYC09HCcnPDc+apVknGTJTsGp7F+znyqO8lIYS4xH6iwz9vhBGThOpUq9s0J8JtejAByfClOjxKaP8CK3AvSuCN2\/8mlN00\/HL\/uegopWDNpSjmW87GhtWi67qmUB9nWTj6MTgIsBhEF1X\/kXLs6ETbfygMVCKj9u6v6H2I1jmGqkV+DBB6aeGpb1CEcGABY9WOkBImY4NOpROQSBB5M1SLVwQ8u0he2FEFs0SiZKFwElh+GRcIkGL0cUG8SZrnT5nZG\/nel4V0rou9fMwdUS3s3ZNiWS\/0dYKjNlWFZ\/e\/uWbZMx+0rEs2j4aGX4jXf8wwZgpy467sdHNuwSIhQL3bTSJvkYuhXfVqjnjBcvM9ajWOS5xUGVu\/AYr5Yfda1ZeNr0w+H5FL+fCU8Z16Jp2u\/lTZV4TfoJ8MH43NH1AbwqWdKpB9hwWQfP+yu8VHpCpa2FEdFiupojHA2A1xDkrBPCeQhuMgH63rWGrxaLgNnqlLII987D8QVdBO28HVK1h2KndCu\/kHLD8HEMHa5ALjfc2eCgr26PnwtrwM3hcMdcP1GEXhCJiBxjUdRBeiCzMggtMKbS4dM3StYHT7o2BxkPRPYxTrLLgfxPIlyOvAvfaAvoEurFnu3w3O+bSDxrjX6+pNmXIrBMAeHBi5vbWTYKuGPFCmhleSPRd\/3Jz2H9870emvvE+4wBbhR\/pNVK4j\/WD+zvb924YrsK84IKnWu1R\/GB3SLs78fZuvDo704nXcTx8ENPDneH9ON797Jp4s3nt3vbq8LiP4uOilcWVFFEtMmjtcZolUcorm4lM92QJ0uN4GM1V9jge\/nyyfRyfRA9\/Gu2ORofx9SHztB3jvkLXX2pB6J7po63cufneYFDXdaT881jxumJRG36L8F8hY\/do64+kEGq2RYaLR1tK6zkDJOEaT\/10MFsHt7jZH4hboyf1d8ZbX\/xahKmYcKL1LJroctDe+tZYX3CxGdWbuNq\/+SZYeFxJfZ2V1Yvi51qYKeH\/0ubfTIwrA\/1+hTbb5dVmP0DPXskJD8rOfb91MvAv25sod2XxLdl+V4B1Lf4D\" \/> \t\t<a href=\"https:\/\/www.pdf24.org\" target=\"_blank\" title=\"www.pdf24.org\" rel=\"nofollow\"><img src=\"https:\/\/www.hohenlohe-ungefiltert.de\/wp-content\/plugins\/pdf24-post-to-pdf\/img\/pdf_32x32.png\" alt=\"\" border=\"0\" height=\"32\" \/><\/a> \t\t<span class=\"pdf24Plugin-cp-space\">&nbsp;&nbsp;<\/span> \t\t<span class=\"pdf24Plugin-cp-text\">Sende Artikel als PDF<\/span> \t\t<span class=\"pdf24Plugin-cp-space\">&nbsp;&nbsp;<\/span> \t\t<input class=\"pdf24Plugin-cp-input\" style=\"margin: 0px;\" type=\"text\" name=\"sendEmailTo\" placeholder=\"Emailadresse\" \/> \t\t<input class=\"pdf24Plugin-cp-submit\" style=\"margin: 0px;\" type=\"submit\" value=\"Senden\" \/> \t<\/form> <\/div>","protected":false},"excerpt":{"rendered":"<p>\u201eEuropa. Jetzt aber richtig!\u201c, lautet das Motto der diesj\u00e4hrigen Maikundgebungen des Deutschen Gewerkschaftsbunds (DGB). Die\u00a0Demonstration in Schw\u00e4bisch Hall beginnt am Mittwoch, 1. Mai 2019, um 10.30 Uhr vor der Agentur f\u00fcr Arbeit in der Bahnhofstra\u00dfe. Nach einem Demonstrationszug durch die Innenstadt startet die Kundgebung um 11.30 Uhr im Hospitalhof (Goethe-Institut). Vom DGB Nordw\u00fcrttemberg Die Menschen [&hellip;]<\/p>\n","protected":false},"author":1,"featured_media":0,"comment_status":"open","ping_status":"open","sticky":false,"template":"","format":"standard","meta":[],"categories":[1,9,10,2,8,5,3],"tags":[],"_links":{"self":[{"href":"https:\/\/www.hohenlohe-ungefiltert.de\/index.php?rest_route=\/wp\/v2\/posts\/25001"}],"collection":[{"href":"https:\/\/www.hohenlohe-ungefiltert.de\/index.php?rest_route=\/wp\/v2\/posts"}],"about":[{"href":"https:\/\/www.hohenlohe-ungefiltert.de\/index.php?rest_route=\/wp\/v2\/types\/post"}],"author":[{"embeddable":true,"href":"https:\/\/www.hohenlohe-ungefiltert.de\/index.php?rest_route=\/wp\/v2\/users\/1"}],"replies":[{"embeddable":true,"href":"https:\/\/www.hohenlohe-ungefiltert.de\/index.php?rest_route=%2Fwp%2Fv2%2Fcomments&post=25001"}],"version-history":[{"count":7,"href":"https:\/\/www.hohenlohe-ungefiltert.de\/index.php?rest_route=\/wp\/v2\/posts\/25001\/revisions"}],"predecessor-version":[{"id":25027,"href":"https:\/\/www.hohenlohe-ungefiltert.de\/index.php?rest_route=\/wp\/v2\/posts\/25001\/revisions\/25027"}],"wp:attachment":[{"href":"https:\/\/www.hohenlohe-ungefiltert.de\/index.php?rest_route=%2Fwp%2Fv2%2Fmedia&parent=25001"}],"wp:term":[{"taxonomy":"category","embeddable":true,"href":"https:\/\/www.hohenlohe-ungefiltert.de\/index.php?rest_route=%2Fwp%2Fv2%2Fcategories&post=25001"},{"taxonomy":"post_tag","embeddable":true,"href":"https:\/\/www.hohenlohe-ungefiltert.de\/index.php?rest_route=%2Fwp%2Fv2%2Ftags&post=25001"}],"curies":[{"name":"wp","href":"https:\/\/api.w.org\/{rel}","templated":true}]}}