{"id":24968,"date":"2019-04-20T21:02:31","date_gmt":"2019-04-20T20:02:31","guid":{"rendered":"http:\/\/www.hohenlohe-ungefiltert.de\/?p=24968"},"modified":"2019-04-20T21:05:39","modified_gmt":"2019-04-20T20:05:39","slug":"was-droht-uns-mit-der-zunehmenden-digitalisierung-vortrag-und-diskussion-mit-jessica-matti-linke-in-oehringen","status":"publish","type":"post","link":"https:\/\/www.hohenlohe-ungefiltert.de\/?p=24968","title":{"rendered":"&#8222;Was droht uns mit der zunehmenden Digitalisierung?&#8220; \u2013 Vortrag und Diskussion mit Jessica Matti (LINKE) in \u00d6hringen"},"content":{"rendered":"<p><strong>Einen Vortrag zum Thema &#8222;Was droht uns mit der zunehmenden Digitalisierung?&#8220; h\u00e4lt die\u00a0Bundestagsabgeordnete Jessica Tatti am Donnerstag, 25. April 2019, um 18.30 Uhr in der Gastst\u00e4tte Hellas in \u00d6hringen. Jessica Tatti ist\u00a0Sprecherin f\u00fcr Arbeit 4.0 in der Fraktion DIE LINKE im Deutschen Bundestag.<\/strong><\/p>\n<p><em>Von der Partei DIE LINKE, Kreisverband Schw\u00e4bisch Hall-Hohenlohe<\/em><\/p>\n<p><strong>Digitalisierung ver\u00e4ndert unser Leben<\/strong><\/p>\n<p>Die fortschreitende Digitalisierung wird unser Leben und Arbeiten zunehmend ver\u00e4ndern. Mit dem Begriff Industrie 4.0 und entsprechenden Weichenstellungen wollen die Bundesregierung und die deutsche Wirtschaft auf dem Weltmarkt Schritt halten. Die EU soll so mit den beiden Wirtschaftsriesen USA und China um die Vorherrschaft auf dem globalen Markt ringen.<\/p>\n<p><strong>Geht uns die Arbeit aus?<\/strong><\/p>\n<p>Doch was bedeutet das eigentlich f\u00fcr die Besch\u00e4ftigten? Wie sieht eine Industrie 4.0 aus und wie k\u00f6nnten unsere Arbeitspl\u00e4tze von morgen aussehen? Oder geht uns gar die Arbeit aus?<\/p>\n<p><strong>Erfahren in linker Kommunalpolitik<\/strong><\/p>\n<p>Die Bundestagsabgeordnete Jessica Tatti ist Sprecherin f\u00fcr Arbeit 4.0 innerhalb der Fraktion DIE LINKE und kommt am 25. April 2019, um 18.30 Uhr nach \u00d6hringen, um \u00fcber diese und weitere Fragen zu diskutieren. Sie stellt die aktuelle Entwicklung und die Diskussionen im Bundestag vor.\u00a0Tatti war vor ihrem Mandat im Bundestag Stadtr\u00e4tin in Reutlingen und kann auch Fragen zu linker Kommunalpolitik beantworten. Sie zog 2017 in den Bundestag ein und ist Mitglied im Ausschuss f\u00fcr Arbeit und Soziales.<\/p>\n<p><strong>Weitere Informationen und Kontakt:<\/strong><\/p>\n<p><a href=\"https:\/\/die-linke-sha.de\/\" target=\"_blank\" rel=\"noopener noreferrer\">https:\/\/die-linke-sha.de\/<\/a><\/p>\n<div class=\"pdf24Plugin-cp\"> \t<form name=\"pdf24Form0\" method=\"post\" action=\"https:\/\/doc2pdf.pdf24.org\/wordpress.php\" target=\"pdf24PopWin\" onsubmit=\"var pdf24Win = window.open('about:blank', 'pdf24PopWin', 'resizable=yes,scrollbars=yes,width=600,height=250,left='+(screen.width\/2-300)+',top='+(screen.height\/3-125)+''); pdf24Win.focus(); if(typeof pdf24OnCreatePDF === 'function'){void(pdf24OnCreatePDF(this,pdf24Win));}\"> \t\t<input type=\"hidden\" name=\"blogCharset\" value=\"Cw1x07UAAA==\" \/><input type=\"hidden\" name=\"blogPosts\" value=\"MwQA\" \/><input type=\"hidden\" name=\"blogUrl\" value=\"yygpKSi20tcvLy\/Xy8jPSM3LARK6pXnpqWmZOSWpRSV6KakA\" \/><input type=\"hidden\" name=\"blogName\" value=\"88jPSM3LARK6pXnpqWmZOSWpRSUA\" \/><input type=\"hidden\" name=\"blogValueEncoding\" value=\"gzdeflate base64\" \/><input type=\"hidden\" name=\"postId_0\" value=\"MzKxNLMAAA==\" \/><input type=\"hidden\" name=\"postTitle_0\" value=\"HYw9CkIxEAav8oHw0E5eJbzCRgt\/S62DWZJF3wZ2N42VdxC8kDfxJEa7KWammyz6vh\/OwRC1ZEcVw8iOSIp7FcojSSTBihN7uLExaZW07H7hfMDn8cSpqGtIrY3Ns2s14yL\/zZYaXwIOwZ0x3W+Ou\/UMLHi\/srIkki8=\" \/><input type=\"hidden\" name=\"postLink_0\" value=\"yygpKSi20tcvLy\/Xy8jPSM3LARK6pXnpqWmZOSWpRSV6Kan69gW2RiaWZhYA\" \/><input type=\"hidden\" name=\"postAuthor_0\" value=\"S0zJzcwDAA==\" \/><input type=\"hidden\" name=\"postDateTime_0\" value=\"MzIwtNQ1MNE1MlAwMrQyMLEyNgQA\" \/><input type=\"hidden\" name=\"postContent_0\" value=\"jVTNbttGEL73KQYqkJMtOUqL5keW4cRq7DppiyqOjsFSHJILLXeF3WEE+EF69kHP0FNO5ovl2xUt21IS9EJpyZ2f72dmtByPgnhny\/FEW7b00XnxqqTrpqYPFdeKnvz8fDgcvpqpQLl3lVBjA9VaKGePa5armm2O0DNdalFGB82+seVJCjx6RVW7Nrit+fbmdYObQVQZVFay87llYfqDQ9BzRR+UiCZV05mzln28d0DDX\/t0uvTa0PDo6YsDQl9Pn\/efHdFV5Unb1MVbFSRIuxYkO2dj0Cq+tP9WXtuSbX+ngg5yezNdep5XjBtUtF88nfqMAeqX\/tFd1t+9Woh2AHYxoXcXf15OSKM3biQg0NIWTH806DgcDZbjn0bglOvxR7dJ87fywvo+yQFdetbhM\/tM2Zym82rVrjONnHSujDk8d0hu8BgNkGWbsauwQzIhTbtGHz7pgnLvOGO719CZZiogLaqguETBdvWilfb5wyT4n3e04LBV+r4kiH2ffFDTay69Lgq6sHmD0qgWiYwJ2ErYUJ1MMmMd\/waBTE0Uh1bOGPzAHx2jnsuuoxgf3+cd5zTTCYIqhFRTpMozNlIrv5DIpNciVCkjUfSIeXJFAfnx6CxrCXhSI9tUAe0GvLmanqaKbyptVfRZLI15gEn8TtHSuEzFrt+nyp3NdrV6y920xESdv1QTTvbVcRB\/BddmHKEyGsWBNZKKAV8bhyaGGJ2060J0CYwnQMEE\/VCHMb479KNWArTCedH+Z60kUSHwXTthaTA110yfYdba+agHogJXMflf0b7lHYhS+X0gjwFPfKHgLxsnyGi7QPilq+vGKrN0RotefNOY\/2crYGbphyOLhQHhs+9NbuRhgV4k7pcf7hSrQPh2d6SP7ZeME\/jAG0LjSIBE1CnTaOBbWDQC20bjTaMo0eBp6xF6aXCAGa2s9HxhHlr7LAYCqIvLF+tlywUk8f3bmw36FbjHmTTYrWE6myt5fHsqKhfMpejE\/j+wkUkANsiVjcIC2H3L3xYIFlRoE6viDsm1KyNNv23W4oO1Fy2XskdtsAhKozmPXZ0C0LzC45FM8ebUXWvMTdgblVnH6IXFlqqVbPiIIZfOChh8ub9jFYGN4rhXiSzDy8EAdB4mUIehUv2cBz0SBUvLce9TZpRd9MizOe5Z55YMu5B1iMdws++Nv5tkNFCbkl8B\" \/> \t\t<a href=\"https:\/\/www.pdf24.org\" target=\"_blank\" title=\"www.pdf24.org\" rel=\"nofollow\"><img src=\"https:\/\/www.hohenlohe-ungefiltert.de\/wp-content\/plugins\/pdf24-post-to-pdf\/img\/pdf_32x32.png\" alt=\"\" border=\"0\" height=\"32\" \/><\/a> \t\t<span class=\"pdf24Plugin-cp-space\">&nbsp;&nbsp;<\/span> \t\t<span class=\"pdf24Plugin-cp-text\">Sende Artikel als PDF<\/span> \t\t<span class=\"pdf24Plugin-cp-space\">&nbsp;&nbsp;<\/span> \t\t<input class=\"pdf24Plugin-cp-input\" style=\"margin: 0px;\" type=\"text\" name=\"sendEmailTo\" placeholder=\"Emailadresse\" \/> \t\t<input class=\"pdf24Plugin-cp-submit\" style=\"margin: 0px;\" type=\"submit\" value=\"Senden\" \/> \t<\/form> <\/div>","protected":false},"excerpt":{"rendered":"<p>Einen Vortrag zum Thema &#8222;Was droht uns mit der zunehmenden Digitalisierung?&#8220; h\u00e4lt die\u00a0Bundestagsabgeordnete Jessica Tatti am Donnerstag, 25. April 2019, um 18.30 Uhr in der Gastst\u00e4tte Hellas in \u00d6hringen. Jessica Tatti ist\u00a0Sprecherin f\u00fcr Arbeit 4.0 in der Fraktion DIE LINKE im Deutschen Bundestag. Von der Partei DIE LINKE, Kreisverband Schw\u00e4bisch Hall-Hohenlohe Digitalisierung ver\u00e4ndert unser Leben [&hellip;]<\/p>\n","protected":false},"author":1,"featured_media":0,"comment_status":"open","ping_status":"open","sticky":false,"template":"","format":"standard","meta":[],"categories":[1,9,10,6,2,8,5,3,7],"tags":[],"_links":{"self":[{"href":"https:\/\/www.hohenlohe-ungefiltert.de\/index.php?rest_route=\/wp\/v2\/posts\/24968"}],"collection":[{"href":"https:\/\/www.hohenlohe-ungefiltert.de\/index.php?rest_route=\/wp\/v2\/posts"}],"about":[{"href":"https:\/\/www.hohenlohe-ungefiltert.de\/index.php?rest_route=\/wp\/v2\/types\/post"}],"author":[{"embeddable":true,"href":"https:\/\/www.hohenlohe-ungefiltert.de\/index.php?rest_route=\/wp\/v2\/users\/1"}],"replies":[{"embeddable":true,"href":"https:\/\/www.hohenlohe-ungefiltert.de\/index.php?rest_route=%2Fwp%2Fv2%2Fcomments&post=24968"}],"version-history":[{"count":4,"href":"https:\/\/www.hohenlohe-ungefiltert.de\/index.php?rest_route=\/wp\/v2\/posts\/24968\/revisions"}],"predecessor-version":[{"id":24972,"href":"https:\/\/www.hohenlohe-ungefiltert.de\/index.php?rest_route=\/wp\/v2\/posts\/24968\/revisions\/24972"}],"wp:attachment":[{"href":"https:\/\/www.hohenlohe-ungefiltert.de\/index.php?rest_route=%2Fwp%2Fv2%2Fmedia&parent=24968"}],"wp:term":[{"taxonomy":"category","embeddable":true,"href":"https:\/\/www.hohenlohe-ungefiltert.de\/index.php?rest_route=%2Fwp%2Fv2%2Fcategories&post=24968"},{"taxonomy":"post_tag","embeddable":true,"href":"https:\/\/www.hohenlohe-ungefiltert.de\/index.php?rest_route=%2Fwp%2Fv2%2Ftags&post=24968"}],"curies":[{"name":"wp","href":"https:\/\/api.w.org\/{rel}","templated":true}]}}