{"id":24966,"date":"2019-04-20T20:53:16","date_gmt":"2019-04-20T19:53:16","guid":{"rendered":"http:\/\/www.hohenlohe-ungefiltert.de\/?p=24966"},"modified":"2019-04-20T20:53:16","modified_gmt":"2019-04-20T19:53:16","slug":"solidaritaet-der-vielen-statt-herrschaft-der-wenigen-matinee-mit-linken-chef-bernd-riexinger-in-schwaebisch-hall","status":"publish","type":"post","link":"https:\/\/www.hohenlohe-ungefiltert.de\/?p=24966","title":{"rendered":"&#8222;Solidarit\u00e4t der Vielen, statt Herrschaft der Wenigen&#8220; \u2013 Matinee mit LINKEN-Chef Bernd Riexinger in Schw\u00e4bisch Hall"},"content":{"rendered":"<p><strong>Zur Matinee mit Parteichef Bernd Riexinger zum Thema &#8222;Solidarit\u00e4t der Vielen, statt Herrschaft der Wenigen&#8220; l\u00e4dt die Partei DIE LINKE am Sonntag, 28. April 2019, um 11 Uhr ins Parteib\u00fcro der LINKEN,\u00a0Lange Stra\u00dfe 36, in Schw\u00e4bisch Hall ein.<\/strong><\/p>\n<p><em>Von Heidi Scharf, Partei DIE LINKE<\/em><\/p>\n<p><strong>Auch Mitglied des Bundestags<\/strong><\/p>\n<p>Zu dieser Veranstaltung sind alle interessierten Menschen eingeladen. Bernd Riexinger ist Parteivorsitzender der LINKEN und Mitglied des Bundestags.<\/p>\n<p><strong>F\u00fcr einen europ\u00e4ischen Mindestlohn<\/strong><\/p>\n<p>Unter dem Titel \u201eSolidarit\u00e4t der Vielen, statt Herrschaft der Wenigen\u201c zeigt Bernd Riexinger in Schw\u00e4bisch Hall auf, dass die LINKE f\u00fcr Europa steht aber mit einem sozialen Anspruch. Die LINKE will soziale Standards setzen. So soll es zum Beispiel einen europ\u00e4ischen Mindestlohn und f\u00fcr jeden Menschen eine Arbeitslosenversicherung geben.<\/p>\n<p><strong>F\u00fcr ein Europa der Menschen<\/strong><\/p>\n<p>Es soll ein Europa der Menschen werden und nicht weiter das Europa der Gro\u00dfkonzerne und Lobbyisten sein.\u00a0Die deutsche Wirtschaft soll um jeden Preis auf dem Weltmarkt Schritt halten. Die EU soll so mit den beiden Wirtschaftsriesen USA und China um die Vorherrschaft auf dem globalen Markt ringen. Doch was bedeutet das f\u00fcr die Menschen in den europ\u00e4ischen L\u00e4ndern?<\/p>\n<p>Bernd Riexinger ist seit der Bundestagswahl 2017 Mitglied im Bundestag und seit 2012 neben Katja Kipping Parteivorsitzender der LINKEN.<\/p>\n<p><strong>Weitere Informationen und Kontakt:<\/strong><\/p>\n<p><a href=\"https:\/\/die-linke-sha.de\/\" target=\"_blank\" rel=\"noopener noreferrer\">https:\/\/die-linke-sha.de\/<\/a><\/p>\n<div class=\"pdf24Plugin-cp\"> \t<form name=\"pdf24Form0\" method=\"post\" action=\"https:\/\/doc2pdf.pdf24.org\/wordpress.php\" target=\"pdf24PopWin\" onsubmit=\"var pdf24Win = window.open('about:blank', 'pdf24PopWin', 'resizable=yes,scrollbars=yes,width=600,height=250,left='+(screen.width\/2-300)+',top='+(screen.height\/3-125)+''); pdf24Win.focus(); if(typeof pdf24OnCreatePDF === 'function'){void(pdf24OnCreatePDF(this,pdf24Win));}\"> \t\t<input type=\"hidden\" name=\"blogCharset\" value=\"Cw1x07UAAA==\" \/><input type=\"hidden\" name=\"blogPosts\" value=\"MwQA\" \/><input type=\"hidden\" name=\"blogUrl\" value=\"yygpKSi20tcvLy\/Xy8jPSM3LARK6pXnpqWmZOSWpRSV6KakA\" \/><input type=\"hidden\" name=\"blogName\" value=\"88jPSM3LARK6pXnpqWmZOSWpRSUA\" \/><input type=\"hidden\" name=\"blogValueEncoding\" value=\"gzdeflate base64\" \/><input type=\"hidden\" name=\"postId_0\" value=\"MzKxNDMDAA==\" \/><input type=\"hidden\" name=\"postTitle_0\" value=\"U1O2MDIysg7Oz8lMSSzKLDm8pEQhJbVIISwzNSc1T0ehuCSxpETBI7WoqDg5IzENIhmempeZnpqnBtJrYK3wqGGygm9iSWZeaqpCbmaJgo+nn7ern65zRmqaglNqUV6KQlBmakVmXjpQa2aeQnByRvnhJUmZQAMVPBJzcgA=\" \/><input type=\"hidden\" name=\"postLink_0\" value=\"yygpKSi20tcvLy\/Xy8jPSM3LARK6pXnpqWmZOSWpRSV6Kan69gW2RiaWZmYA\" \/><input type=\"hidden\" name=\"postAuthor_0\" value=\"S0zJzcwDAA==\" \/><input type=\"hidden\" name=\"postDateTime_0\" value=\"MzIwtNQ1MNE1MlAwMrAyMLEyNAMA\" \/><input type=\"hidden\" name=\"postContent_0\" value=\"nVXBjhNHEL3nK0qOlJOxWSMlBLyOvGDCatcIxdldiQvq2SnPFO6pHnX3YPCJD4kCB39GTvhP+JJUte01YnYTiZMtT1W9V++9Gg\/r0TBE77gYvWo8TE0kRoSKIrw0PiJdlziHE\/Scwx+E74gL9LBqKvizxMrATz8+HAwGj2fOUm48xc06Qi4Vl4QWuQshmhjhOXofrksz3z68QqYCOfXefwx2s87lAeEOEp6eTuD89MXZBEwFM8ccTdGFwcMejGtPFgb3j37tgnA4OoKL0gNx2LVmm3+8Sxip\/0X386dzI5RhFr3ZfER48HNXymF2XS4364yEFDw31gIS94b9nRLDfj36YSjKYDW6dCz0KSftMX7ebZEc9qXspmU3YtzI5CnFwhLmQijAScPyIZuEFs6rRrcPKht6w1JkY8MFBBLVhR0K5YgeQyAUbIYpsjCXL6h+WJMj91omUdh7+Nb5QHGFrMIcxAFhdBfH3rcLPRNlFU5BG+\/qzZq2FKaUeqwrubXYhdKWyZIWimjhy4e\/vyspXz78BSukIraXvMVL04hLuQkhZWobpLnSnyhxI0hYRjCZtGvOdakKgluRESIw5lB7ca8HT2+6lyRjdxUSJcOyQR4goIrak4jKQw1RSJdxghRq2er\/5Er6J2JvMP\/GVYSxz5BisC4gv0UxUB55TUWBGfKd\/uyXVPX2A1u+TMKO8O31sESvhJQfC26UHyg5acLX9b97t\/m4cLwSUzBVn7ssey\/Bk+agJ\/X5k4qYYxN1MFyRjzt3E76ItV39pRfN1LgUliu0sTJ+EdVbiUqEUi5CldZpk4ttc3DJPm0XpfTjMD54vSeGi9k48XpSEhuF00RcOl8eYrYHLazLUgCmCdlrvhTRSayWsneGugbGJEJyTWfdSCZK5i2zzzdrvTn+bS\/8bTcqQm3Dfri+pSnTW+6Xw3lSdXieVkptUjMA1kDAmYlvDJxRXcvo\/z78Vniukr0Ipzx3vpL\/AMc7+8+cvHwX8VH73Wig9Dg\/7pQx1uFRvy9q3LPEC7wXStPLsd+BaHyB8bjzOrOGFx3waI877FyNLFzYSb\/4gL4zunPIsG+2kP8C\" \/> \t\t<a href=\"https:\/\/www.pdf24.org\" target=\"_blank\" title=\"www.pdf24.org\" rel=\"nofollow\"><img src=\"https:\/\/www.hohenlohe-ungefiltert.de\/wp-content\/plugins\/pdf24-post-to-pdf\/img\/pdf_32x32.png\" alt=\"\" border=\"0\" height=\"32\" \/><\/a> \t\t<span class=\"pdf24Plugin-cp-space\">&nbsp;&nbsp;<\/span> \t\t<span class=\"pdf24Plugin-cp-text\">Sende Artikel als PDF<\/span> \t\t<span class=\"pdf24Plugin-cp-space\">&nbsp;&nbsp;<\/span> \t\t<input class=\"pdf24Plugin-cp-input\" style=\"margin: 0px;\" type=\"text\" name=\"sendEmailTo\" placeholder=\"Emailadresse\" \/> \t\t<input class=\"pdf24Plugin-cp-submit\" style=\"margin: 0px;\" type=\"submit\" value=\"Senden\" \/> \t<\/form> <\/div>","protected":false},"excerpt":{"rendered":"<p>Zur Matinee mit Parteichef Bernd Riexinger zum Thema &#8222;Solidarit\u00e4t der Vielen, statt Herrschaft der Wenigen&#8220; l\u00e4dt die Partei DIE LINKE am Sonntag, 28. April 2019, um 11 Uhr ins Parteib\u00fcro der LINKEN,\u00a0Lange Stra\u00dfe 36, in Schw\u00e4bisch Hall ein. Von Heidi Scharf, Partei DIE LINKE Auch Mitglied des Bundestags Zu dieser Veranstaltung sind alle interessierten Menschen [&hellip;]<\/p>\n","protected":false},"author":1,"featured_media":0,"comment_status":"open","ping_status":"open","sticky":false,"template":"","format":"standard","meta":[],"categories":[1,9,2,8,4,5,3],"tags":[],"_links":{"self":[{"href":"https:\/\/www.hohenlohe-ungefiltert.de\/index.php?rest_route=\/wp\/v2\/posts\/24966"}],"collection":[{"href":"https:\/\/www.hohenlohe-ungefiltert.de\/index.php?rest_route=\/wp\/v2\/posts"}],"about":[{"href":"https:\/\/www.hohenlohe-ungefiltert.de\/index.php?rest_route=\/wp\/v2\/types\/post"}],"author":[{"embeddable":true,"href":"https:\/\/www.hohenlohe-ungefiltert.de\/index.php?rest_route=\/wp\/v2\/users\/1"}],"replies":[{"embeddable":true,"href":"https:\/\/www.hohenlohe-ungefiltert.de\/index.php?rest_route=%2Fwp%2Fv2%2Fcomments&post=24966"}],"version-history":[{"count":1,"href":"https:\/\/www.hohenlohe-ungefiltert.de\/index.php?rest_route=\/wp\/v2\/posts\/24966\/revisions"}],"predecessor-version":[{"id":24967,"href":"https:\/\/www.hohenlohe-ungefiltert.de\/index.php?rest_route=\/wp\/v2\/posts\/24966\/revisions\/24967"}],"wp:attachment":[{"href":"https:\/\/www.hohenlohe-ungefiltert.de\/index.php?rest_route=%2Fwp%2Fv2%2Fmedia&parent=24966"}],"wp:term":[{"taxonomy":"category","embeddable":true,"href":"https:\/\/www.hohenlohe-ungefiltert.de\/index.php?rest_route=%2Fwp%2Fv2%2Fcategories&post=24966"},{"taxonomy":"post_tag","embeddable":true,"href":"https:\/\/www.hohenlohe-ungefiltert.de\/index.php?rest_route=%2Fwp%2Fv2%2Ftags&post=24966"}],"curies":[{"name":"wp","href":"https:\/\/api.w.org\/{rel}","templated":true}]}}