{"id":24945,"date":"2019-04-14T21:42:07","date_gmt":"2019-04-14T20:42:07","guid":{"rendered":"http:\/\/www.hohenlohe-ungefiltert.de\/?p=24945"},"modified":"2019-04-14T21:44:31","modified_gmt":"2019-04-14T20:44:31","slug":"fuer-eine-friedliche-und-solidarische-welt-ohne-militaer-ruestungsindustrie-und-abschiebungen-gemeinsame-fahrt-ab-hessental-zum-ostermarsch-2019-in-stuttgart","status":"publish","type":"post","link":"https:\/\/www.hohenlohe-ungefiltert.de\/?p=24945","title":{"rendered":"&#8222;F\u00fcr eine friedliche und solidarische Welt ohne Milit\u00e4r, R\u00fcstungsindustrie und Abschiebungen&#8220; \u2013 Gemeinsame Fahrt ab Hessental zum Ostermarsch 2019 in Stuttgart"},"content":{"rendered":"<p><strong>Zur Teilnahme am Ostermarsch 2019 in Stuttgart ruft die Gewerkschaft Ver.di, Ortsverein Schw\u00e4bisch Hall, auf. Dieser Friedensmarsch findet am Samstag, 20. April 2019, statt. Er beginnt um &#8222;Zwei vor Zw\u00f6lf&#8220; in der Lautenschlagerstra\u00dfe, gegen\u00fcber des Stuttgarter Hauptbahnhofs. Treffpunkt f\u00fcr Fahrgemeinschaften ist um 9.45 Uhr Uhr am<\/strong>\u00a0<strong>Fahrkartenschalter am Bahnhof in Schw\u00e4bisch Hall-Hessental.<\/strong><\/p>\n<p><em>Von Jochen D\u00fcrr,\u00a0Vorsitzender Ver.di-Ortsverein Schw\u00e4bisch Hall<\/em><\/p>\n<p><strong>Folgendes Programm ist geplant:<\/strong><\/p>\n<p>Begr\u00fc\u00dfung durch OTKMS (Offenes Treffen gegen Militarisierung und Krieg Stuttgart), Heike H\u00e4nsel (MdB, Kultur des Friedens), Alexander Klei\u00df (Informationsstelle Militarisierung T\u00fcbingen)<\/p>\n<p><strong>12.30 Uhr:<\/strong> Ostermarsch durch Stuttgart<\/p>\n<p><strong>13.30 Uhr:<\/strong> Gedenkort Hotel Silber, Zwischenkundgebung mit Elke Barnabak (Initiative Hotel Silber)<\/p>\n<p><strong>14 Uhr:<\/strong> Abschlusskundgebung in der Innenstadt mit Anne Rieger (Bundesausschuss Friedensratschlag), Jordana Vogiatzi (IG Metall),\u00a0Joachim Schlecht (Pfarrer, AK Asyl), Claudia Haydt (Informationstelle Militarisierung T\u00fcbingen).<\/p>\n<p><strong>Weitere Informationen und Kontakt:<\/strong><\/p>\n<p><a href=\"http:\/\/www.friedensnetz.de\" target=\"_blank\" rel=\"noopener noreferrer\">www.friedensnetz.de<\/a><\/p>\n<p><strong>Flyer zu den Osterm\u00e4rschen 2019 in Baden-W\u00fcrttemberg zum Herunterladen als PDF-Datei:<\/strong><\/p>\n<p><a href=\"https:\/\/www.hohenlohe-ungefiltert.de\/wp-content\/uploads\/2019\/04\/Flyer_Ostermarsch_2019_web.pdf\">Flyer_Ostermarsch_2019_web<\/a><\/p>\n<div class=\"pdf24Plugin-cp\"> \t<form name=\"pdf24Form0\" method=\"post\" action=\"https:\/\/doc2pdf.pdf24.org\/wordpress.php\" target=\"pdf24PopWin\" onsubmit=\"var pdf24Win = window.open('about:blank', 'pdf24PopWin', 'resizable=yes,scrollbars=yes,width=600,height=250,left='+(screen.width\/2-300)+',top='+(screen.height\/3-125)+''); pdf24Win.focus(); if(typeof pdf24OnCreatePDF === 'function'){void(pdf24OnCreatePDF(this,pdf24Win));}\"> \t\t<input type=\"hidden\" name=\"blogCharset\" value=\"Cw1x07UAAA==\" \/><input type=\"hidden\" name=\"blogPosts\" value=\"MwQA\" \/><input type=\"hidden\" name=\"blogUrl\" value=\"yygpKSi20tcvLy\/Xy8jPSM3LARK6pXnpqWmZOSWpRSV6KakA\" \/><input type=\"hidden\" name=\"blogName\" value=\"88jPSM3LARK6pXnpqWmZOSWpRSUA\" \/><input type=\"hidden\" name=\"blogValueEncoding\" value=\"gzdeflate base64\" \/><input type=\"hidden\" name=\"postId_0\" value=\"MzKxNDEFAA==\" \/><input type=\"hidden\" name=\"postTitle_0\" value=\"HY0xDsIwEAS\/shJSKorgCpSKJtAgJCioHXwkJ9mO5Ds3VPyBL\/CMdPkJL8Gh3d3ZqVZbY0zTzlMCcSQ8EpPzfB8IOTrI6NnZxLIEN\/KKcSirE3vW+ZPWuMyTaI69cHRZtNB\/bt8VgqkrDcVqkdQNvq83DhSKR2wgtHZICtvhSCIU1Xo8c8BZlFKwqRzA1JsdOOKqWbW3SX8=\" \/><input type=\"hidden\" name=\"postLink_0\" value=\"yygpKSi20tcvLy\/Xy8jPSM3LARK6pXnpqWmZOSWpRSV6Kan69gW2RiaWJqYA\" \/><input type=\"hidden\" name=\"postAuthor_0\" value=\"S0zJzcwDAA==\" \/><input type=\"hidden\" name=\"postDateTime_0\" value=\"MzIwtNQ1MNE1NFEwMrQyMLEyMAcA\" \/><input type=\"hidden\" name=\"postContent_0\" value=\"hVTbbttGEH3vVwxUoJABinQUF2gSWYBUJ1asGg5q1wH8YgzFIbnQcpfYi1n7Z5wHf0Of\/BT+WGcpWb7IbR5EQNydOefMOcNRPR5ZZ7QqxhfewBkJqbCsCLCCE+vIVGjsooTh7pt3IBScOu9cgcaB8bmDTBAcUkNmyZeQX5yTiTMRwYlx9ooMhZJF2bR3qQhtZihlBOjzGA4EWTLwyQjKSNk1Ti5URi6gn2JlHRYRQ8cwqY2QHYkI+K1zMXw0kFIhlHLgK\/jl59+Gw+GHi4YEXGkDF037j8y7t7sfAvGMsf5A7xhqUUosyLBsbG8pgoIKUu19yjcyso8S+f8Mfe1SLFWpcxvDmaE8r71aOsjbeyaPpSmoYpUr+aRA2I7Pu3jvV\/irNN0Pq1GyHvL3bw\/jDrXLgNLVyoDGqqcrLHhlboMZWUvKoYw37UZJPf5pxB5SNT7XCo70omQSB0zORN+\/nWtjhbshFdSvrBn8jzOjhNtsWj7w1LIIDSx8MbowWFWdxoJqicq936IypcK09+2tVwVk3nDrk7P58Sn0T\/KcFLfphsgku7HDsZDCoRFWkAklXmUw50wUjz7sRDAjsSSYtXfKkoT+cTaNYO6l8yvLHkLENyeS\/sZO71ySaG+h\/1nlmmPshFaWEy0lbYGesftCMZ2dl+rfDOO3u8HER6HP9mKlcEN1q\/ztdvlhoLrUvEIzzXTgVEiOXsSRDUbwEY+goDTwqoSDj5KVT9EoTHEZ1AgnWMwVPSvfJr73AnaShuB7a5\/0X+\/FZ6V4eA4z1yFO+C\/8yRbwUX\/qg\/fIdYuSH5tRG3SrReKZH2mToUI41wVTuxHM8hCOiZMqdziFRxoXpahC3CQtSgf9LzkaEzRP5jCx13wLfpfoM4Gcw2um8cy0H3kWv9T+lQQ7RPCkCSetS5bm\/Vm+ktoRQsm53O+VztXvk6RpmjhfS1XkbuKMesDwBbn93mXK0V\/2wJDc7ymta861AaW5AQVdvfEr5aMEt3dLXnPhjWcX1DpW7Z3pUrD54k6RDwdfeaOdo4qtLrig4o3gKXCBDMeAktfz4NPgAB2JH6iza3mlZhjJjwGPk3IRPkGOiSZNPVjwnPhTk\/haasxsEsgku3tJR\/jyyQJchpPLhtK4zvLe+L\/PN\/L\/BQ==\" \/> \t\t<a href=\"https:\/\/www.pdf24.org\" target=\"_blank\" title=\"www.pdf24.org\" rel=\"nofollow\"><img src=\"https:\/\/www.hohenlohe-ungefiltert.de\/wp-content\/plugins\/pdf24-post-to-pdf\/img\/pdf_32x32.png\" alt=\"\" border=\"0\" height=\"32\" \/><\/a> \t\t<span class=\"pdf24Plugin-cp-space\">&nbsp;&nbsp;<\/span> \t\t<span class=\"pdf24Plugin-cp-text\">Sende Artikel als PDF<\/span> \t\t<span class=\"pdf24Plugin-cp-space\">&nbsp;&nbsp;<\/span> \t\t<input class=\"pdf24Plugin-cp-input\" style=\"margin: 0px;\" type=\"text\" name=\"sendEmailTo\" placeholder=\"Emailadresse\" \/> \t\t<input class=\"pdf24Plugin-cp-submit\" style=\"margin: 0px;\" type=\"submit\" value=\"Senden\" \/> \t<\/form> <\/div>","protected":false},"excerpt":{"rendered":"<p>Zur Teilnahme am Ostermarsch 2019 in Stuttgart ruft die Gewerkschaft Ver.di, Ortsverein Schw\u00e4bisch Hall, auf. Dieser Friedensmarsch findet am Samstag, 20. April 2019, statt. Er beginnt um &#8222;Zwei vor Zw\u00f6lf&#8220; in der Lautenschlagerstra\u00dfe, gegen\u00fcber des Stuttgarter Hauptbahnhofs. Treffpunkt f\u00fcr Fahrgemeinschaften ist um 9.45 Uhr Uhr am\u00a0Fahrkartenschalter am Bahnhof in Schw\u00e4bisch Hall-Hessental. Von Jochen D\u00fcrr,\u00a0Vorsitzender Ver.di-Ortsverein [&hellip;]<\/p>\n","protected":false},"author":1,"featured_media":0,"comment_status":"open","ping_status":"open","sticky":false,"template":"","format":"standard","meta":[],"categories":[1,9,10,6,2,8,4,5,3,7],"tags":[],"_links":{"self":[{"href":"https:\/\/www.hohenlohe-ungefiltert.de\/index.php?rest_route=\/wp\/v2\/posts\/24945"}],"collection":[{"href":"https:\/\/www.hohenlohe-ungefiltert.de\/index.php?rest_route=\/wp\/v2\/posts"}],"about":[{"href":"https:\/\/www.hohenlohe-ungefiltert.de\/index.php?rest_route=\/wp\/v2\/types\/post"}],"author":[{"embeddable":true,"href":"https:\/\/www.hohenlohe-ungefiltert.de\/index.php?rest_route=\/wp\/v2\/users\/1"}],"replies":[{"embeddable":true,"href":"https:\/\/www.hohenlohe-ungefiltert.de\/index.php?rest_route=%2Fwp%2Fv2%2Fcomments&post=24945"}],"version-history":[{"count":5,"href":"https:\/\/www.hohenlohe-ungefiltert.de\/index.php?rest_route=\/wp\/v2\/posts\/24945\/revisions"}],"predecessor-version":[{"id":24951,"href":"https:\/\/www.hohenlohe-ungefiltert.de\/index.php?rest_route=\/wp\/v2\/posts\/24945\/revisions\/24951"}],"wp:attachment":[{"href":"https:\/\/www.hohenlohe-ungefiltert.de\/index.php?rest_route=%2Fwp%2Fv2%2Fmedia&parent=24945"}],"wp:term":[{"taxonomy":"category","embeddable":true,"href":"https:\/\/www.hohenlohe-ungefiltert.de\/index.php?rest_route=%2Fwp%2Fv2%2Fcategories&post=24945"},{"taxonomy":"post_tag","embeddable":true,"href":"https:\/\/www.hohenlohe-ungefiltert.de\/index.php?rest_route=%2Fwp%2Fv2%2Ftags&post=24945"}],"curies":[{"name":"wp","href":"https:\/\/api.w.org\/{rel}","templated":true}]}}