{"id":24908,"date":"2019-04-11T20:38:20","date_gmt":"2019-04-11T19:38:20","guid":{"rendered":"http:\/\/www.hohenlohe-ungefiltert.de\/?p=24908"},"modified":"2019-04-11T20:38:31","modified_gmt":"2019-04-11T19:38:31","slug":"ein-europa-fuer-alle-deine-stimme-gegen-nationalismus-demonstration-in-stuttgart-und-sieben-weiteren-staedten-in-deutschland","status":"publish","type":"post","link":"https:\/\/www.hohenlohe-ungefiltert.de\/?p=24908","title":{"rendered":"\u201eEin Europa f\u00fcr Alle \u2013 Deine Stimme gegen Nationalismus\u201c \u2013 Demonstration in Stuttgart und sieben weiteren St\u00e4dten in Deutschland"},"content":{"rendered":"<p><strong>Ein zivilgesellschaftliches B\u00fcndnis aus mehr als 60 Organisationen und Initiativen plant f\u00fcr den 19. Mai 2019 Gro\u00dfdemonstrationen in sieben St\u00e4dten Deutschlands. Das Motto lautet\u00a0\u201eEin Europa f\u00fcr Alle \u2013 Deine Stimme gegen Nationalismus!\u201c Die Auftaktkundgebung\u00a0in Stuttgart\u00a0beginnt um 13 Uhr auf dem Arnulf-Klett-Platz direkt vor dem Hauptbahnhof.<\/strong><\/p>\n<p><em>Von den Organisatorinnen und Organisatoren<\/em><\/p>\n<p><strong>F\u00fcr eine EU der Menschenrechte<\/strong><\/p>\n<p>Eine Woche vor der Europawahl wollen Zehntausende Menschen unter dem Motto \u201eEin Europa f\u00fcr Alle \u2013 Deine Stimme gegen Nationalismus!\u201c f\u00fcr eine EU der Menschenrechte, Demokratie, sozialen Gerechtigkeit und des \u00f6kologischen Wandels auf die Stra\u00dfe gehen.<\/p>\n<p><strong>Vormarsch der Nationalisten verhindern<\/strong><\/p>\n<p>Die Europawahl am 26. Mai 2019 sei eine Richtungsentscheidung \u00fcber die Zukunft der Europ\u00e4ischen Union, hei\u00dft es im Aufruf des B\u00fcndnisses. Denn Nationalisten und Rechtsextreme hofften darauf, mit weit mehr Abgeordneten als bisher ins Europaparlament einzuziehen. Alle seien gefragt, den Vormarsch der Nationalisten zu verhindern, so das B\u00fcndnis.<\/p>\n<p><strong>Demos auch in anderen europ\u00e4ischen L\u00e4ndern<\/strong><\/p>\n<p>Die Demonstrationen in Berlin, Frankfurt, Hamburg, Leipzig, K\u00f6ln, M\u00fcnchen und Stuttgart werben deshalb f\u00fcr eine hohe Wahlbeteiligung demokratisch gesinnter B\u00fcrgerinnen und B\u00fcrger. Zeitgleich werden in mehreren europ\u00e4ischen L\u00e4ndern Demonstrationen zum selben Thema stattfinden.<\/p>\n<p><strong>Europa geh\u00f6rt die Zukunft, Nationalismus die Vergangenheit<\/strong><\/p>\n<p>\u201eDem Rassismus der Rechten stellen wir uns vor der Europawahl entgegen. Mit Zehntausenden sagen wir: Europa geh\u00f6rt die Zukunft, Nationalismus die Vergangenheit\u201c, sagt Christoph Bautz, gesch\u00e4ftsf\u00fchrender Vorstand von Campact. \u201eWir lassen uns nicht spalten, sondern streiten gemeinsam f\u00fcr unser Europa \u2013 ein Europa der Menschenrechte und der Demokratie.\u201c<\/p>\n<p><strong>Recht auf Asyl<\/strong><\/p>\n<p>\u201eWir wollen eine EU der Menschenrechte. Statt die Festung Europa immer weiter auszubauen, brauchen wir sichere Fluchtwege und ein Recht auf Asyl\u201c, sagt Laura Kettel, Aktivistinder internationalen Bewegung Seebr\u00fccke. \u201eWir stehen f\u00fcr ein Europa der Vielfalt und Solidarit\u00e4t.\u201c<\/p>\n<p><strong>Der Mensch muss im Mittelpunkt stehen<\/strong><\/p>\n<p>Ein vereintes Europa m\u00fcsse sich auch gemeinsamen sozialpolitischen Zielen verschreiben. \u201eWir brauchen eine positive Vision einer Gemeinschaft, in der der Mensch und nicht die Wirtschaft im Mittelpunkt steht und alle Menschen frei von Existenz\u00e4ngsten leben k\u00f6nnen\u201c, sagt Ulrich Schneider, Hauptgesch\u00e4ftsf\u00fchrer des Parit\u00e4tischen Gesamtverbands.<\/p>\n<p><strong>Kampf gegen den Klimawandel<\/strong><\/p>\n<p>In Zeiten nationaler Alleing\u00e4nge sei es wichtiger denn je, sich als solidarische Gesellschaft f\u00fcr ein Europa einzusetzen, fasst Maritta Strasser, Bundesgesch\u00e4ftsf\u00fchrerin der NaturFreunde Deutschlands zusammen. \u201eEuropa muss eine F\u00fchrungsrolle im Kampf gegen den Klimawandel und das weltweite Artensterben \u00fcbernehmen. Wir in Europa k\u00f6nnen den Weg aufzeigen, wie ein gutes Leben f\u00fcr alle Menschen mit einem langfristig bewohnbar bleibenden Planeten vereinbar ist.\u201c<\/p>\n<p><strong>F\u00fcr ein demokratisches, friedliches, solidarisches und nachhaltiges Europa<\/strong><\/p>\n<p>Mit Demonstrationen und begleitender Kampagnen-Arbeit macht sich das B\u00fcndnis daf\u00fcr stark, am 26. Mai 2019 bei der Europawahl w\u00e4hlen zu gehen. Dieses Mal geht es um alles: Dem Nationalismus und Rassismus entgegenzutreten \u2013 f\u00fcr ein demokratisches, friedliches, solidarisches und nachhaltiges Europa!<\/p>\n<p><strong>Weitere Informationen im Internet:<\/strong><\/p>\n<p><a href=\"http:\/\/www.ein-europa-fuer-alle.de\" target=\"_blank\" rel=\"noopener noreferrer\">www.ein-europa-fuer-alle.de<\/a><\/p>\n<p><strong>Hashtags:<\/strong><br \/>\n#1EuropaF\u00fcrAlle<br \/>\n#DeineStimmeGegenNationalismus<\/p>\n<p><strong>Tr\u00e4gerkreis:<\/strong> Attac Deutschland, Campact, Der Parit\u00e4tische Gesamtverband, Mehr Demokratie, NaturFreunde Deutschlands, Naturfreundejugend Deutschlands, Pro Asyl, Seebr\u00fccke<\/p>\n<p><strong>Die Demonstrationen werden bundesweit unterst\u00fctzt von:<\/strong><\/p>\n<p>Aktionsgemeinschaft Dienst f\u00fcr den Frieden, Arbeitsgemeinschaft b\u00e4uerliche Landwirtschaft, A Soul For Europe, Aufstehen gegen Rassismus, .ausgestrahlt, Avaaz, Arbeiterwohlfahrt, Bundesnetzwerk B\u00fcrgerschaftliches Engagement, Bundesverband evangelische Behindertenhilfe e.V., BUND, BUNDjugend, Democracy International, CorA-Netzwerk, DBJR, Deutsche AIDS-Hilfe, Deutscher Kulturrat, Diakonie Deutschland, Diakonie Mitteldeutschland, DiEM 25, Die Offene Gesellschaft, Die Vielen, Deutscher Naturschutzring, European Alternatives, European Democracy Lab, European May, FEMNET, Fl\u00fcchtlingsrat Berlin, Fl\u00fcchtlingsrat Brandenburg, Fl\u00fcchtlingsrat NRW e.V., Forum Fairer Handel, Greenpeace, Jugend Rettet, Katholische Arbeitnehmer-Bewegung, Klima-Allianz, Lesben- und Schwulenverband in Deutschland, Naturschutzjugend, Neue Deutsche Organisationen, Neue Richter-vereinigung Bundesb\u00fcro, Open Knowledge Foundation, Oxfam, Pax Christi, SCHURA &#8211; Rat der Islamischen Gemeinschaften in Hamburg e.V., Schwarzkopf-Stiftung Junges Europa, Sea-Watch, Sozialverband VdK, Stiftung Internationale Wochen gegen Rassismus, Umweltinstitut, Urgewald, Verband Entwicklungspolitik und humanit\u00e4re Hilfe (VENRO), Verband binationaler Familien und Partnerschaften, VisaWie? Gegen diskriminierende Visa-verfahren! und WeMove<\/p>\n<p><strong>Folgende Parteien unterst\u00fctzen die Forderungen des B\u00fcndnisses:<\/strong> B\u00fcndnis 90\/Die Gr\u00fcnen, Demokratie in Bewegung, Demokratie in Europa, Die Linke, Piratenpartei und SPD<\/p>\n<div class=\"pdf24Plugin-cp\"> \t<form name=\"pdf24Form0\" method=\"post\" action=\"https:\/\/doc2pdf.pdf24.org\/wordpress.php\" target=\"pdf24PopWin\" onsubmit=\"var pdf24Win = window.open('about:blank', 'pdf24PopWin', 'resizable=yes,scrollbars=yes,width=600,height=250,left='+(screen.width\/2-300)+',top='+(screen.height\/3-125)+''); pdf24Win.focus(); if(typeof pdf24OnCreatePDF === 'function'){void(pdf24OnCreatePDF(this,pdf24Win));}\"> \t\t<input type=\"hidden\" name=\"blogCharset\" value=\"Cw1x07UAAA==\" \/><input type=\"hidden\" name=\"blogPosts\" value=\"MwQA\" \/><input type=\"hidden\" name=\"blogUrl\" value=\"yygpKSi20tcvLy\/Xy8jPSM3LARK6pXnpqWmZOSWpRSV6KakA\" \/><input type=\"hidden\" name=\"blogName\" value=\"88jPSM3LARK6pXnpqWmZOSWpRSUA\" \/><input type=\"hidden\" name=\"blogValueEncoding\" value=\"gzdeflate base64\" \/><input type=\"hidden\" name=\"postId_0\" value=\"MzKxNLAAAA==\" \/><input type=\"hidden\" name=\"postTitle_0\" value=\"LYy9DcIwEIVXeasgJS1NJjD4YU6yz8g+i9Y70CIqxqDLJp6EEFF\/P6O\/ZlHMreSbw2X9FBxiJEZ\/YKIosZikRAQGKo7OJKuLUlOroz\/\/XsparewM222xZhZcMTT1qMLTlt4pxsIfXd\/euJsTm9XzNTr1Xw==\" \/><input type=\"hidden\" name=\"postLink_0\" value=\"yygpKSi20tcvLy\/Xy8jPSM3LARK6pXnpqWmZOSWpRSV6Kan69gW2RiaWBhYA\" \/><input type=\"hidden\" name=\"postAuthor_0\" value=\"S0zJzcwDAA==\" \/><input type=\"hidden\" name=\"postDateTime_0\" value=\"MzIwtNQ1MNE1NFQwMrAyMLEyMgAA\" \/><input type=\"hidden\" name=\"postContent_0\" value=\"rVhNb9tIEr3Pr+h4gMUuQMlxFjvYZB0v7NiyE3\/EcGIbyGXRlIpkj5pNobtpJTrlP+x1sZmDf0NOPo3+SX7JvuomJUpycpm9JBbJbla9evXqNXcne7vO28rke0fKiJm6UzonR1q7YSEzr9WwICcO5g9mZJQTsnaipMIKqZ345al4a3OJ69KrypARtRmJ10Z5hQt3+D3R0niRzR+sGOHnzvO+OJdKPHu681wc22r+ZURlZRBAuwFicIpS\/PXOz+9HHn8cUu0RDHYaub44lE6cV95XQsvak\/\/9t2+f\/8uhH9W2msj4rn2tSXz7\/G+sVYawlSpLEjnl2O4ivEpq5craPfn2+T\/iUJHYrzMvx36MBHJKa5P\/\/pviGGrvc2nxlpRyZZBLXYqdv4prRqDOkFQp9q2pddY71eR971JLPxMjZWnsxV1lwxMnsp74VBamqLL+7naD9+72ZO+nXeBP5d5NZQJACzgri7c1gHYuktndxuOLpc1WA046pHp0jX2sOCcDyMhYGhaeNl55xI\/eVniiidE28E1locW0AnxGfKDCeNSbzIgWGyIgTzGrWIU\/jH7249gT7FJWYyYI\/nbVTEkO7pjCbZWPSfmA0gg0nX8dV7rKVQz1Fowh7WKhFAdi5fwLR4K7\/XUMbypbSouVIYhlnEzBO7KFwmbWbEDJ5OlgJ0vx7JcOyR2pmNwVGsmDV4CT2UxqhB9i\/pAymtjjQw3uZX5Zi\/l9k8a1QSSJwJL5Fy+QpSqZrjbQb9majrg7yJi12BmbK8bK0UdvCZUACzO+M5IW0CSiBIJThjE09n6aU2VHhvgR7vJUuQJBKeOaRCfSalkiD85sVs9UwDOWHfliWU6ZlblPAqd\/BOys7mDL5UVQy5Q2asRU4HpiL3COy4uOELQC19n8\/vuVOtyUmwOyWuHdAyvNOKstoj6RZVrbPBFnpCYzhT9O5181njlHYE0XjJbiAPAsKxaqUUiddhhdVOiwW\/AiBZpKq5xrPmr5zJBAa1lWAAyStjl12r650EcjKp9rAoH4TaMYNtfqB9lvZDqDcEHWOc73BZVSOC+9zxj5zV5ouhmNMv+K\/Dr8TFY7ONy6IRYodDco6jdgh0AgFnElnWuWINlASIQCEgStmSqLnN1jagSeBelAU4GiXVHCcpnHxS\/EHwgZKpTwVl68Kix4WU0KcYDhMku4PMNifp95h6ICcMaWCQ3wUKE7qPYrWU7k0PdZCG+RhUaeoYBOGG554SZSI1Umd6wM8MFLQ5eUYImDZATGYMki8yCftNTVTV1sNM925LGPRNYrGYAOCrjvPunHisNBN4r\/fRXug+2gS8BuQI6FrA2Nxd0G\/SCeiW5Wp7LmfFPLjdoU17GPsFiscc1PUdCQAKe4GuKyGGeytlKcYqqSTsT+GI4CxQlSgQbA20xTVuImxpYc1Dui1M4fhmNaVAQc4yjaruxCeqNIZyhP7OdKK0iigu\/wj0F5uEBFgEZBhsFIBDepDYZ9fM1jo5YljjjiVkBFOX8ASwIoUc0WVGBShxk3QTS+aeoPCDNOIfzGVil3Q5PdAuVQvEnlFDsvZOaATbhoMSzD7sHQJSweI7KdIofsI1m5vtjVx2cfSzFiJVnrF54gQ0yhGY4+BlmfQYTyoO86WLnx\/Cur2rK019py6u+GhcEgJJtEi7TebTYMuMumJg0YxwSYPLBIgyFcr9Ip+jFrzAZLxKlWJYSEncBGbV6boK14akGl6F6UyTkFiuPbgcHBa4SAMGB\/ZScSaofx6BracHQc3MI6bzAuTEtHfsbdkUEnPHwCcvMyWBMwAkAcAF5yG0g0RYOS1XZgiR9aMcbQd8BSNsRoacY0DbwY8C7sPix3Otf1BzhFacEcnpL2obHhcYESKhrmXDAthorwNubgMsWm0mHHW8q5q2cE4JDwFNRiMPKaG+EsECMgtMolNiMccgklNXnGeqxykdK0KkwqwXcd+M8vgNeOLiX2F9\/F04+1buuPV2YvOVTBKhrFM06yUkkXm0IOC4x0Ln3buxsk4qm0Pmx5LQ4MOpCL68Zoyxy3evuAkK2WDLOBSdR1PPgRMMF8seNkw01i6YZZn98XOjqp6Gv5OAMviEWarwTHiNnPKLsXHOnaOAz+cDGc22k7qzGlGFseRNn\/D74n66W5DYODcGrM2Ce2vqzEBZZ48i82D0xSoCWyl1uF95MX29vT6bSP6HrBCcleVpPtcbr9EW0JAJmTf7n1rxRsGW8JS\/rllqmqCbEyGhypMrJosK29H2yzuy03zlwn0hVe5q4TX2rF9t5PP+\/EVJl0LCbt5XAaioehY4Z4pQzru7+383vozRjE7rxB7EMsht3GT1oDwucku6qVq1IJ98r2vnua+q6aNLeyeOvXGtGO1h64tFWY10ln5G5MzEccd+Ng0yBz03h4Q6Gdnz\/4GR+ZzWbBefZjk7wzxpjl2Hb5aWHAVGSdiQ22+nA6v6\/Z5jMoZ4h\/uhhxeB6Dv9ZiUDVtBVxwumpMQ9THRXskog+HAzYjn0Lz4jspZ+07yUKk4CcKPkNEHQd\/Z8h43Jr5lY8qRyaXHKZZPN6UStAdm1Mdq3hA8XyEbiyUzqCi\/Zs+VlxfHMZ\/Y33iQXlo5fBT0zsNv0CRyu73LppQ8NzBm6ukLSe0\/fXhu94J77y8CMWqNRiAsuGikuPKKFrl3eJqdAij1XtH5+LZ35LwaeVtlqHXVkZjvHETbE33pYF1+BPeGxMP565YEWkwlZuM7lhqFpeXKZ\/JtHP9XH7Cie7o\/OLoPf7XYGcB1Hn+Sb888a1ftzz+TDz6rd+8uLptgAdToKcDqdignISJmYhjS2Tw6iFAfBP75YqdK1I9lb6omlpGooTZaXutaU3i8O1BLJQ0Mz52Ooy4XnSlw2JaA6aWGsqslqEDWcuDC6ppWd7VL3TN3fA1AiHEyRnPpZGCKYhaJeLthD2BqaaaRvBBgwo3wxa49TGTJQRAfmzOSwoa8Ork+mpf\/Onnvz\/b2fkHGiZ+yHjttCwXvm3ZkPEI2xyzG1g5UWln42qS9aCSWThjvME\/i9nBUiN7t9IPC\/wZXHKLys3oNBGLVSv0bz50PdLL1yUbHMTkFY7y+I0OnUoNBG+abY+Mh\/Uba3ZO0ZCPQ1GKugSmEFoMrtA54s83RxdXb\/+yXJqqjqccAAWtGmMAjQYDbItEwl5d3ir6pziObky5sVUlykLhwBnuc6VYWcg8CZvc0nl1tyG4g0rnYQm\/g1T7uS6Ka9iaSwkBZi8Yv1h0vx91Bs3CkDx\/us29egyFN7FZ2\/kRP560FF693haMl54pM0ZXXCrcRY+EyCK1Lw9DAv8D\" \/> \t\t<a href=\"https:\/\/www.pdf24.org\" target=\"_blank\" title=\"www.pdf24.org\" rel=\"nofollow\"><img src=\"https:\/\/www.hohenlohe-ungefiltert.de\/wp-content\/plugins\/pdf24-post-to-pdf\/img\/pdf_32x32.png\" alt=\"\" border=\"0\" height=\"32\" \/><\/a> \t\t<span class=\"pdf24Plugin-cp-space\">&nbsp;&nbsp;<\/span> \t\t<span class=\"pdf24Plugin-cp-text\">Sende Artikel als PDF<\/span> \t\t<span class=\"pdf24Plugin-cp-space\">&nbsp;&nbsp;<\/span> \t\t<input class=\"pdf24Plugin-cp-input\" style=\"margin: 0px;\" type=\"text\" name=\"sendEmailTo\" placeholder=\"Emailadresse\" \/> \t\t<input class=\"pdf24Plugin-cp-submit\" style=\"margin: 0px;\" type=\"submit\" value=\"Senden\" \/> \t<\/form> <\/div>","protected":false},"excerpt":{"rendered":"<p>Ein zivilgesellschaftliches B\u00fcndnis aus mehr als 60 Organisationen und Initiativen plant f\u00fcr den 19. Mai 2019 Gro\u00dfdemonstrationen in sieben St\u00e4dten Deutschlands. Das Motto lautet\u00a0\u201eEin Europa f\u00fcr Alle \u2013 Deine Stimme gegen Nationalismus!\u201c Die Auftaktkundgebung\u00a0in Stuttgart\u00a0beginnt um 13 Uhr auf dem Arnulf-Klett-Platz direkt vor dem Hauptbahnhof. Von den Organisatorinnen und Organisatoren F\u00fcr eine EU der Menschenrechte [&hellip;]<\/p>\n","protected":false},"author":1,"featured_media":0,"comment_status":"open","ping_status":"open","sticky":false,"template":"","format":"standard","meta":[],"categories":[1,9,10,6,2,8,4,5,3],"tags":[],"_links":{"self":[{"href":"https:\/\/www.hohenlohe-ungefiltert.de\/index.php?rest_route=\/wp\/v2\/posts\/24908"}],"collection":[{"href":"https:\/\/www.hohenlohe-ungefiltert.de\/index.php?rest_route=\/wp\/v2\/posts"}],"about":[{"href":"https:\/\/www.hohenlohe-ungefiltert.de\/index.php?rest_route=\/wp\/v2\/types\/post"}],"author":[{"embeddable":true,"href":"https:\/\/www.hohenlohe-ungefiltert.de\/index.php?rest_route=\/wp\/v2\/users\/1"}],"replies":[{"embeddable":true,"href":"https:\/\/www.hohenlohe-ungefiltert.de\/index.php?rest_route=%2Fwp%2Fv2%2Fcomments&post=24908"}],"version-history":[{"count":5,"href":"https:\/\/www.hohenlohe-ungefiltert.de\/index.php?rest_route=\/wp\/v2\/posts\/24908\/revisions"}],"predecessor-version":[{"id":24928,"href":"https:\/\/www.hohenlohe-ungefiltert.de\/index.php?rest_route=\/wp\/v2\/posts\/24908\/revisions\/24928"}],"wp:attachment":[{"href":"https:\/\/www.hohenlohe-ungefiltert.de\/index.php?rest_route=%2Fwp%2Fv2%2Fmedia&parent=24908"}],"wp:term":[{"taxonomy":"category","embeddable":true,"href":"https:\/\/www.hohenlohe-ungefiltert.de\/index.php?rest_route=%2Fwp%2Fv2%2Fcategories&post=24908"},{"taxonomy":"post_tag","embeddable":true,"href":"https:\/\/www.hohenlohe-ungefiltert.de\/index.php?rest_route=%2Fwp%2Fv2%2Ftags&post=24908"}],"curies":[{"name":"wp","href":"https:\/\/api.w.org\/{rel}","templated":true}]}}