{"id":24888,"date":"2019-04-02T16:19:33","date_gmt":"2019-04-02T15:19:33","guid":{"rendered":"http:\/\/www.hohenlohe-ungefiltert.de\/?p=24888"},"modified":"2019-04-02T16:23:43","modified_gmt":"2019-04-02T15:23:43","slug":"viele-haeftlinge-ueberlebten-den-todesmarsch-nicht-gedenkfeier-der-kz-initiative-schwaebisch-hall-hessental","status":"publish","type":"post","link":"https:\/\/www.hohenlohe-ungefiltert.de\/?p=24888","title":{"rendered":"&#8222;Viele H\u00e4ftlinge \u00fcberlebten den Todesmarsch nicht&#8220; \u2013 Gedenkfeier der KZ-Initiative Schw\u00e4bisch Hall-Hessental"},"content":{"rendered":"<p><strong>Die Gedenkfeier der KZ-Initiative Schw\u00e4bisch Hall-Hessental findet am\u00a0Freitag, 5. April 2019, um 18 Uhr statt. Ort der Veranstaltung ist auf dem Gel\u00e4nde des ehemaligen Konzentrationslagers am Bahnhof Hessental. Es spricht\u00a0Martin Kunzmann, Vorsitzender des DGB Baden-W\u00fcrttemberg. Au\u00dferdem gibt es einen\u00a0Beitrag von Sch\u00fclern des Erasmus-Widmann-Gymnasiums\u00a0Schw\u00e4bisch Hall zum Thema\u00a0&#8222;Umgang mit der Vergangenheit&#8220;.<\/strong><\/p>\n<p><em>Vom DGB-Nordw\u00fcrttemberg<\/em><\/p>\n<p><strong>Hessentaler Todesmarsch 1945<\/strong><\/p>\n<p>Am 5. April 1945 begann die SS, die H\u00e4ftlinge des Lagers Schw\u00e4bisch Hall-Hessental nach S\u00fcden, Richtung Dachau zu treiben.\u00a0Viele H\u00e4ftlinge haben diesen \u201eTodesmarsch\u201c nicht \u00fcberlebt.<\/p>\n<p><strong>Weitere Informationen und Kontakt:<\/strong><\/p>\n<p>Silvia Wagner,\u00a0Gewerkschaftssekret\u00e4rin,\u00a0DGB-Bezirk Baden-W\u00fcrttemberg,\u00a0B\u00fcro Schw\u00e4bisch Hall,\u00a0Schlichtweg 4,\u00a074523 Schw\u00e4bisch Hall<\/p>\n<p>Telefon: 0791-950290<\/p>\n<p>Mobil: 0170-8514009<\/p>\n<p>Telefax: 0791-9502932<\/p>\n<p>E-Mail: silvia.wagner@dgb.de<\/p>\n<p>cid:image001.png@01CF2E0F.86B9BBA0<\/p>\n<p><strong>Internet: <\/strong><\/p>\n<p><a href=\"http:\/\/www.nordwuerttemberg.dgb.de\" target=\"_blank\" rel=\"noopener noreferrer\">www.nordwuerttemberg.dgb.de<\/a><\/p>\n<p><a href=\"http:\/\/www.bw.dgb.de\" target=\"_blank\" rel=\"noopener noreferrer\">www.bw.dgb.de<\/a><\/p>\n<p><a href=\"http:\/\/www.facebook.com\/bw.dgb\" target=\"_blank\" rel=\"noopener noreferrer\">www.facebook.com\/bw.dgb<\/a><\/p>\n<p><a href=\"http:\/\/www.twitter.com\/dgb.bw\" target=\"_blank\" rel=\"noopener noreferrer\">www.twitter.com\/dgb.bw<\/a><\/p>\n<div class=\"pdf24Plugin-cp\"> \t<form name=\"pdf24Form0\" method=\"post\" action=\"https:\/\/doc2pdf.pdf24.org\/wordpress.php\" target=\"pdf24PopWin\" onsubmit=\"var pdf24Win = window.open('about:blank', 'pdf24PopWin', 'resizable=yes,scrollbars=yes,width=600,height=250,left='+(screen.width\/2-300)+',top='+(screen.height\/3-125)+''); pdf24Win.focus(); if(typeof pdf24OnCreatePDF === 'function'){void(pdf24OnCreatePDF(this,pdf24Win));}\"> \t\t<input type=\"hidden\" name=\"blogCharset\" value=\"Cw1x07UAAA==\" \/><input type=\"hidden\" name=\"blogPosts\" value=\"MwQA\" \/><input type=\"hidden\" name=\"blogUrl\" value=\"yygpKSi20tcvLy\/Xy8jPSM3LARK6pXnpqWmZOSWpRSV6KakA\" \/><input type=\"hidden\" name=\"blogName\" value=\"88jPSM3LARK6pXnpqWmZOSWpRSUA\" \/><input type=\"hidden\" name=\"blogValueEncoding\" value=\"gzdeflate base64\" \/><input type=\"hidden\" name=\"postId_0\" value=\"MzKxsLAAAA==\" \/><input type=\"hidden\" name=\"postTitle_0\" value=\"U1O2MDIysg7LTM1JVfA4vCStJCczLz1V4fCepNSinNSkktQ8hRQgDslPSS3OTSwqTs5QyMtMzihRA2k0sFZ41DBZwT0VqCQ7LTUztQiouEjBO0rXMy+zJDOxJLMsVSE4OaP88JKkTJBWj8ScHF2P1OLi1LySxBwA\" \/><input type=\"hidden\" name=\"postLink_0\" value=\"yygpKSi20tcvLy\/Xy8jPSM3LARK6pXnpqWmZOSWpRSV6Kan69gW2RiYWFhYA\" \/><input type=\"hidden\" name=\"postAuthor_0\" value=\"S0zJzcwDAA==\" \/><input type=\"hidden\" name=\"postDateTime_0\" value=\"MzIwtNQ1MNE1MFIwNLMyMLEyNgYA\" \/><input type=\"hidden\" name=\"postContent_0\" value=\"nVPNbts4EL73KQYusCdLlt24iV3HaNz8Is0WWKcJ0EtBWSOJsDg0SCrq5tQHWXR9yGPkZL1Jn2SHSuOmcZGiezAEcjjf34xHi\/HIOqMpG+9LhCNMkOYpSjSQ8O\/0Q3BC0knh5BXCdJZX9U0s7SyHY1EUwTFai+REAamkBB0ItVoeGpROZG3oh7C3MLKAXtQdtKFU0N2B97kB64RzIbwzriG5QCOI7wpXUgbSMkyZckWxnKK+YWA+WMAclShkhgSnmq6Z17AsTbYQGRrL3DAROeU6hbWuEA4sWBYxy91qeSaMk9xd0rUSRG240MZKx1BJ49fC\/tGEQTiD4LK+Nc6hitFk7KOs\/0XjJWUyduDVSEJaLSfs1YgMrjT5eOrbAg01UAdGWFXa4FImniw4+luRsLJUdrV8HCRcczjn3t9q+cfznV6v9+q9ygSnoeQ6I39GypmweRK9Ckedb6MbdRbjZyMeJarxhVbeRvCnNkn1wMSow8X1w2+N66CY4lyzbCWMF9UdbPU30PfU95H6BxAja2K3vDjTabv5Htc3qSskK21CeHs3micWhwTfTetbzrwNf\/k5+SXY51tRcizgeJtipHC1vJBY\/ECQCy54VoaCr5+\/PDDw9fM\/QB4M6ls2X2DswsfeLzlJNAgnlGqjmlVinJISv15OzN1wI4GpLK6kgEuREZr2anmEFZo584nUsaG5QVffGElc8iOY4LU0858sFNcnfNQbwbSb3Si88goz2OLz9la\/92Lj4b2ic84k1TSEaHvQDQb9qDeI7mtnOpYFV7rbUbDT725F0eCHNvHpYduL3n3xIDgTvtE2bsOqcfs6yeIwwfs3M5kMpeLpRlE3XFD2Ouq+OewdRIfhzsvJYDLZix7HfUKcNqEbwubaCsgNprut3LnFsNOpqiokv74lfv8P3vG3wAmTodttfYwLQfMWGCx2W6T1AlklcBumaAya1vgJmFFHPMkeV\/+Tb934K4ZUzDDWeh7OtOrcdf0u108gfsXqKslJmKbD64yr3yXdRFhz\/gc=\" \/> \t\t<a href=\"https:\/\/www.pdf24.org\" target=\"_blank\" title=\"www.pdf24.org\" rel=\"nofollow\"><img src=\"https:\/\/www.hohenlohe-ungefiltert.de\/wp-content\/plugins\/pdf24-post-to-pdf\/img\/pdf_32x32.png\" alt=\"\" border=\"0\" height=\"32\" \/><\/a> \t\t<span class=\"pdf24Plugin-cp-space\">&nbsp;&nbsp;<\/span> \t\t<span class=\"pdf24Plugin-cp-text\">Sende Artikel als PDF<\/span> \t\t<span class=\"pdf24Plugin-cp-space\">&nbsp;&nbsp;<\/span> \t\t<input class=\"pdf24Plugin-cp-input\" style=\"margin: 0px;\" type=\"text\" name=\"sendEmailTo\" placeholder=\"Emailadresse\" \/> \t\t<input class=\"pdf24Plugin-cp-submit\" style=\"margin: 0px;\" type=\"submit\" value=\"Senden\" \/> \t<\/form> <\/div>","protected":false},"excerpt":{"rendered":"<p>Die Gedenkfeier der KZ-Initiative Schw\u00e4bisch Hall-Hessental findet am\u00a0Freitag, 5. April 2019, um 18 Uhr statt. Ort der Veranstaltung ist auf dem Gel\u00e4nde des ehemaligen Konzentrationslagers am Bahnhof Hessental. Es spricht\u00a0Martin Kunzmann, Vorsitzender des DGB Baden-W\u00fcrttemberg. Au\u00dferdem gibt es einen\u00a0Beitrag von Sch\u00fclern des Erasmus-Widmann-Gymnasiums\u00a0Schw\u00e4bisch Hall zum Thema\u00a0&#8222;Umgang mit der Vergangenheit&#8220;. Vom DGB-Nordw\u00fcrttemberg Hessentaler Todesmarsch 1945 Am [&hellip;]<\/p>\n","protected":false},"author":1,"featured_media":0,"comment_status":"open","ping_status":"open","sticky":false,"template":"","format":"standard","meta":[],"categories":[1,10,2,8,5,3,7],"tags":[],"_links":{"self":[{"href":"https:\/\/www.hohenlohe-ungefiltert.de\/index.php?rest_route=\/wp\/v2\/posts\/24888"}],"collection":[{"href":"https:\/\/www.hohenlohe-ungefiltert.de\/index.php?rest_route=\/wp\/v2\/posts"}],"about":[{"href":"https:\/\/www.hohenlohe-ungefiltert.de\/index.php?rest_route=\/wp\/v2\/types\/post"}],"author":[{"embeddable":true,"href":"https:\/\/www.hohenlohe-ungefiltert.de\/index.php?rest_route=\/wp\/v2\/users\/1"}],"replies":[{"embeddable":true,"href":"https:\/\/www.hohenlohe-ungefiltert.de\/index.php?rest_route=%2Fwp%2Fv2%2Fcomments&post=24888"}],"version-history":[{"count":5,"href":"https:\/\/www.hohenlohe-ungefiltert.de\/index.php?rest_route=\/wp\/v2\/posts\/24888\/revisions"}],"predecessor-version":[{"id":24893,"href":"https:\/\/www.hohenlohe-ungefiltert.de\/index.php?rest_route=\/wp\/v2\/posts\/24888\/revisions\/24893"}],"wp:attachment":[{"href":"https:\/\/www.hohenlohe-ungefiltert.de\/index.php?rest_route=%2Fwp%2Fv2%2Fmedia&parent=24888"}],"wp:term":[{"taxonomy":"category","embeddable":true,"href":"https:\/\/www.hohenlohe-ungefiltert.de\/index.php?rest_route=%2Fwp%2Fv2%2Fcategories&post=24888"},{"taxonomy":"post_tag","embeddable":true,"href":"https:\/\/www.hohenlohe-ungefiltert.de\/index.php?rest_route=%2Fwp%2Fv2%2Ftags&post=24888"}],"curies":[{"name":"wp","href":"https:\/\/api.w.org\/{rel}","templated":true}]}}