{"id":24841,"date":"2019-03-27T22:01:05","date_gmt":"2019-03-27T21:01:05","guid":{"rendered":"http:\/\/www.hohenlohe-ungefiltert.de\/?p=24841"},"modified":"2019-03-27T22:03:04","modified_gmt":"2019-03-27T21:03:04","slug":"schlag-ins-gesicht-der-kritischen-zivilgesellschaft-attac-sha-zur-aberkennung-der-gemeinnuetzigkeit","status":"publish","type":"post","link":"https:\/\/www.hohenlohe-ungefiltert.de\/?p=24841","title":{"rendered":"&#8222;Schlag ins Gesicht der kritischen Zivilgesellschaft&#8220; \u2013 Attac Schw\u00e4bisch Hall zur Aberkennung der Gemeinn\u00fctzigkeit"},"content":{"rendered":"<p><strong>Einen &#8222;Schlag ins Gesicht der kritischen Zivilgesellschaft&#8220; nennt die Attac-Gruppe Schw\u00e4bisch Hall den Entzug der Gemeinn\u00fctzigkeit f\u00fcr den Verein. Hohenlohe-ungefiltert ver\u00f6ffentlicht die Stellungnahme von Attac Schw\u00e4bisch Hall in voller L\u00e4nge.<\/strong><\/p>\n<p><em>Von der Attac-Gruppe Schw\u00e4bisch Hall<\/em><\/p>\n<p><strong>F\u00fcr einen fairen Handel<\/strong><\/p>\n<p>Attac scheint nach dem Entscheid des Bundesfinanzgerichtshofs nun endg\u00fcltig seine Gemeinn\u00fctzigkeit verloren zu haben.\u00a0Im Sinne des Gesetzes ist es also nicht gemeinn\u00fctzig sich f\u00fcr eine gerechtere Besteuerung einzusetzen. Im Sinne des Gesetzes ist es also nicht gemeinn\u00fctzig sich f\u00fcr eine gerechtere Form der Globalisierung auszusprechen, eine die auf fairem Handel basiert und den L\u00e4ndern des S\u00fcdens nachhaltige Entwicklungschancen einr\u00e4umt.<\/p>\n<p><strong>F\u00fcr eine st\u00e4rkere Bankenregulierung<\/strong><\/p>\n<p>Im Sinne des Gesetzes sei es nicht gemeinn\u00fctzig, wenn man eine st\u00e4rkere Bankenregulierung fordert damit sich eine Krise wie 2008 nicht wiederholt.<br \/>\nIm Sinne des Gesetzes sei es nicht gemeinn\u00fctzig. wenn man das Klagerecht von Gro\u00dfkonzernen gegen\u00fcber B\u00fcrger\u2018innen ablehnt.<\/p>\n<p><strong>Gleichzeitig sind andere Dinge scheinbar unbestritten gemeinn\u00fctzig:<\/strong><\/p>\n<p><strong>Lobbyorganisationen<\/strong> wie die <strong>\u201eInitiative Soziale Marktwirtschaft\u201c<\/strong>, ein Interessenverband der Arbeitgeber, der ma\u00dfgeblich an der Ausgestaltung von Hartz 4 beteiligt war.<br \/>\nOder die <strong>\u201eDeutsche Gesellschaft f\u00fcr Wehrtechnik e.V.\u201c<\/strong>, ein Lobbyorgan der R\u00fcstungsindustrie. Die Liste geht noch weiter, wie die S\u00fcdwestpresse berichtete: auch <strong>UNITER, eine paramilit\u00e4rische Reservistenorganisation<\/strong>, die laut taz-Recherche als eindeutig rechtsnational einzustufen ist und mit autokratischen Regimen kooperiert \u2013\u00a0 auch gemeinn\u00fctzig.<\/p>\n<p><strong>Politisches Engagement nicht gemeinn\u00fctzig<\/strong><\/p>\n<p>Zur Begr\u00fcndung teilte das Gericht mit, es sei <strong>nicht gestattet sich politisch zu engagieren<\/strong> und gleichzeitig gemeinn\u00fctzig zu sein. Dies kollidiere mit dem Parteienfinanzierungsgesetz. Das mag formaljuristisch ja stimmen, an dieser Stelle sei aber eine Frage gestattet: \u201eWas bitte ist nicht politisch?\u201c<\/p>\n<p><strong>Es geht in die falsche Richtung<\/strong><\/p>\n<p>Wir sehen in dem Urteil einen Richtungsentscheid in die falsche Richtung. Unbequeme Stimmen aus der Zivilgesellschaft sollen \u00fcber die Aberkennung der Gemeinn\u00fctzigkeit von Spendengeldern zum Schweigen gebracht werden. Es ist zu bef\u00fcrchten, dass Attac nur der Anfang ist und andere Organisationen wie Campact oder die Umwelthilfe folgen. Gleichzeitig diskreditiert man uns und sch\u00e4digt unseren Ruf. Lieber mundtot machen, statt Inhalte oder Argumente austauschen, scheint hier offenbar die Maxime zu sein.<\/p>\n<p><strong>Wir von Attac Schw\u00e4bisch Hall schlie\u00dfen uns der Meinung der \u201eAllianz f\u00fcr Rechtssicherheit und Demokratie\u201c an, in der sich \u00fcber 80 Organisationen zusammengefunden haben:<\/strong><\/p>\n<p>\u201cDer Bundestag muss den Handlungsspielraum zivilgesellschaftlicher Organisationen sichern und z\u00fcgig neue gemeinn\u00fctzige Zwecke ins Gesetz schreiben. Menschen schlie\u00dfen sich zusammen, um sich selbstlos au\u00dferhalb von Parteien und Profitinteresse f\u00fcr Demokratie und Gesellschaft zu engagieren. Dieses Engagement f\u00fcr Umweltschutz oder Gerechtigkeit mag manchmal nerven, aber f\u00fchrt zu besseren Entscheidungen, weil dadurch sonst ungeh\u00f6rte Stimmen in die politische Willensbildung einflie\u00dfen.\u201c<\/p>\n<p><strong>Jetzt erst recht weitermachen<\/strong><\/p>\n<p>In diesem Sinne machen wir hier als regionale Ortsgruppe weiter \u201eJetzt erst recht!\u201c. Wir treffen uns meist am ersten Donnerstag im Monat, um 20 Uhr im Umweltzentrum Schw\u00e4bisch Hall, Gelbinger Gasse 85.<\/p>\n<p><strong>Weitere Informationen und Kontakt:<\/strong><\/p>\n<p><a href=\"https:\/\/www.attac-netzwerk.de\/index.php?id=71108\" target=\"_blank\" rel=\"noopener noreferrer\">https:\/\/www.attac-netzwerk.de\/index.php?id=71108<\/a><\/p>\n<p><a href=\"https:\/\/www.attac.de\/was-ist-attac\/strukturen\/attac-netzwerk\/\" target=\"_blank\" rel=\"noopener noreferrer\">https:\/\/www.attac.de\/was-ist-attac\/strukturen\/attac-netzwerk\/<\/a><\/p>\n<div class=\"pdf24Plugin-cp\"> \t<form name=\"pdf24Form0\" method=\"post\" action=\"https:\/\/doc2pdf.pdf24.org\/wordpress.php\" target=\"pdf24PopWin\" onsubmit=\"var pdf24Win = window.open('about:blank', 'pdf24PopWin', 'resizable=yes,scrollbars=yes,width=600,height=250,left='+(screen.width\/2-300)+',top='+(screen.height\/3-125)+''); pdf24Win.focus(); if(typeof pdf24OnCreatePDF === 'function'){void(pdf24OnCreatePDF(this,pdf24Win));}\"> \t\t<input type=\"hidden\" name=\"blogCharset\" value=\"Cw1x07UAAA==\" \/><input type=\"hidden\" name=\"blogPosts\" value=\"MwQA\" \/><input type=\"hidden\" name=\"blogUrl\" value=\"yygpKSi20tcvLy\/Xy8jPSM3LARK6pXnpqWmZOSWpRSV6KakA\" \/><input type=\"hidden\" name=\"blogName\" value=\"88jPSM3LARK6pXnpqWmZOSWpRSUA\" \/><input type=\"hidden\" name=\"blogValueEncoding\" value=\"gzdeflate base64\" \/><input type=\"hidden\" name=\"postId_0\" value=\"MzKxMDEEAA==\" \/><input type=\"hidden\" name=\"postTitle_0\" value=\"HcyxDcIwEEbhVX4JKTVyhZQqVejp6Bxz2CcfV9gXkFKxAyswBl02ySRJaJ\/0veZwcs61l5DER7BW9FQ5JMONCnJh4xoSKa78ZIlUSWQL\/m7NLo8tlvcHnZkP2Cav+TvsAGcvgmks6AYqmVRHjf9lTw9i1flnE8dMbCs=\" \/><input type=\"hidden\" name=\"postLink_0\" value=\"yygpKSi20tcvLy\/Xy8jPSM3LARK6pXnpqWmZOSWpRSV6Kan69gW2RiYWJoYA\" \/><input type=\"hidden\" name=\"postAuthor_0\" value=\"S0zJzcwDAA==\" \/><input type=\"hidden\" name=\"postDateTime_0\" value=\"MzIwtNQ1MNY1MlcwMrIyMLYyMAUA\" \/><input type=\"hidden\" name=\"postContent_0\" value=\"rVfNUhtHEL7nKSakKieQMJVUKAy47ICxYzt2QTBVvqRmta3VWLOzyswscnTiHXLJIWX7wDP4xMn7JjxJvu7ZFQhhJ67kop\/VTP98\/fXXre3J7naIvnLF7r5x5NS332xubGzcPRqMrC6UcUEdUDCDUVQ5eTX2JpowGOHgK3NqbEGBrMUDPYxyc\/2ughWH04bU\/Rj1YO3A15MJKVicNucZ31aPtLWw59S+i7O6ENMHVJJxrrmIM1OMyUQ1bC68nHpJHj\/11KMKji1e1mpX0NDYSD6qU\/LNh+GQXLQpTng+iggLh5welaROK5diWQ7COPxqLfw\/bc5htLfdb+HY7k92v9oGPFTuvoQBjvGzCW33cXJ+q7XykHMgQXaojcfbI+1ysktuUnwMrQF6TsNoTiUDJM9yfAvqQY27YWicdrOCPKcbRtUwKFc7RS4vmgsbTaECe7wFUUBlKw5iVquRzsj1Pr5\/XKojnCJxgFpTnOGDCVHhTdtQKSewFtetKaZEKpC4QjCEQ3hVDyhEqskDff5tVotFVO\/\/dvSw8mVijq0ybU0wyamuA5xO+By51XSNOaHrYapB2dZAZZrvRAVUhWdMARh0EuFRc4FnQUox0gwrcTWmZjBmZjHn3QCXYN8353UZe5+svQqxOfdjQUe7MTlPRW1TuEtEuB0mVJRhugWhVTVFw6lSu3\/0pYaVzznhXJdgg0Ard554E0hNAdLG+vpm6wVfcXhUWWSWedXf\/epLQ+tdhZbroJ5AUVL5pCMPfNW8G1duBsSBY0EF4V6Ggj4AcDh5efYne3NKZ5ZGbhngA0twOgOzhSioItcVme8ZtHLbTJn2KHAGVkK7oji6FuLWcr+3359WWfZ75QvtTNDRVAhkflagYk51hy\/P3j52CAMHT6EM1cxoS+qZ9mMQxsckkJdnf80tCC\/VY8dMDoEcOjPTQkOojM+QUkGAYlUelLp5h68sb0q3SlQHaG8EL7muDOcj7eNMfacyimSsKVBA7bvKPec7NwLeo1q0RSrZiXhqtRMa+YhCOTNW1HvZW478Ch0J57C5CBwJF6FmpKmHIpB6ivbmpkXJXYXop0iMs+rw4yabIo+JoIDYRdOQwRbaFee7cI9\/fvzL\/mHbzBPtwV9rmOgyjNQhMvCn7Mtdr9i1mNmZ1XVUUc\/WDlkaPF+E7LDNHFCAQsLN4OSutq16xRqjRWSKZYL7BmaqsdfdIDykwpR4H1fVBPFzf12e\/fHxfcpgsSFukuxFZduBGiAuhebTLP\/LvbTE01c1GoUK31wAcnCAqw6sudEOEowc7KpqO7Tz2JkGd9ANrQhMujB4MBDHgTSu851TL65326JI41aQCY2aBwBhrcnZgsDFY+wFyEmGXBpdSY2YwFAQXELIpRZ1KrV9XaOoKZjXGmpmypJlnIlmuMxptpMkpVkthBMPPbC7SmsLJXh7ArsZ97xULyU+z\/SecHqxGvshUdWILwwLm9jFN2+T6hPjEQZzgG8gzWPO0rbzvruG7u5m+CcM99QxBOq3GpgiO0mYp5h01tKapQLvK04lqZQ1Cx8g9I5ZcPsmxfpwNMGCgNqSlRE3q0vZYAhzjTUx81pEnzAhUMj9NJlR2IxYErgrUQWwK7SrlKt9UiI31HDcNUirwM8XhFP6\/UddTvQgqqrTouNySjaOjB0CkgpJwu+CpOcmjD3l+MxNxWOkxkBmL4CiOc9Z5PCEqaoO62EPcsOiqUociRXfSCuAkAJiy2Ockv\/7vqi51XgtwM91aE+2+9cIHlXFSyWPDw72mX6DLp8z\/SZ1mAqfWTPxATO4eUcpBY7gGcx0FQNZ76Nn0BpJfw9FiLg1MYC5gJzzHpVJdgjUBc6riXU+tXCiw+b6TeShYJoJhX2Zl0eX9r7lsQebezx6ZcOM6MayDkG2Il6WZOMJE0PWaxBndpOUVkK96Tsl4CT6WXNRoKQOq+GieJB6NaXBmLr\/GpAEhgsbP++ngMklmb0GoSTcJbaqEJA8QThZiLbCNlnjnEe5MylKpz4SyAtfDcGobvImwK+wlTMLE3FBEpPELaq1WEhkxpUa8VepDWWetC3IAgcGD0aQOKDgT0XUuGa4jmmbWi0kMs+3fv6f43jDg6rkOq89p1k56TVIVfMBic0lo1WXucSROjEsFSEzNm\/X8WGLYe8W+fsJ0GMZ97CetrQ0rVMXLe+prSB3O2E6hk73qXt4tGL3lFHKehBDkf43JavM+ZsOv0ZQPcWtFD1x80mzgCs4oEs5iGd7Fdx54agp1TPYj8KBjXV1PPL8LNUCfzqib1XuejOuojI24w0RNdJMgc3vl\/tZgiSIhkylltDMjSeVi3ocb1kctQJrhzsroxgnYavfn06nPS3\/GB0ShbKOezn1edt405uMJvdMvvPDnTvrmytYSrDvxp2VXzOLnX0FaNidFcf7BDLF5gSz5D35ld0vtb3d1\/8iQL471WENQK\/JA86tHscaZOwvuun\/p2i\/xNE89L8B\" \/> \t\t<a href=\"https:\/\/www.pdf24.org\" target=\"_blank\" title=\"www.pdf24.org\" rel=\"nofollow\"><img src=\"https:\/\/www.hohenlohe-ungefiltert.de\/wp-content\/plugins\/pdf24-post-to-pdf\/img\/pdf_32x32.png\" alt=\"\" border=\"0\" height=\"32\" \/><\/a> \t\t<span class=\"pdf24Plugin-cp-space\">&nbsp;&nbsp;<\/span> \t\t<span class=\"pdf24Plugin-cp-text\">Sende Artikel als PDF<\/span> \t\t<span class=\"pdf24Plugin-cp-space\">&nbsp;&nbsp;<\/span> \t\t<input class=\"pdf24Plugin-cp-input\" style=\"margin: 0px;\" type=\"text\" name=\"sendEmailTo\" placeholder=\"Emailadresse\" \/> \t\t<input class=\"pdf24Plugin-cp-submit\" style=\"margin: 0px;\" type=\"submit\" value=\"Senden\" \/> \t<\/form> <\/div>","protected":false},"excerpt":{"rendered":"<p>Einen &#8222;Schlag ins Gesicht der kritischen Zivilgesellschaft&#8220; nennt die Attac-Gruppe Schw\u00e4bisch Hall den Entzug der Gemeinn\u00fctzigkeit f\u00fcr den Verein. Hohenlohe-ungefiltert ver\u00f6ffentlicht die Stellungnahme von Attac Schw\u00e4bisch Hall in voller L\u00e4nge. Von der Attac-Gruppe Schw\u00e4bisch Hall F\u00fcr einen fairen Handel Attac scheint nach dem Entscheid des Bundesfinanzgerichtshofs nun endg\u00fcltig seine Gemeinn\u00fctzigkeit verloren zu haben.\u00a0Im Sinne des [&hellip;]<\/p>\n","protected":false},"author":1,"featured_media":0,"comment_status":"open","ping_status":"open","sticky":false,"template":"","format":"standard","meta":[],"categories":[1,9,10,6,2,8,4,5,3,7],"tags":[],"_links":{"self":[{"href":"https:\/\/www.hohenlohe-ungefiltert.de\/index.php?rest_route=\/wp\/v2\/posts\/24841"}],"collection":[{"href":"https:\/\/www.hohenlohe-ungefiltert.de\/index.php?rest_route=\/wp\/v2\/posts"}],"about":[{"href":"https:\/\/www.hohenlohe-ungefiltert.de\/index.php?rest_route=\/wp\/v2\/types\/post"}],"author":[{"embeddable":true,"href":"https:\/\/www.hohenlohe-ungefiltert.de\/index.php?rest_route=\/wp\/v2\/users\/1"}],"replies":[{"embeddable":true,"href":"https:\/\/www.hohenlohe-ungefiltert.de\/index.php?rest_route=%2Fwp%2Fv2%2Fcomments&post=24841"}],"version-history":[{"count":5,"href":"https:\/\/www.hohenlohe-ungefiltert.de\/index.php?rest_route=\/wp\/v2\/posts\/24841\/revisions"}],"predecessor-version":[{"id":24856,"href":"https:\/\/www.hohenlohe-ungefiltert.de\/index.php?rest_route=\/wp\/v2\/posts\/24841\/revisions\/24856"}],"wp:attachment":[{"href":"https:\/\/www.hohenlohe-ungefiltert.de\/index.php?rest_route=%2Fwp%2Fv2%2Fmedia&parent=24841"}],"wp:term":[{"taxonomy":"category","embeddable":true,"href":"https:\/\/www.hohenlohe-ungefiltert.de\/index.php?rest_route=%2Fwp%2Fv2%2Fcategories&post=24841"},{"taxonomy":"post_tag","embeddable":true,"href":"https:\/\/www.hohenlohe-ungefiltert.de\/index.php?rest_route=%2Fwp%2Fv2%2Ftags&post=24841"}],"curies":[{"name":"wp","href":"https:\/\/api.w.org\/{rel}","templated":true}]}}