{"id":24831,"date":"2019-03-24T20:23:22","date_gmt":"2019-03-24T19:23:22","guid":{"rendered":"http:\/\/www.hohenlohe-ungefiltert.de\/?p=24831"},"modified":"2019-03-24T20:23:22","modified_gmt":"2019-03-24T19:23:22","slug":"crailsheim-ist-bunt-demonstration-und-kundgebung-in-crailsheim-fuer-vielfalt-und-toleranz","status":"publish","type":"post","link":"https:\/\/www.hohenlohe-ungefiltert.de\/?p=24831","title":{"rendered":"&#8222;Crailsheim ist bunt!&#8220; \u2013 Demonstration und Kundgebung in Crailsheim f\u00fcr Vielfalt und Toleranz"},"content":{"rendered":"<p><strong>Zu einer &#8222;friedlichen und gewaltfreien Demo f\u00fcr Vielfalt und Toleranz&#8220; unter dem Motto &#8222;Crailsheim ist bunt!&#8220; laden Christian Hellenschmidt und Sebastian Karg f\u00fcr <\/strong><strong>Freitag, 29. M\u00e4rz 2019, ab 18 Uhr, nach Crailsheim ein. Karg ist\u00a0Kreisvorsitzender von\u00a0<\/strong><strong>B\u00fcndnis 90\/Die Gr\u00fcnen Schw\u00e4bisch Hall.<\/strong><\/p>\n<p><em>Von den Veranstaltern<\/em><\/p>\n<p><strong>Treffpunkt\u00a0am Wei\u00dfe-Rose-Platz<\/strong><\/p>\n<p>Treffpunkt ist um 18 Uhr am Wei\u00dfe-Rose-Platz vor dem Jagstbr\u00fcckenhochhaus. Gemeinsam geht es zum Marktplatz. Dort findet um 19 Uhr eine Kundgebung statt.\u00a0F\u00fcr alle, die nicht mit Bus und Bahn zur Demo anreisen, m\u00f6chten die Veranstalter darauf hinweisen, dass im Parkhaus Grabenstra\u00dfe oder auf dem Volksfestplatz geparkt werden kann.\u00a0Wir freuen uns auf viele TeilnehmerInnen bei der Demo &#8222;Crailsheim ist bunt!&#8220;<\/p>\n<p><strong>Weitere Informationen und Kontakt:<\/strong><\/p>\n<p><a href=\"https:\/\/www.facebook.com\/events\/2741079325909186\/permalink\/2742794165737702\/\" target=\"_blank\" rel=\"noopener noreferrer\">https:\/\/www.facebook.com\/events\/2741079325909186\/permalink\/2742794165737702\/<\/a><\/p>\n<div class=\"pdf24Plugin-cp\"> \t<form name=\"pdf24Form0\" method=\"post\" action=\"https:\/\/doc2pdf.pdf24.org\/wordpress.php\" target=\"pdf24PopWin\" onsubmit=\"var pdf24Win = window.open('about:blank', 'pdf24PopWin', 'resizable=yes,scrollbars=yes,width=600,height=250,left='+(screen.width\/2-300)+',top='+(screen.height\/3-125)+''); pdf24Win.focus(); if(typeof pdf24OnCreatePDF === 'function'){void(pdf24OnCreatePDF(this,pdf24Win));}\"> \t\t<input type=\"hidden\" name=\"blogCharset\" value=\"Cw1x07UAAA==\" \/><input type=\"hidden\" name=\"blogPosts\" value=\"MwQA\" \/><input type=\"hidden\" name=\"blogUrl\" value=\"yygpKSi20tcvLy\/Xy8jPSM3LARK6pXnpqWmZOSWpRSV6KakA\" \/><input type=\"hidden\" name=\"blogName\" value=\"88jPSM3LARK6pXnpqWmZOSWpRSUA\" \/><input type=\"hidden\" name=\"blogValueEncoding\" value=\"gzdeflate base64\" \/><input type=\"hidden\" name=\"postId_0\" value=\"MzKxMDYEAA==\" \/><input type=\"hidden\" name=\"postTitle_0\" value=\"U1O2MDIysnYuSszMKc5IzcxVyCwuUUgqzStRVANJGVgrPGqYrOCSmpufV1xSlFiSmZ+nUJqXouANJNJTgQrTFTLzFJD0px3eU6QQlpmak5aYUwJWGpKfk1qUmFcFAA==\" \/><input type=\"hidden\" name=\"postLink_0\" value=\"yygpKSi20tcvLy\/Xy8jPSM3LARK6pXnpqWmZOSWpRSV6Kan69gW2RiYWxoYA\" \/><input type=\"hidden\" name=\"postAuthor_0\" value=\"S0zJzcwDAA==\" \/><input type=\"hidden\" name=\"postDateTime_0\" value=\"MzIwtNQ1MNY1MlEwMrAyMLYyMgIA\" \/><input type=\"hidden\" name=\"postContent_0\" value=\"rVRNT9tAEL33V0xTqadgJ6YQDCEHQHwUIaFCg9RLtbbH3pXtWWt3nUj5M+XAb+iJE\/ljnbVDQaVSL73uzJuZ997MTpvZ1DqjqZh9awEVoYGPH\/aiKDrIjcKsUqlEgpYyKHApKpcbVPxwgrWGfP1oYK6wyjnQ5dzqCo2gVVdidMBvjgtmWMOVdk4\/lz42QlVWoqpBWQcJp71\/hlQi4\/rH0nBECYJzrCokm8paZX2TG0xEH7sUpuinmIYbFs9sTnlOJ4ohRHEAV+sHs4JoNI6HIBIY78FXaYZAIpXwahamH\/Q1uffT\/SWXsAttrHIrpIyJLDQ93b9pdbR+pIyUhXgUniiEM8MPzOEmlcv1Q6J4djgXVRW8IMNm9m7K0mM9m2sCz3juhbOOlURD05Ajv7M2qFuDed60VPJsooY7VOsfuPVFW9y6roRbvSn\/AuhkbusNc\/gbmsn1Tn0WhXUJc0hLJKlTKUVrAzjDmvWxDC1QOkALKy54JUzpGo8P4EQbB7lipfpecdfL7xRcsm8Fss8FMEXngqf7U28bq4JDyFg04kVzUCsHR63tbD4SkriH6XdNkHcDaQj1+iensmIe9lo1yIQRbQ5S0XKTmwlrgZ295jE9DfZGJLxNzghmD9qb6iGe91xXpc3R9nSYZeO5wRKNt6cURDz1nTLAJ9B2N2E77IIPAOEWVUUoazQX5M1PUIGv3g3\/77X\/02u2hxkhXFCuTS2c0rQ5w0tNTpRu\/+0yCZBs+OFAOtfY\/TBcLpdBLlJMtC6DVNchLpCcDaPJp\/FoEm9HO\/EoHu\/thg1yi0pR6UPRJP403t2ZbE8moygcgON7QHc4+J5UgsoBGKwOB6R1g\/6vIM0t0Rg0g9n\/7DsNRU\/sFw==\" \/> \t\t<a href=\"https:\/\/www.pdf24.org\" target=\"_blank\" title=\"www.pdf24.org\" rel=\"nofollow\"><img src=\"https:\/\/www.hohenlohe-ungefiltert.de\/wp-content\/plugins\/pdf24-post-to-pdf\/img\/pdf_32x32.png\" alt=\"\" border=\"0\" height=\"32\" \/><\/a> \t\t<span class=\"pdf24Plugin-cp-space\">&nbsp;&nbsp;<\/span> \t\t<span class=\"pdf24Plugin-cp-text\">Sende Artikel als PDF<\/span> \t\t<span class=\"pdf24Plugin-cp-space\">&nbsp;&nbsp;<\/span> \t\t<input class=\"pdf24Plugin-cp-input\" style=\"margin: 0px;\" type=\"text\" name=\"sendEmailTo\" placeholder=\"Emailadresse\" \/> \t\t<input class=\"pdf24Plugin-cp-submit\" style=\"margin: 0px;\" type=\"submit\" value=\"Senden\" \/> \t<\/form> <\/div>","protected":false},"excerpt":{"rendered":"<p>Zu einer &#8222;friedlichen und gewaltfreien Demo f\u00fcr Vielfalt und Toleranz&#8220; unter dem Motto &#8222;Crailsheim ist bunt!&#8220; laden Christian Hellenschmidt und Sebastian Karg f\u00fcr Freitag, 29. M\u00e4rz 2019, ab 18 Uhr, nach Crailsheim ein. Karg ist\u00a0Kreisvorsitzender von\u00a0B\u00fcndnis 90\/Die Gr\u00fcnen Schw\u00e4bisch Hall. Von den Veranstaltern Treffpunkt\u00a0am Wei\u00dfe-Rose-Platz Treffpunkt ist um 18 Uhr am Wei\u00dfe-Rose-Platz vor dem Jagstbr\u00fcckenhochhaus. [&hellip;]<\/p>\n","protected":false},"author":1,"featured_media":0,"comment_status":"open","ping_status":"open","sticky":false,"template":"","format":"standard","meta":[],"categories":[1,10,2,8,5,3,7],"tags":[],"_links":{"self":[{"href":"https:\/\/www.hohenlohe-ungefiltert.de\/index.php?rest_route=\/wp\/v2\/posts\/24831"}],"collection":[{"href":"https:\/\/www.hohenlohe-ungefiltert.de\/index.php?rest_route=\/wp\/v2\/posts"}],"about":[{"href":"https:\/\/www.hohenlohe-ungefiltert.de\/index.php?rest_route=\/wp\/v2\/types\/post"}],"author":[{"embeddable":true,"href":"https:\/\/www.hohenlohe-ungefiltert.de\/index.php?rest_route=\/wp\/v2\/users\/1"}],"replies":[{"embeddable":true,"href":"https:\/\/www.hohenlohe-ungefiltert.de\/index.php?rest_route=%2Fwp%2Fv2%2Fcomments&post=24831"}],"version-history":[{"count":1,"href":"https:\/\/www.hohenlohe-ungefiltert.de\/index.php?rest_route=\/wp\/v2\/posts\/24831\/revisions"}],"predecessor-version":[{"id":24832,"href":"https:\/\/www.hohenlohe-ungefiltert.de\/index.php?rest_route=\/wp\/v2\/posts\/24831\/revisions\/24832"}],"wp:attachment":[{"href":"https:\/\/www.hohenlohe-ungefiltert.de\/index.php?rest_route=%2Fwp%2Fv2%2Fmedia&parent=24831"}],"wp:term":[{"taxonomy":"category","embeddable":true,"href":"https:\/\/www.hohenlohe-ungefiltert.de\/index.php?rest_route=%2Fwp%2Fv2%2Fcategories&post=24831"},{"taxonomy":"post_tag","embeddable":true,"href":"https:\/\/www.hohenlohe-ungefiltert.de\/index.php?rest_route=%2Fwp%2Fv2%2Ftags&post=24831"}],"curies":[{"name":"wp","href":"https:\/\/api.w.org\/{rel}","templated":true}]}}