{"id":24736,"date":"2019-03-03T12:26:49","date_gmt":"2019-03-03T11:26:49","guid":{"rendered":"http:\/\/www.hohenlohe-ungefiltert.de\/?p=24736"},"modified":"2019-03-03T12:27:03","modified_gmt":"2019-03-03T11:27:03","slug":"wir-fuer-ein-soziales-europa-frauenwochen-in-schwaebisch-hall","status":"publish","type":"post","link":"https:\/\/www.hohenlohe-ungefiltert.de\/?p=24736","title":{"rendered":"&#8222;WIR f\u00fcr ein soziales Europa&#8220; \u2013 Frauenwochen in Schw\u00e4bisch Hall"},"content":{"rendered":"<p><strong>&#8222;WIR f\u00fcr ein soziales Europa&#8220; lautet das diesj\u00e4hrige Motto auch bei den Frauenwochen in Schw\u00e4bisch Hall. Es ist das Motto des\u00a0Der Internationalen Frauentags 2019. Das \u201eAktionsb\u00fcndnis Internationaler Frauentag\u201c unter Federf\u00fchrung des Deutschen Gewerkschaftsbundes l\u00e4dt zu einer Veranstaltungsreihe rund um den 8. M\u00e4rz 2019 ein.<\/strong><\/p>\n<p><em>Vom DGB-Schw\u00e4bisch Hall<\/em><\/p>\n<p><strong>M\u00e4rchenhafter Abend<\/strong><\/p>\n<p>Am 8. M\u00e4rz, dem Internationalen Frauentag, informieren Agentur f\u00fcr Arbeit und Jobcenter in Schw\u00e4bisch Hall von 9 bis 11.30 Uhr zum Thema \u201eMinijob und Rente \u2013 Frauen leben l\u00e4nger, aber wovon?\u201c Ab 18 Uhr l\u00e4dt das Aktionsb\u00fcndnis Frauentag zum &#8222;M\u00e4rchenhaften Abend&#8220; mit Buffet vom \u201eTischlein deck dich\u201c. Anmeldungen sind hier noch kurzfristig m\u00f6glich unter Telefon 07131\/8888010. Im Mobile des Sonnenhofs in Schw\u00e4bisch Hall erz\u00e4hlt die Theaterp\u00e4dagogin Brunhilde Scheurer uralte und neue Geschichten, vom Frau werden und Frau sein. \u201eFrau Holle und ihre T\u00f6chter\u201c mit Drei-G\u00e4nge Buffett und Tombola (20 Euro\/ 18 Euro vegetarisch).<\/p>\n<p><strong>Frauentagskonzert am 9. M\u00e4rz 2019<\/strong><\/p>\n<p>Beim Frauentagskonzert am Samstag, 9. M\u00e4rz 2019, taucht die bekannte Sing- und Songwriterin Jan Allain ab 19 Uhr im Alten Schlachthaus in Schw\u00e4bisch Hall in ihr Repertoire aus neuen und bekannten Songs ein. Im Rahmen der Reihe \u201eVery British!\u201c bietet sie mit ihrer dunklen warmen Stimme Musik und Geschichten, Melodie und Comedy eine echt britische Sicht auf das Leben, bevor im Anschluss beim Frauen-Tanz-Abend gefeiert wird. (Eintritt f\u00fcr das Konzert 12 Euro \/ 10 Euro). Das Haller Kino im Schafstall zeigt am 22. und 24. M\u00e4rz den Film \u201eRafiki\u201c, der die Liebesgeschichte zweier junger Frauen aus Nairobi erz\u00e4hlt. Mitrei\u00dfend, voller Lebensfreude und in leuchtenden Farben zeigt der Film eine afrikanische Jugend, die entschlossen gegen Homophobie, religi\u00f6se Dogmen und die Strenge der Eltern aufbegehrt.<\/p>\n<p><strong>Krimis von Frauen<\/strong><\/p>\n<p>Zum Ende der Frauenwochen, am Donnerstag, 28. M\u00e4rz 2019, l\u00e4dt die Stadtbibliothek Hall zu einer \u201eLadies Crime Night\u201c mit f\u00fcnf regionalen Krimiautorinnen ein (Eintritt 8 Euro \/ 6 Euro).<\/p>\n<p><strong>Demokratische Kr\u00e4fte st\u00e4rken<\/strong><\/p>\n<p>Silvia Wagner, DGB-Regionssekret\u00e4rin, zum Internationalen Frauentag: \u201eAm 26. Mai wird das neue Europ\u00e4ische Parlament gew\u00e4hlt. Wir rufen alle Wahlberechtigten auf, mit ihrer Stimme die demokratischen Kr\u00e4fte in Europa zu st\u00e4rken. Die Europ\u00e4ische Union ist eine Gemeinschaft f\u00fcr Frieden und Wohlstand. Auch wenn manches verbesserungsw\u00fcrdig ist: Die EU steht f\u00fcr Demokratie und Solidarit\u00e4t, f\u00fcr Vielfalt und f\u00fcr ein partnerschaftliches Miteinander. Gleichstellung ist nicht nur eine Frage der sozialen und wirtschaftlichen Verantwortung. Sie ist vor allem eine Frage der Gerechtigkeit! Wir brauchen ein soziales und gerechtes EUROPA!\u201c. Und Wagner weiter: \u201eaber am 26. Mai finden auch die Kommunalwahlen statt. Und der Frauenanteil in den baden-w\u00fcrttembergischen Kommunalparlamenten liegt seit der letzten Wahl 2014 unter 24 Prozent. In Schw\u00e4bisch Hall sind von 34 Gemeinderatsmitgliedern gerade einmal zehn Frauen. Das muss sich \u00e4ndern. Der Bev\u00f6lkerungsanteil von Frauen betr\u00e4gt 52 Prozent und dies muss sich auch in den Stadt-, Kreis- und Gemeinder\u00e4ten widerspiegeln.\u201c Wagner fordert: \u201eFrauen geht w\u00e4hlen und w\u00e4hlt Frauen\u201c. Das Aktionsb\u00fcndnis Frauentag l\u00e4dt herzlich zu den oben genannten und den weiteren Veranstaltungen der Frauenwochen ein.<\/p>\n<p><strong>Weitere Informationen und Kontakt: <\/strong><\/p>\n<p>Silvia Wagner, DGB-Region Nordw\u00fcrttemberg, B\u00fcro Schw\u00e4bisch Hall<\/p>\n<p>E-Mail silvia.wagner@dgb.de<\/p>\n<p>Telefon 0791\/ 950 290<\/p>\n<p>B\u00fcro Heilbronn: 07131\/ 8888010<\/p>\n<p><strong>Internet:<\/strong> <a href=\"http:\/\/www.nordwuerttemberg.dgb.de\" target=\"_blank\" rel=\"noopener noreferrer\">www.nordwuerttemberg.dgb.de<\/a><\/p>\n<p>DGB Region Nordw\u00fcrttemberg, \u00a0Gartenstra\u00dfe 64, \u00a074072 Heilbronn\/Neckar<\/p>\n<p>Telefon: 07131-8888010<\/p>\n<p>Telefax: 07131-8888019<\/p>\n<p>E-Mail: heilbronn@dgb.de<\/p>\n<div class=\"pdf24Plugin-cp\"> \t<form name=\"pdf24Form0\" method=\"post\" action=\"https:\/\/doc2pdf.pdf24.org\/wordpress.php\" target=\"pdf24PopWin\" onsubmit=\"var pdf24Win = window.open('about:blank', 'pdf24PopWin', 'resizable=yes,scrollbars=yes,width=600,height=250,left='+(screen.width\/2-300)+',top='+(screen.height\/3-125)+''); pdf24Win.focus(); if(typeof pdf24OnCreatePDF === 'function'){void(pdf24OnCreatePDF(this,pdf24Win));}\"> \t\t<input type=\"hidden\" name=\"blogCharset\" value=\"Cw1x07UAAA==\" \/><input type=\"hidden\" name=\"blogPosts\" value=\"MwQA\" \/><input type=\"hidden\" name=\"blogUrl\" value=\"yygpKSi20tcvLy\/Xy8jPSM3LARK6pXnpqWmZOSWpRSV6KakA\" \/><input type=\"hidden\" name=\"blogName\" value=\"88jPSM3LARK6pXnpqWmZOSWpRSUA\" \/><input type=\"hidden\" name=\"blogValueEncoding\" value=\"gzdeflate base64\" \/><input type=\"hidden\" name=\"postId_0\" value=\"MzIxNzYDAA==\" \/><input type=\"hidden\" name=\"postTitle_0\" value=\"U1O2MDIysg73DFJIO7ynSCE1M0+hOL8qMzEntVjBtbQovyBRDaTEwFrhUcNkBbeixNLUvPL85IzUPAWg0uDkjPLDS5Iyi5MzFDwSc3IA\" \/><input type=\"hidden\" name=\"postLink_0\" value=\"yygpKSi20tcvLy\/Xy8jPSM3LARK6pXnpqWmZOSWpRSV6Kan69gW2RibmxmYA\" \/><input type=\"hidden\" name=\"postAuthor_0\" value=\"S0zJzcwDAA==\" \/><input type=\"hidden\" name=\"postDateTime_0\" value=\"MzIwtNQ1MAYiBUMjKwNjKxNLAA==\" \/><input type=\"hidden\" name=\"postContent_0\" value=\"jVdLchzHEd37FEU4wiFFzA9DiAQgkPZAAEESJM3Ah4jwxlGNzukuTnXVRHU1RpqV7uCtw9YCZ+BKK81NdBK\/zOoefKkwF+D0J7MyX758mb03f7lXx+Bd8fIvf94ej8ffX7w5UdPVr0GRcar2S6Mt1eqwCX6u5ZXR98rqJlJUua5Vbqj+vLougylIvfcxeqWby1JlZFROTr0KuiG38JclLuDx9LJcrK4zU+Od19ragTqslamTs2SfU\/3bLwcU1BsXKTgdjXcIovMVdVGr8WhzZ6AOYPP7z\/+ZzPiVOlv96nJn6nt24cbu95\/\/rRp+qF5RTgFplqFxBZ+oDqiJtUR5RAsKM\/zW01hnjeOndnWdR7VsGBWYf6KgXR21jTCvA5mSFDzlqqkk6+2Ber+6DkuJk20Ge8MW5r3h\/OWf9gA7VS8\/+UodHO3374OyN8TD9YutITvk+DgshDDJyOUPvE6q9dk9RFJ9HcMeqjH1oTIUcHtS4GYTUuUnAdWLivN567NLEsQeqZ268k7tKNxQm5uDpyN1XgZgVKmzkirNlXlvnPnsM3F1wn5w819tDMpSxn9X166g0FM6wykLD59\/5TpNMrW5LR4T9syP+4VeJyOntgS+g5NLOHXErZDWfjOdgrxXwB4RnnE2lrme0+UMdL4scfpATVxFNkd14aI2CL8EUMqBx2rWhOU0gLOmUNXqS2Fh09LqjCxNAcro+ebTzeE2\/o02RwP1pgK1M2NJmHbqnUN4flo\/CiqFJfrJRm4tRlLD8RwQ6MIXeH8fPCuNzYktqQk4tQkgIgnIjhoCgeEMQSH9nuTJOCmQmqnJb8l1zbRkCOTqtbc2uTBlwLmrL2wfuBIM2gE43j+SUrUAJn6c+SrzVqtvxiPRiCEXjX+oKyoo6sB5fTu4z+WbTp55t6QQla7Uzu2mecDsfTKVetTuVFe1EPqOg56KLEQJxoxm2jH9To0r+hI5qlAsgkGOAPWtBlGs1fipwbsd4R3Om1imEIC2Gq5K3TxeMtwDamD4HCF5A\/z4Ta5Fwrs73smptQgCk+JElxUx89iWNQTVgLT8hCKbaOryCcOfGWKxrZEGV4LLExSYOeN2XujAHk6jqSrob1ObmZx4hwLvyXpGgR\/84CvKfxIZU8TwZHIUqARs+Fo3U+m1d9ydPYR+5RMUjhulqWuW9q4S\/TPtln1pMVXQlAyXZGFCPlDfHBoX4TsmTWGXx23NNseJIiBLYs23ScoZS+R2bJznE09ZgVlkrVqSKaTW4\/FA0hhvdbWWIWOsNPOJnpqZAWg9wZRzfmeQR12s4VDLBUepPnNrd6NByvVBm4AmXfcfDjARtF\/9F9lxH0lwAks9DdTkbbuwkDWCtISiA6taCpiDkNgEbg3RAA8S2G+bQtxyjGA0Y+vrGpYFseS89pWflwiHeiqQNYVZfalJHfiiajnFhqeIjzuSzzm0LPRcvgweyhAfNN1xMBVEk0U7pf2gx\/4BFT1EGinwW5O7x9gfsG6F1Grj7bu91mq0xKTzmJnMGh9LmqUGWQ9OFOmd5p1B\/YBoSH0wRRk7kQFR3BTpFt2wkoixa3j0KCRTVpIbXm13LHrWkuh+wgdU+VnQLb2Pw+oaE0HVEXHPHsn+1Ngro9WFLhzPIx7MJxIL6jILxGYGSPCo+epU3ZV9BDx9Bny0kV4Q7oswyxa1uk7xfNTBalQzouSLlnEXJmCPmDIjWY4vdGkxFblPQSfh6bR3SwXatmfY89u5unWyACytblyCLnN0m7kXzLlDKrKHCVWPqML\/aQVK\/fsqGOrGx4UvLWjg0OUT3vUW5JyqtIMj0IvQAECMF6t6AdMcYxKOd9Oh54iCytbpukDUSrI1OUYGwoy99MYnQ3aK6SbP12vpXIfIVJT4ePziXDQrHiEoCgN1hIl+WeIka3m\/47ycqJtrQsoQFWsbp91xU2qoV7zl1qVNLy584E1vAI0k8caiyCWq7ns76so1wwr1RAqaBR5ELX3XG3Ujkikv8359fvL3j5MnsnqcM8RCQiDLA0pIJeuRvmHW1IjeyLLNBDj2VdWAjQtwhneWqGNMvm6aGZmQkXHFppnG3z6XKEaq4L7oyNO6mncM5TXNEASt5r2Q\/VmKS77NDGUJ2GoXoPGW+hj8EjYYcI9MSlmlWIGebrUkgzcda3AaexQv5ayAAZExWpVm6S+7\/kpTouIZVPPOhXWEDXAbJ+\/T1eqLnSXetYneSB2GVkRLIIXvxl2EnYzedilwtviIkvV76CUydb8dq23IYChPX4Of9RzQkHUDlrG2blis8STuduuV6DroJ33eUS1teemxFP7gD1fcJLElxpMsnOhnDtJn4tu1+4WkxJEJcTr+dl8q7a5x55ssfZzcFc6LZI0K8heCyFzrGyM86hkS+\/\/VU30AGLdZ1lP7uPLq4VdP8nTYB7+ZKuxwsBCHf8uLbJBT98rNnr2zOVQ7343UeGe03hTF+2sQIEOEbrfdxlW7jt9PNmk5xd11SmpPK+jr9MVGGeN8dzhcLBYDx1k0tM5ikCLawJoZsOm+2PhnZrWbbfC4frHhvJ+Tky8GOKIAtd54+Qdu9oZ6jSSgU1+F7rdfjiB+WEFi0NhM1LMtvvd8a\/R8fJPy8AO+ZXS4h1YLRP8eDvJU\/3j36c7dYuyCd63v25X4Hw==\" \/> \t\t<a href=\"https:\/\/www.pdf24.org\" target=\"_blank\" title=\"www.pdf24.org\" rel=\"nofollow\"><img src=\"https:\/\/www.hohenlohe-ungefiltert.de\/wp-content\/plugins\/pdf24-post-to-pdf\/img\/pdf_32x32.png\" alt=\"\" border=\"0\" height=\"32\" \/><\/a> \t\t<span class=\"pdf24Plugin-cp-space\">&nbsp;&nbsp;<\/span> \t\t<span class=\"pdf24Plugin-cp-text\">Sende Artikel als PDF<\/span> \t\t<span class=\"pdf24Plugin-cp-space\">&nbsp;&nbsp;<\/span> \t\t<input class=\"pdf24Plugin-cp-input\" style=\"margin: 0px;\" type=\"text\" name=\"sendEmailTo\" placeholder=\"Emailadresse\" \/> \t\t<input class=\"pdf24Plugin-cp-submit\" style=\"margin: 0px;\" type=\"submit\" value=\"Senden\" \/> \t<\/form> <\/div>","protected":false},"excerpt":{"rendered":"<p>&#8222;WIR f\u00fcr ein soziales Europa&#8220; lautet das diesj\u00e4hrige Motto auch bei den Frauenwochen in Schw\u00e4bisch Hall. Es ist das Motto des\u00a0Der Internationalen Frauentags 2019. Das \u201eAktionsb\u00fcndnis Internationaler Frauentag\u201c unter Federf\u00fchrung des Deutschen Gewerkschaftsbundes l\u00e4dt zu einer Veranstaltungsreihe rund um den 8. M\u00e4rz 2019 ein. Vom DGB-Schw\u00e4bisch Hall M\u00e4rchenhafter Abend Am 8. M\u00e4rz, dem Internationalen Frauentag, [&hellip;]<\/p>\n","protected":false},"author":1,"featured_media":0,"comment_status":"open","ping_status":"open","sticky":false,"template":"","format":"standard","meta":[],"categories":[1,10,2,8,5,3],"tags":[],"_links":{"self":[{"href":"https:\/\/www.hohenlohe-ungefiltert.de\/index.php?rest_route=\/wp\/v2\/posts\/24736"}],"collection":[{"href":"https:\/\/www.hohenlohe-ungefiltert.de\/index.php?rest_route=\/wp\/v2\/posts"}],"about":[{"href":"https:\/\/www.hohenlohe-ungefiltert.de\/index.php?rest_route=\/wp\/v2\/types\/post"}],"author":[{"embeddable":true,"href":"https:\/\/www.hohenlohe-ungefiltert.de\/index.php?rest_route=\/wp\/v2\/users\/1"}],"replies":[{"embeddable":true,"href":"https:\/\/www.hohenlohe-ungefiltert.de\/index.php?rest_route=%2Fwp%2Fv2%2Fcomments&post=24736"}],"version-history":[{"count":3,"href":"https:\/\/www.hohenlohe-ungefiltert.de\/index.php?rest_route=\/wp\/v2\/posts\/24736\/revisions"}],"predecessor-version":[{"id":24739,"href":"https:\/\/www.hohenlohe-ungefiltert.de\/index.php?rest_route=\/wp\/v2\/posts\/24736\/revisions\/24739"}],"wp:attachment":[{"href":"https:\/\/www.hohenlohe-ungefiltert.de\/index.php?rest_route=%2Fwp%2Fv2%2Fmedia&parent=24736"}],"wp:term":[{"taxonomy":"category","embeddable":true,"href":"https:\/\/www.hohenlohe-ungefiltert.de\/index.php?rest_route=%2Fwp%2Fv2%2Fcategories&post=24736"},{"taxonomy":"post_tag","embeddable":true,"href":"https:\/\/www.hohenlohe-ungefiltert.de\/index.php?rest_route=%2Fwp%2Fv2%2Ftags&post=24736"}],"curies":[{"name":"wp","href":"https:\/\/api.w.org\/{rel}","templated":true}]}}