{"id":24712,"date":"2019-02-24T22:08:54","date_gmt":"2019-02-24T21:08:54","guid":{"rendered":"http:\/\/www.hohenlohe-ungefiltert.de\/?p=24712"},"modified":"2019-02-24T22:09:15","modified_gmt":"2019-02-24T21:09:15","slug":"noch-kandidaten-fuer-die-kommunalwahl-2019-gesucht-linke-treten-in-der-stadt-hall-sowie-in-den-landkreisen-schwaebisch-hall-und-hohenlohe-an","status":"publish","type":"post","link":"https:\/\/www.hohenlohe-ungefiltert.de\/?p=24712","title":{"rendered":"&#8222;Noch Kandidaten f\u00fcr die Kommunalwahl 2019 gesucht&#8220; \u2013 Linke treten in der Stadt Hall sowie in den Landkreisen Schw\u00e4bisch Hall und Hohenlohe an"},"content":{"rendered":"<p><strong>Die Partei DIE LINKE tritt am 26. Mai 2019 erstmals zur Gemeinderatswahl in Schw\u00e4bisch Hall mit einer offenen linken Liste an. Wer\u00a0Lust hat, zu kandidieren, kann am Mittwoch, 27. Februar 2019, um\u00a019 Uhr zum n\u00e4chsten Treffen der #LiLi\u00a0ins B\u00fcro der Partei DIE LINKE, Lange Stra\u00dfe 36, in Schw\u00e4bisch Hall kommen.<\/strong><\/p>\n<p><em>Von Heidi Scharf\u00a0f\u00fcr den Kreisvorstand LINKE Schw\u00e4bisch Hall\/Hohenlohe<\/em><\/p>\n<p><strong>Auch Nicht-Parteimitglieder k\u00f6nnen kandidieren<\/strong><\/p>\n<p>Es k\u00f6nnen auch Nicht-Parteimitglieder kandidieren, soweit sie sich zu unseren Grunds\u00e4tzen zur Kommunalwahl\u00a0bekennen. Also denkt mal dar\u00fcber nach.\u00a0Das n\u00e4chste Treffen der #LiLi findet am Mittwoch, 27. Februar 2019, um 19 Uhr im B\u00fcro der Partei DIE LINKE, Lange Stra\u00dfe 36, in Schw\u00e4bisch Hall statt.<\/p>\n<p><strong>Wahl zum Kreistag<\/strong><\/p>\n<p>Wir treten auch das erste Mal im Landkreis Schw\u00e4bisch Hall als Partei DIE LINKE bei der Wahl zum Kreistag an und haben daf\u00fcr 24 Kandidatinnen und\u00a0Kandidaten in allen Wahlkreisen und immer an erster Stelle eine Frau gew\u00e4hlt. Hier m\u00fcssen wir auch in jedem der sieben Wahlkreise\u00a0jeweils 50 Unterst\u00fctzungsunterschriften sammeln, also insgesamt 350 und das bis zur dritten M\u00e4rz-Woche.<\/p>\n<p><strong>Unterschriften sammeln<\/strong><\/p>\n<p>Es w\u00e4re super, wenn ihr euch meldet , um Unterschriften zu sammeln oder dass ihr selbst unterschreiben wollt. Ihr k\u00f6nnt euch per E-Mail\u00a0oder telefonisch\u00a0melden, dann bekommt ihr zeitnah ein oder mehrere Unterschriftenbl\u00e4tter. Bitte bei heidischarf672@gmail.com oder\u00a0Telefon 0791-20413888 oder 0160-5330009 melden.<\/p>\n<p><strong>Bitte um Wahlkampfspenden<\/strong><\/p>\n<p>Wir treten wieder im Hohenlohekreis an. Da ist die Liste noch nicht fertig erstellt. Kandidatinnen und Kandidaten melden sich\u00a0bitte bei Simon Brecht, E-Mail simon.shaho@linksjugend-solid-bw.de oder Telefon 0152-51597342. Im Hohenlohekreis \u00a0\u00a0m\u00fcssen wir keine St\u00fctzunterschriften sammeln, weil wir dort schon mit Ernst Kern im Kreistag vertreten sind.\u00a0Da wir nat\u00fcrlich auch einen guten Wahlkampf machen wollen und das finanziell ziemlich schwierig zu stemmen ist,\u00a0bitten wir euch um eine Spende. Die Spendenh\u00f6he ist nicht ma\u00dfgebend, denn jeder Euro z\u00e4hlt.\u00a0Damit k\u00f6nnen wir eigene Flyer und eventuell auch ein tolles Plakat zur Kreistagswahl Hohenlohe und Schw\u00e4bisch Hall\u00a0sowie f\u00fcr den Antritt in Schw\u00e4bisch Hall machen.<\/p>\n<p><strong>Das Spendenkonto lautet:<\/strong><\/p>\n<p>DIE LINKE Kreisvereinigung Schw\u00e4bisch Hall\/Hohenlohe<br \/>\nVerwendungszweck: Wahlkampf-Spende<br \/>\nVR Bank Schw\u00e4bisch Hall-Crailsheim<br \/>\nDE37 5229 0110 0113 848 005<\/p>\n<p>Auf der \u00dcberweisung die vollst\u00e4ndige Adresse angeben, damit ihr eine Spendenquittung bekommt. Diese ist\u00a0von der Steuer absetzbar.<\/p>\n<div class=\"pdf24Plugin-cp\"> \t<form name=\"pdf24Form0\" method=\"post\" action=\"https:\/\/doc2pdf.pdf24.org\/wordpress.php\" target=\"pdf24PopWin\" onsubmit=\"var pdf24Win = window.open('about:blank', 'pdf24PopWin', 'resizable=yes,scrollbars=yes,width=600,height=250,left='+(screen.width\/2-300)+',top='+(screen.height\/3-125)+''); pdf24Win.focus(); if(typeof pdf24OnCreatePDF === 'function'){void(pdf24OnCreatePDF(this,pdf24Win));}\"> \t\t<input type=\"hidden\" name=\"blogCharset\" value=\"Cw1x07UAAA==\" \/><input type=\"hidden\" name=\"blogPosts\" value=\"MwQA\" \/><input type=\"hidden\" name=\"blogUrl\" value=\"yygpKSi20tcvLy\/Xy8jPSM3LARK6pXnpqWmZOSWpRSV6KakA\" \/><input type=\"hidden\" name=\"blogName\" value=\"88jPSM3LARK6pXnpqWmZOSWpRSUA\" \/><input type=\"hidden\" name=\"blogValueEncoding\" value=\"gzdeflate base64\" \/><input type=\"hidden\" name=\"postId_0\" value=\"MzIxNzQCAA==\" \/><input type=\"hidden\" name=\"postTitle_0\" value=\"HY3NCcMwFINXERRyTn1qyQKBhF4ywWv8Wps4z+AffO0OXaFj9JZNOkmdXIQQ+qTmdFFKdTc\/Gwwk2mpKLHhs3wBtGYNf1yzkChkH1Z6veHLMs0nNDrYdfq83RisLIwXeUSvQHDAl0gk9OYfoS106csFYT5bANlY\/zaZsn7uN9fxoZtHovWFxVUDyBw==\" \/><input type=\"hidden\" name=\"postLink_0\" value=\"yygpKSi20tcvLy\/Xy8jPSM3LARK6pXnpqWmZOSWpRSV6Kan69gW2RibmhkYA\" \/><input type=\"hidden\" name=\"postAuthor_0\" value=\"S0zJzcwDAA==\" \/><input type=\"hidden\" name=\"postDateTime_0\" value=\"MzIwtNQ1MNI1MlEwMrIyMLIyNQEA\" \/><input type=\"hidden\" name=\"postContent_0\" value=\"rVbLUttIFN3nK27VbG3jB+aRoqjAQEIKkpoakrBuWddSx1KL6W7hir9lqsYLviErVvKPzbndsiGYYjazcZDSfR\/nnnOujm6Pj5y3lcmOzzTTH8p61nT28ZyuPn6+PCdvtfekShru9eiT0jTsDw6JrfOlKhwtaksfuGRtUrbKu7nKC9KGrif5fHWfaDfJ6UIVBZXaE06xpWo6ZcOGCm1m+OdKO8+kTI9u2DbLq9p5ypXvIDTNlEl1qtmy6ciDkUI+oaB5Nck7NNzv0XtObK1sKKtDddksUd7X3OJ6SWZ1P8kR3tAXy5KWUCX9dqWvdLPUxtHp6sFW4eXzxjt0pUzGdO2tWv3DNNrrvNjXrCpLNr2jnRbEo53b4zdHAJXL42+VoQtGA3JN2WmznCIf0hm6tKzdXQUY0WIL9fPYOxdVzqbAz9EOom0it5lOapz7rCe578biAXFWaJZuZqufRjB+AuBWheduc0y9FurpDFw1ZwzSgSkOx2VGtXHyf\/TB1iZ1q3u\/wIPQ4hLI1EYVQolmmTCGjVw9OimcQG5mnkAhSpVdPSRIZNQk7zXLM+U2c9seG02Faf6\/eUAtDXT5PwwZU\/K+93wAN8J1oVkYplfZFsQ32kJA7NcQp+hNpMNQUiGlIX06k9vbOUVdW2pM8CSNbKWGgDCJFMpJBC4ViDbcpcswPeV1mDNONMv1KzyjV6TCHxIv1BEPobQSWRAzVGsBEONcEDC9t6qmjFFtXvgeXYAaVK4enNydo+HQKSJ\/B33KUC3okvySpFl+ZxAJHY779NV4ybJ68IvaZK4Oj5Pc6qmU6BRKKUA9JbSBZjPGK08j3JRKBVKgFhiXilfhzqfVvV10b8AN3hra1xfDvyQONGhB8\/qWbYfmIC9p8ImlO1wREgaePQsIRbQxqZLeUZ8LFx0XCaxt0x5rwWReFQLix7zVrI8JkJPOu7BbKCeEAf48rYzQo1mG9IAkFUeEsCA0H3IsIE6jcplTzF4yEqGLX4tMCsgUL3p0KoAFVuXiUy7Y1N7+8F1WIndvUpUhTrP8EvNTf\/9w0B32dwejg4ODmKM\/2Ot3x6NRv98\/jMiYLdRjHqAVOKDK26m7ZQjZvCaZeTQgyGRjhFErsizOFIH4BGNqN4jBuMmIh9GUrddZ5G6Ad0sF9EQEseTgZ7CpDSDXukS\/p5YRsdMOA4fwsudylVfvZH+573WGPrquKnTaTea9lCMoG7wG42F3PBgf7o92h5jzVi\/NEvN8op5Z0Nh1K4eXpSDSCYfTysKMJzkSyX49twaQXLI1AtrGGu4AR0TUwTyDxYbbRiGLLcTHg2Yls6Gs9mutypzg0ZBRJGqLnUgONqzMQgNewm8ZgqAQjMwCeRGBZ1mMMqROC2tsMPAbTIh9BhZgmnr9t8lXP3MOs43DLOHMmfhH2pGtEX0F6qjh6YvoQdKR9L9eZyGNxmBgVsUPHJaq+Y6Nr6XgdbPkpSe4bKFmysed1WIWv2M2owoBnjt0s8Q2RN2bnX5i4sfSi58\/AcUtXciya\/ueVcZXVCjA799uyeJxBcQvB4haG53BMF\/7bEgs7Ry\/+cYW9pWKuS7mPJm9fZxuNyZfH\/yTTpWZbUXs\/m5BfgeLKNuTZ+ejfRoPh4cg+KAvPyM62D2gfn+8rvikngbzX\/2dSH7tpFaR6x1Qh93fQ4BYvSepZZCfZA8n0dRklMFqHxli\/qqBrERo7S5QxgWeNMu7Kn4hYEvVsrYSx36RKBvh\/hc=\" \/> \t\t<a href=\"https:\/\/www.pdf24.org\" target=\"_blank\" title=\"www.pdf24.org\" rel=\"nofollow\"><img src=\"https:\/\/www.hohenlohe-ungefiltert.de\/wp-content\/plugins\/pdf24-post-to-pdf\/img\/pdf_32x32.png\" alt=\"\" border=\"0\" height=\"32\" \/><\/a> \t\t<span class=\"pdf24Plugin-cp-space\">&nbsp;&nbsp;<\/span> \t\t<span class=\"pdf24Plugin-cp-text\">Sende Artikel als PDF<\/span> \t\t<span class=\"pdf24Plugin-cp-space\">&nbsp;&nbsp;<\/span> \t\t<input class=\"pdf24Plugin-cp-input\" style=\"margin: 0px;\" type=\"text\" name=\"sendEmailTo\" placeholder=\"Emailadresse\" \/> \t\t<input class=\"pdf24Plugin-cp-submit\" style=\"margin: 0px;\" type=\"submit\" value=\"Senden\" \/> \t<\/form> <\/div>","protected":false},"excerpt":{"rendered":"<p>Die Partei DIE LINKE tritt am 26. Mai 2019 erstmals zur Gemeinderatswahl in Schw\u00e4bisch Hall mit einer offenen linken Liste an. Wer\u00a0Lust hat, zu kandidieren, kann am Mittwoch, 27. Februar 2019, um\u00a019 Uhr zum n\u00e4chsten Treffen der #LiLi\u00a0ins B\u00fcro der Partei DIE LINKE, Lange Stra\u00dfe 36, in Schw\u00e4bisch Hall kommen. Von Heidi Scharf\u00a0f\u00fcr den Kreisvorstand [&hellip;]<\/p>\n","protected":false},"author":1,"featured_media":0,"comment_status":"open","ping_status":"open","sticky":false,"template":"","format":"standard","meta":[],"categories":[1,6,2,8,5,3],"tags":[],"_links":{"self":[{"href":"https:\/\/www.hohenlohe-ungefiltert.de\/index.php?rest_route=\/wp\/v2\/posts\/24712"}],"collection":[{"href":"https:\/\/www.hohenlohe-ungefiltert.de\/index.php?rest_route=\/wp\/v2\/posts"}],"about":[{"href":"https:\/\/www.hohenlohe-ungefiltert.de\/index.php?rest_route=\/wp\/v2\/types\/post"}],"author":[{"embeddable":true,"href":"https:\/\/www.hohenlohe-ungefiltert.de\/index.php?rest_route=\/wp\/v2\/users\/1"}],"replies":[{"embeddable":true,"href":"https:\/\/www.hohenlohe-ungefiltert.de\/index.php?rest_route=%2Fwp%2Fv2%2Fcomments&post=24712"}],"version-history":[{"count":4,"href":"https:\/\/www.hohenlohe-ungefiltert.de\/index.php?rest_route=\/wp\/v2\/posts\/24712\/revisions"}],"predecessor-version":[{"id":24734,"href":"https:\/\/www.hohenlohe-ungefiltert.de\/index.php?rest_route=\/wp\/v2\/posts\/24712\/revisions\/24734"}],"wp:attachment":[{"href":"https:\/\/www.hohenlohe-ungefiltert.de\/index.php?rest_route=%2Fwp%2Fv2%2Fmedia&parent=24712"}],"wp:term":[{"taxonomy":"category","embeddable":true,"href":"https:\/\/www.hohenlohe-ungefiltert.de\/index.php?rest_route=%2Fwp%2Fv2%2Fcategories&post=24712"},{"taxonomy":"post_tag","embeddable":true,"href":"https:\/\/www.hohenlohe-ungefiltert.de\/index.php?rest_route=%2Fwp%2Fv2%2Ftags&post=24712"}],"curies":[{"name":"wp","href":"https:\/\/api.w.org\/{rel}","templated":true}]}}