{"id":24693,"date":"2019-02-14T20:59:43","date_gmt":"2019-02-14T19:59:43","guid":{"rendered":"http:\/\/www.hohenlohe-ungefiltert.de\/?p=24693"},"modified":"2019-02-17T21:29:08","modified_gmt":"2019-02-17T20:29:08","slug":"will-die-spd-wirklich-hartz-iv-hinter-sich-lassen-kommentar-zur-berichterstattung-ueber-den-beschluss-des-spd-parteivorstands-sozialstaat-2025","status":"publish","type":"post","link":"https:\/\/www.hohenlohe-ungefiltert.de\/?p=24693","title":{"rendered":"&#8222;Will die SPD wirklich Hartz IV hinter sich lassen?&#8220; \u2013 Kommentar zu dem Beschluss des SPD-Parteivorstands &#8222;Sozialstaat 2025&#8220;"},"content":{"rendered":"<p><strong>Einen Kommentar zur Berichterstattung \u00fcber den Beschluss des SPD-Parteivorstands &#8222;Sozialstaat 2025&#8220; hat Jochen D\u00fcrr aus Schw\u00e4bisch Hall geschrieben. Er fragt &#8222;Will die SPD wirklich Hartz IV hinter sich lassen?&#8220;<\/strong><\/p>\n<p><em>Kommentar von Jochen D\u00fcrr, Vorsitzender Ver.di-Ortsverein Schw\u00e4bisch Hall<\/em><\/p>\n<p><strong>Bezugszeit beim Arbeitslosengeld I verl\u00e4ngern<\/strong><\/p>\n<p>Nach intensiver Lekt\u00fcre des Beschlusses des SPD-Parteivorstands muss ich mich zu Wort melden und kritische Anmerkungen anbringen. Festgehalten werden muss: \u00dcber 20 Millionen Menschen haben seit 2005 Hartz IV bezogen und sind damit pers\u00f6nlich gedem\u00fctigt worden. Sie haben das auf die SPD zur\u00fcckgef\u00fchrt, obwohl CDU\/CSU und FDP im Vermittlungsausschuss das Gesetzespaket damals sogar noch versch\u00e4rft hat. Die werden aber nicht verantwortlich gemacht. Man\/frau muss beim Arbeitslosengeld I, wenn man die Arbeitslosenhilfe wieder einf\u00fchren will, auch die Bezugszeit beim Arbeitslosengeld I verl\u00e4ngern. Nicht nur nach dem Alter, sondern auch nach der Beitragszeit.<\/p>\n<p><strong>Solidarische B\u00fcrgerversicherung<\/strong><\/p>\n<p>Eine wichtige Forderung aus gewerkschaftlicher Sicht ist die solidarische B\u00fcrgerversicherung. Anstatt eines B\u00fcrgergeldes, was \u00fcbrigens eine Forderung der FDP ist. Davon ist aber in dem Beschluss des SPD-Vorstandes Fehlanzeige. Das w\u00e4re eine wichtige L\u00f6sung, alle mit einzubeziehen: FreiberuflerInnen, Selbstst\u00e4ndige, Abgeordnete, BeamtInnen und MinisterInnen. Politisch wichtig ist eine soziale Grundsicherung, die armutsfest, bedarfsdeckend und repressionsfrei ist. Also ganz ohne Sanktionen auskommt. Unber\u00fccksichtigt geblieben ist in dem SPD-Papier: Man\/frau muss bei Hartz IV jede Arbeit annehmen, egal ob sie tariflich bezahlt wird oder nicht. Das sind alles Regelungen, die mit Hartz IV in dieses Gesetzeswerk hineingekommen sind und die man abschaffen muss, wenn man alles wirklich hinter sich lassen will.<\/p>\n<p><strong>Gr\u00f6\u00dfter Niedriglohnsektor Europas<\/strong><\/p>\n<p>Wer sich von der Agenda-2010 Politik wirklich lossagen m\u00f6chte, der muss der Deregulierung des Arbeitsmarktes den knallharten Kampf ansagen. Das bedeutet im Klartext: Sachgrundlose Befristungen und Leiharbeit sind abzuschaffen. Mini-\/Midijobs sind in sozialversicherungspflichtige Arbeitspl\u00e4tze umzuwandeln. Durch die Schr\u00f6dersche Agenda-2010-Politik wurden prek\u00e4re Arbeitsbedingungen und der Niedriglohnsektor in Deutschland zum Modellfall und dem gr\u00f6\u00dften in Europa. W\u00fcrde die SPD dies erkennen, dann m\u00fcsste sie die Beibehaltung niedriger Hartz-IV-Regels\u00e4tze nicht mit dem Niedriglohnsektor begr\u00fcnden. Frau Nahles hatte den Verzicht auf eine Erh\u00f6hung der Hartz-IV-S\u00e4tze damit begr\u00fcndet, dass es auch eine Verantwortung gegen\u00fcber den Menschen gebe, die f\u00fcr wenig Geld jeden Tag zur Arbeit gehen. Also mein Res\u00fcmee, liebe SPD: Als Tiger gestartet und als Bettvorleger gelandet.<\/p>\n<div class=\"pdf24Plugin-cp\"> \t<form name=\"pdf24Form0\" method=\"post\" action=\"https:\/\/doc2pdf.pdf24.org\/wordpress.php\" target=\"pdf24PopWin\" onsubmit=\"var pdf24Win = window.open('about:blank', 'pdf24PopWin', 'resizable=yes,scrollbars=yes,width=600,height=250,left='+(screen.width\/2-300)+',top='+(screen.height\/3-125)+''); pdf24Win.focus(); if(typeof pdf24OnCreatePDF === 'function'){void(pdf24OnCreatePDF(this,pdf24Win));}\"> \t\t<input type=\"hidden\" name=\"blogCharset\" value=\"Cw1x07UAAA==\" \/><input type=\"hidden\" name=\"blogPosts\" value=\"MwQA\" \/><input type=\"hidden\" name=\"blogUrl\" value=\"yygpKSi20tcvLy\/Xy8jPSM3LARK6pXnpqWmZOSWpRSV6KakA\" \/><input type=\"hidden\" name=\"blogName\" value=\"88jPSM3LARK6pXnpqWmZOSWpRSUA\" \/><input type=\"hidden\" name=\"blogValueEncoding\" value=\"gzdeflate base64\" \/><input type=\"hidden\" name=\"postId_0\" value=\"MzIxszQGAA==\" \/><input type=\"hidden\" name=\"postTitle_0\" value=\"LY1LCsIwFEW3ckHITCgBQehAEAeKk0JBx6F9kIf5QF5aISP34A5diQk6vAfuOWqz11r3d3YOMxPG4YQnp4fjyeJsUi643GA5ZEqQBp0RoXBQ7dj1+LzeuEbvKWSTUBbM5HEkmaxbROqS5twOVUW8xiTZhFmgft0xFjauMpOhO737W78=\" \/><input type=\"hidden\" name=\"postLink_0\" value=\"yygpKSi20tcvLy\/Xy8jPSM3LARK6pXnpqWmZOSWpRSV6Kan69gW2RiZmlsYA\" \/><input type=\"hidden\" name=\"postAuthor_0\" value=\"S0zJzcwDAA==\" \/><input type=\"hidden\" name=\"postDateTime_0\" value=\"MzIwtNQ1MNI1NFEwMrAyMLIyMQYA\" \/><input type=\"hidden\" name=\"postContent_0\" value=\"lVZNb9tGEL33VwxQoCdZdgUEKBzDhR1\/1E3sGlFin1fmkNxwuRR2l3Gh3xKgl\/wGn3TjH+ubWUp2qgZFL04oLufjvTdv9mh5fBRT6Hx1fG49e3rbtS37ZAKt+kCnHOxDnTjEZFLqfUXDesGBCpw85fhQuz5GPEWa357t3ZqQ2H7u5LQvIv304y+z2ez1vFtZ4\/CbSTQ7mL3Snw9eU43n37uHGrHOhnUIZHrEeagfh68Li9j0m3GOKkkTLC\/YT+k8UBlMlTah7y1OFJYlPT3a0Dir34W0oqs7qq1H7RTlR2diZP\/rmPxof+z6aH95\/MMRUOD2+Ln3z53\/prQJ3aErm1bsCwS84zAt7N4fIcXPHNj6nbKP9hFvG3vMdcqrvoortokWbFs6CfgnRdehsIpdQVeEcG74iqfgd0q8MQguHflocY7ecZNQHCv+Wzb4+3y0QpZg0cqfVU\/3XUjUIjP67H1BTbBJWmA68S2HBoTjjfGLYOV\/U7rgmCqujUMR9MhBPpSohzR8EV3MDugalNhOpHSNQhXC2oA8itL37ODg1TM\/C1511Zg7WvwpTItDS+htePLKZcUFt8M6WZD+2EnCKc1BeI5ZmAjVlFsJQLPD+qGpuBzWdUgT6haPXe3ozdnH\/Tfzj5ro4uyWAD44RK7k0GOE8FCpShkBLzkymI5L03CSkiBeil0FXXhoQjjC6eFrKJNoeEpnyD6CYQQFLzMjx4xPqDmNjbTgD6evjd+HiPtMx3eEMEFAD2yN195eHqitK5HPsigR2tNWhQ4APwEayCWf\/D+xTelGi\/YYei86A+p0Apoh\/diJ6H0OPb4Ua7AJo6gZpv9U+rxztjAha+kUIkUOgQ05OADxHW2L+aADlGArpgshWs6pJVQMcBuEMqVCieRzLdbGpK3G\/8g2hZzVwAQumZV8RFDgCKTBOWwtILOPeuRFAdKqKiYK0UaMQdIqz5h7gWnXCO\/GkcPjBdfOeIBUsXwfCTaBkeVv+n03PEUkA3vOMckI4P2qx3hYxgAd0gVMBhn70nG48hiuCc3ZLWKKCQQWiDGhk0XFKNtzwsMpmzbpSdX8tfWoevx2SrcATAd9U4L2pDVFNWumS3RfbBGcKM4mtH2KJTxgAk0B8TIW\/NDAEzVJ4GXgGDH8sUS9GbITFzuqgAB1NcLPjW9StgdQ28BwceajR28ytzFXk0D5wqnla2EjztnSlpbD4e4QPZvKJwzGqHZYl+e6Fbi4Mg5uAJthgsPbUocSCJvaJVkdBXXFZnYzU+pIwkik9wyxqBtmJISibUKrMyrGu3EO0assHxbbbHSr5GgCk35vxCpU0uVooS8mPufcrrPdLaazvjN0l2F4Gv6SozcwB8jZAfKIJdEFOu9DtzRxZ+7uN4FF2NL\/CXoszN7s4OeDUSbNcyUwj2jEsNvhSa4FE\/2kzdIPdIZdWPUgbpycuDGd1oQm6WLy1Hi0V8tmwmXDtMsSJGnQDDp0xX2C78Ky3jo59mc6hGwe6koUKfYFcZcY9pS3k0D6ji0iKuOZtMWq34A7VfHv7V\/bwn7qFiOt4Cwr\/aVPxKWqQkdyrHwJgwSj1Ler\/lEm2kmdfRhNFmsfoBe6EPgldntb7HrdC5iMRgd\/jIs2oY3nDop\/ZQ1VngENsRfkxnZr6Roqda6Um1H+rqVq5N3L+Uz0lO7hcZiDzWIUgRJUydk8CiNSG9YRpqAjkTcGPEZ2u7DnczEoS3W+d3W3p0MQMx55xckYSAW7lS8YVa29rusLmdMbzBlKwL5MrDrA\/l1pENnfaj3noR6e6o3pbtPOc8Z8NdjGTdIEdMcx7yWNcLdduRKlQr3++b66vY7AXDiPMVZnkLGDAV7KShTr8PTBVHr5HT2kEgsejayVu957jsO6ZcRQjxJ8D+U1fVC8cGFNotukBMnd4ZRTwi3McX4tXPK4M\/8G\" \/> \t\t<a href=\"https:\/\/www.pdf24.org\" target=\"_blank\" title=\"www.pdf24.org\" rel=\"nofollow\"><img src=\"https:\/\/www.hohenlohe-ungefiltert.de\/wp-content\/plugins\/pdf24-post-to-pdf\/img\/pdf_32x32.png\" alt=\"\" border=\"0\" height=\"32\" \/><\/a> \t\t<span class=\"pdf24Plugin-cp-space\">&nbsp;&nbsp;<\/span> \t\t<span class=\"pdf24Plugin-cp-text\">Sende Artikel als PDF<\/span> \t\t<span class=\"pdf24Plugin-cp-space\">&nbsp;&nbsp;<\/span> \t\t<input class=\"pdf24Plugin-cp-input\" style=\"margin: 0px;\" type=\"text\" name=\"sendEmailTo\" placeholder=\"Emailadresse\" \/> \t\t<input class=\"pdf24Plugin-cp-submit\" style=\"margin: 0px;\" type=\"submit\" value=\"Senden\" \/> \t<\/form> <\/div>","protected":false},"excerpt":{"rendered":"<p>Einen Kommentar zur Berichterstattung \u00fcber den Beschluss des SPD-Parteivorstands &#8222;Sozialstaat 2025&#8220; hat Jochen D\u00fcrr aus Schw\u00e4bisch Hall geschrieben. Er fragt &#8222;Will die SPD wirklich Hartz IV hinter sich lassen?&#8220; Kommentar von Jochen D\u00fcrr, Vorsitzender Ver.di-Ortsverein Schw\u00e4bisch Hall Bezugszeit beim Arbeitslosengeld I verl\u00e4ngern Nach intensiver Lekt\u00fcre des Beschlusses des SPD-Parteivorstands muss ich mich zu Wort melden [&hellip;]<\/p>\n","protected":false},"author":1,"featured_media":0,"comment_status":"open","ping_status":"open","sticky":false,"template":"","format":"standard","meta":[],"categories":[1,9,6,2,8,3],"tags":[],"_links":{"self":[{"href":"https:\/\/www.hohenlohe-ungefiltert.de\/index.php?rest_route=\/wp\/v2\/posts\/24693"}],"collection":[{"href":"https:\/\/www.hohenlohe-ungefiltert.de\/index.php?rest_route=\/wp\/v2\/posts"}],"about":[{"href":"https:\/\/www.hohenlohe-ungefiltert.de\/index.php?rest_route=\/wp\/v2\/types\/post"}],"author":[{"embeddable":true,"href":"https:\/\/www.hohenlohe-ungefiltert.de\/index.php?rest_route=\/wp\/v2\/users\/1"}],"replies":[{"embeddable":true,"href":"https:\/\/www.hohenlohe-ungefiltert.de\/index.php?rest_route=%2Fwp%2Fv2%2Fcomments&post=24693"}],"version-history":[{"count":4,"href":"https:\/\/www.hohenlohe-ungefiltert.de\/index.php?rest_route=\/wp\/v2\/posts\/24693\/revisions"}],"predecessor-version":[{"id":24702,"href":"https:\/\/www.hohenlohe-ungefiltert.de\/index.php?rest_route=\/wp\/v2\/posts\/24693\/revisions\/24702"}],"wp:attachment":[{"href":"https:\/\/www.hohenlohe-ungefiltert.de\/index.php?rest_route=%2Fwp%2Fv2%2Fmedia&parent=24693"}],"wp:term":[{"taxonomy":"category","embeddable":true,"href":"https:\/\/www.hohenlohe-ungefiltert.de\/index.php?rest_route=%2Fwp%2Fv2%2Fcategories&post=24693"},{"taxonomy":"post_tag","embeddable":true,"href":"https:\/\/www.hohenlohe-ungefiltert.de\/index.php?rest_route=%2Fwp%2Fv2%2Ftags&post=24693"}],"curies":[{"name":"wp","href":"https:\/\/api.w.org\/{rel}","templated":true}]}}