{"id":24655,"date":"2019-02-03T19:00:53","date_gmt":"2019-02-03T18:00:53","guid":{"rendered":"http:\/\/www.hohenlohe-ungefiltert.de\/?p=24655"},"modified":"2019-02-03T19:06:19","modified_gmt":"2019-02-03T18:06:19","slug":"armut-und-wohnungsnot-in-einem-reichen-land-vortrag-von-wolfgang-sartorius-in-schwaebisch-hall","status":"publish","type":"post","link":"https:\/\/www.hohenlohe-ungefiltert.de\/?p=24655","title":{"rendered":"&#8222;Armut und Wohnungsnot in einem reichen Land&#8220; \u2013\u00a0Vortrag von Wolfgang Sartorius in Schw\u00e4bisch Hall"},"content":{"rendered":"<p><strong>&#8222;Armut und Wohnungsnot in einem reichen Land&#8220; lautet der Titel des Vortrags von Wolfgang Sartorius im Brenzhaus in Schw\u00e4bisch Hall. Termin: Montag, 4. Februar 2019, um 19.30 Uhr. Sartorius ist\u00a0Leiter der Sozialeinrichtung Erlacher H\u00f6he. Veranstalter sind das Evangelische Kreisbildungswerks und der Akademie der Weltmarktverlierer in Schw\u00e4bisch Hall.<\/strong><\/p>\n<p><em>Vom Evangelischen Kreisbildungswerks und der Akademie der Weltmarktverlierer in Schw\u00e4bisch Hall<\/em><\/p>\n<p><strong>Ein Sechstel ist faktisch abgeh\u00e4ngt<\/strong><\/p>\n<p>Wolfgang Sartorius: &#8222;Unsere Gesellschaft ist gespalten, die Lage widerspr\u00fcchlich: einerseits boomende M\u00e4rkte und sprudelnde Steuern, andererseits sind etwa ein Sechstel der B\u00fcrgerinnen und B\u00fcrger faktisch abgeh\u00e4ngt. Sie sind die Verlierer der Modernisierung. Wir lassen es in Deutschland zu, dass Wohnen zum Luxus wird und sich alte, einkommensarme Menschen keine Brille leisten k\u00f6nnen. Vor allem die Bildungschancen sind in Deutschland sehr ungleich verteilt: 70 Prozent der Akademikerkinder, aber nur 20 Prozent der Arbeiterkinder studieren. Es liegt auf der Hand: Armut in einem armen Land ist eine Folge des Mangels. Aber Armut in einem reichen Land ist ein Problem mangelnder Gerechtigkeit.&#8220;<\/p>\n<p><strong>Ein Mann der Praxis<\/strong><\/p>\n<p>Wolfgang Sartorius ist als Diakon und Sozialarbeiter\/Sozialp\u00e4dagoge gesch\u00e4ftsf\u00fchrender Vorstand des diakonischen Sozialunternehmens Erlacher H\u00f6he ein kompetenter Mann der Praxis. Ehrenamtlich engagiert er sich im Vorstand der Evangelischen \u00a0Obdachlosenhilfe in Deutschland sowie im Aufsichtsrat von Diakonie Deutschland und Brot f\u00fcr die Welt.<\/p>\n<p><strong>Weitere Informationen und Kontakt:<\/strong><\/p>\n<p><a href=\"https:\/\/www.stuttgarter-zeitung.de\/inhalt.wolfgang-sartorius-vorsitzender-der-erlacher-hoehe-armut-hat-viele-facetten.3a65e348-2543-4ed0-beb8-05ff63dae50e.html\" target=\"_blank\" rel=\"noopener noreferrer\">https:\/\/www.stuttgarter-zeitung.de\/inhalt.wolfgang-sartorius-vorsitzender-der-erlacher-hoehe-armut-hat-viele-facetten.3a65e348-2543-4ed0-beb8-05ff63dae50e.html<\/a><\/p>\n<p><a href=\"https:\/\/www.erlacher-hoehe.de\/\" target=\"_blank\" rel=\"noopener noreferrer\">https:\/\/www.erlacher-hoehe.de\/<\/a><\/p>\n<p>https:\/\/www.erlacher-hoehe.de\/ueber-uns\/geschaeftsfuehrung-zentrale\/<\/p>\n<p><a href=\"https:\/\/www.diakonie.de\/wissen-kompakt\/obdachlosigkeit\/\" target=\"_blank\" rel=\"noopener noreferrer\">https:\/\/www.diakonie.de\/wissen-kompakt\/obdachlosigkeit\/<\/a><\/p>\n<p><a href=\"https:\/\/www.brot-fuer-die-welt.de\/\" target=\"_blank\" rel=\"noopener noreferrer\">https:\/\/www.brot-fuer-die-welt.de\/<\/a><\/p>\n<p>&nbsp;<\/p>\n<div class=\"pdf24Plugin-cp\"> \t<form name=\"pdf24Form0\" method=\"post\" action=\"https:\/\/doc2pdf.pdf24.org\/wordpress.php\" target=\"pdf24PopWin\" onsubmit=\"var pdf24Win = window.open('about:blank', 'pdf24PopWin', 'resizable=yes,scrollbars=yes,width=600,height=250,left='+(screen.width\/2-300)+',top='+(screen.height\/3-125)+''); pdf24Win.focus(); if(typeof pdf24OnCreatePDF === 'function'){void(pdf24OnCreatePDF(this,pdf24Win));}\"> \t\t<input type=\"hidden\" name=\"blogCharset\" value=\"Cw1x07UAAA==\" \/><input type=\"hidden\" name=\"blogPosts\" value=\"MwQA\" \/><input type=\"hidden\" name=\"blogUrl\" value=\"yygpKSi20tcvLy\/Xy8jPSM3LARK6pXnpqWmZOSWpRSV6KakA\" \/><input type=\"hidden\" name=\"blogName\" value=\"88jPSM3LARK6pXnpqWmZOSWpRSUA\" \/><input type=\"hidden\" name=\"blogValueEncoding\" value=\"gzdeflate base64\" \/><input type=\"hidden\" name=\"postId_0\" value=\"MzIxMzUFAA==\" \/><input type=\"hidden\" name=\"postTitle_0\" value=\"U1O2MDIysnYsyi0tUSjNS1EIz8\/IK81LL87LL1HIzFNIzcxLzVUoSs1MzkjNU\/BJzEtRA+kwsFZ41DD50IKw\/KKSosR0hbL8PKDOnLT0xLx0heDEopL8oszSYpABwckZ5YeXJGUWJ2coeCTm5AAA\" \/><input type=\"hidden\" name=\"postLink_0\" value=\"yygpKSi20tcvLy\/Xy8jPSM3LARK6pXnpqWmZOSWpRSV6Kan69gW2RiZmpqYA\" \/><input type=\"hidden\" name=\"postAuthor_0\" value=\"S0zJzcwDAA==\" \/><input type=\"hidden\" name=\"postDateTime_0\" value=\"MzIwtNQ1MNI1MFYwtLQyMLIyNQYA\" \/><input type=\"hidden\" name=\"postContent_0\" value=\"zVbLbhtHELznKxoK4JN2SevhyDQlQIJlK7CEGJAtHYNZbu\/ugLMzxMysaPBrfNA3+KST+WOpnqUU6gElcXLIQQJ3NdPdVV1V1Hh2MA7RO1sfvPh5b2tr682hb7tInS3p0jW2s3WwLpK2xNpyS571pGFLp8qW6cbwDRnVRY5UsqdPOrLBp0AXzkev6kBXzqKUqWplazpXPjqvu0C6pSPPdtEoebB0Pmnmy+tCh0lDJ8qYnD6xb7Ud0ZmzUdWbtJPTOy58pzxtDV++3qSupZev8+0hfW58vl46xO9fTxmj+DTUuVtoZTC\/x+wRkOjYGwUYnk6W3xrO6YK9siEqI1eCBvhSBTq+wshsZCSmD0AeCm1KoWTOfhoSSVL\/cKpKbjWnh0s2sVV+Gq\/YG80er55CNx6saB8PZgc\/jbEGbg8uXHuvqf2Pu44HaHLXcDXAsRzkSRNkc6COKjWN6Yoqam6W17aOj6Z9vNARrQT02Qb0p\/cc2BiUUVVMZWsOMyHYblKJqU9VzTTXGD7M\/PJm0hgsZ5RU5gN2F6hwrmVbMp0tr4GME3Ic7ko28vo8csce5SBFQdzfStvjOFdS6k9gQtLR8sbX7LW1YFaKrV48hRh6wpC9FPDh4o5WKXTm8NvqgDfYS06X2sMEIaAsJzG\/5S6insFktOg2RU0h+QknFpDtafcFOp1rX\/agtPQGN5sy9NS1wB2UbwEdH5IQpkIMHKONYYKWAQovl98ESy5mw30Df8qwRyu9gHs7wbGE4sFUgRuP3rURPxNUE1mbOKJfhvTRuwXbuC6yKZSnhWWQXeC17cSD90\/6IjmuP0chdqUQhuGOA4G7OpLqqnT0BAOMqA+au2ARuH2sJLUkuO+cqTmlyVkyRcjpsEi97l1dz6TbyzJbIYS06Waa6T3mQQDoGmTGfJVeT9kB3Wya9KNXX3T4G+pPbZUJ9FarqevV1ceOWvEy6B9ny+tS1Q6w4IcJtFbFUC1vGs9pRCwSMZQcHrBLqbVKgv56Z1HKciMCeZBiCTW0M2NIQ3LsAQosQrqoNorTiG2tamwIbPlegEjktfb+QRJ9\/\/pbUaKdcZB5o03FjyTl5hAfqhx2lRSMwauY4r8nBX9cP54M6PHdAvg+6VZCLH+4j8vEHtOvtnK+VVG7W\/d+kO+FaRw9jlJFQFrtbzQxzsJoMJjP5zkEGWONfbHPFqgpxi15oG0D4+Xz1UazcLvR7Apc6LhIe8nkh1d0Z43jhjMlIswaFbMrzYazSk04gvp8W73a5e2dvWxrd2c72+FymBVc7GXD3ap6tV0q3h1y3sTWbFBUyJ+4v\/F7AUqmG1Cy2d+wzs3YisscULBH6mwc\/M+hjAfqefrvd5RxfxT940rrzZ8\/2THiI+tsGCT3KRb3dYhCUJhJlHn8nzB4FsjKlKncXEvmZ2I6CHHgbg3SJ8wPI\/wHLf6S9wIOywARe9eczcVh\/4L7p6utD\/HCFmHWh+of\" \/> \t\t<a href=\"https:\/\/www.pdf24.org\" target=\"_blank\" title=\"www.pdf24.org\" rel=\"nofollow\"><img src=\"https:\/\/www.hohenlohe-ungefiltert.de\/wp-content\/plugins\/pdf24-post-to-pdf\/img\/pdf_32x32.png\" alt=\"\" border=\"0\" height=\"32\" \/><\/a> \t\t<span class=\"pdf24Plugin-cp-space\">&nbsp;&nbsp;<\/span> \t\t<span class=\"pdf24Plugin-cp-text\">Sende Artikel als PDF<\/span> \t\t<span class=\"pdf24Plugin-cp-space\">&nbsp;&nbsp;<\/span> \t\t<input class=\"pdf24Plugin-cp-input\" style=\"margin: 0px;\" type=\"text\" name=\"sendEmailTo\" placeholder=\"Emailadresse\" \/> \t\t<input class=\"pdf24Plugin-cp-submit\" style=\"margin: 0px;\" type=\"submit\" value=\"Senden\" \/> \t<\/form> <\/div>","protected":false},"excerpt":{"rendered":"<p>&#8222;Armut und Wohnungsnot in einem reichen Land&#8220; lautet der Titel des Vortrags von Wolfgang Sartorius im Brenzhaus in Schw\u00e4bisch Hall. Termin: Montag, 4. Februar 2019, um 19.30 Uhr. Sartorius ist\u00a0Leiter der Sozialeinrichtung Erlacher H\u00f6he. Veranstalter sind das Evangelische Kreisbildungswerks und der Akademie der Weltmarktverlierer in Schw\u00e4bisch Hall. Vom Evangelischen Kreisbildungswerks und der Akademie der Weltmarktverlierer [&hellip;]<\/p>\n","protected":false},"author":1,"featured_media":0,"comment_status":"open","ping_status":"open","sticky":false,"template":"","format":"standard","meta":[],"categories":[1,9,2,8,5,3],"tags":[],"_links":{"self":[{"href":"https:\/\/www.hohenlohe-ungefiltert.de\/index.php?rest_route=\/wp\/v2\/posts\/24655"}],"collection":[{"href":"https:\/\/www.hohenlohe-ungefiltert.de\/index.php?rest_route=\/wp\/v2\/posts"}],"about":[{"href":"https:\/\/www.hohenlohe-ungefiltert.de\/index.php?rest_route=\/wp\/v2\/types\/post"}],"author":[{"embeddable":true,"href":"https:\/\/www.hohenlohe-ungefiltert.de\/index.php?rest_route=\/wp\/v2\/users\/1"}],"replies":[{"embeddable":true,"href":"https:\/\/www.hohenlohe-ungefiltert.de\/index.php?rest_route=%2Fwp%2Fv2%2Fcomments&post=24655"}],"version-history":[{"count":4,"href":"https:\/\/www.hohenlohe-ungefiltert.de\/index.php?rest_route=\/wp\/v2\/posts\/24655\/revisions"}],"predecessor-version":[{"id":24658,"href":"https:\/\/www.hohenlohe-ungefiltert.de\/index.php?rest_route=\/wp\/v2\/posts\/24655\/revisions\/24658"}],"wp:attachment":[{"href":"https:\/\/www.hohenlohe-ungefiltert.de\/index.php?rest_route=%2Fwp%2Fv2%2Fmedia&parent=24655"}],"wp:term":[{"taxonomy":"category","embeddable":true,"href":"https:\/\/www.hohenlohe-ungefiltert.de\/index.php?rest_route=%2Fwp%2Fv2%2Fcategories&post=24655"},{"taxonomy":"post_tag","embeddable":true,"href":"https:\/\/www.hohenlohe-ungefiltert.de\/index.php?rest_route=%2Fwp%2Fv2%2Ftags&post=24655"}],"curies":[{"name":"wp","href":"https:\/\/api.w.org\/{rel}","templated":true}]}}