{"id":24645,"date":"2019-01-30T21:47:07","date_gmt":"2019-01-30T20:47:07","guid":{"rendered":"http:\/\/www.hohenlohe-ungefiltert.de\/?p=24645"},"modified":"2019-01-30T21:47:07","modified_gmt":"2019-01-30T20:47:07","slug":"der-marktgerechte-patient-akademie-der-weltmarktverlierer-dokumentarfilm-wird-in-schwaebisch-hall-gezeigt","status":"publish","type":"post","link":"https:\/\/www.hohenlohe-ungefiltert.de\/?p=24645","title":{"rendered":"\u201eDer marktgerechte Patient\u201c &#8211; Akademie der Weltmarktverlierer: Dokumentarfilm wird in Schw\u00e4bisch Hall gezeigt"},"content":{"rendered":"<p><strong>Der Dokumentarfilm \u201eDer marktgerechte Patient\u201c\u00a0wird am Freitag, 1. Februar 2019, um \u00a020 Uhr im Kino im Schafstall in Schw\u00e4bisch Hall gezeigt. Im Anschluss an den Film gibt es eine Diskussion mit GewerkschafterIinnen aus Schw\u00e4bisch Hall. Die Filmvorf\u00fchrung ist eine Initiative der Gewerkschaft Ver.di, Ortsverein Schw\u00e4bisch Hall.<\/strong><\/p>\n<p><em>Von Jochen D\u00fcrr,\u00a0Ver.di-Ortsverein Schw\u00e4bisch Hall<\/em><\/p>\n<p><strong>Dramatischen Fehlentwicklungen<\/strong><\/p>\n<p>Die Gewerkschaft Ver.di fordert seit vielen Jahren von den politischen Verantwortlichen eine gesetzliche Personalbemessung: Auf diesem Weg konnte Ver.di in zahlreichen Krankenh\u00e4usern per Tarifvertrag Personalbemessung durchzusetzen. Seit dreizehn Jahren gilt f\u00fcr deutsche Krankenh\u00e4user das Abrechnungssystem der Fallpauschalen. Schon bei Einf\u00fchrung dieses Systems warnten viele Kenner des Gesundheitswesens vor dramatischen Fehlentwicklungen in den Krankenh\u00e4usern.<\/p>\n<p><strong>Wer tr\u00e4gt die Verantwortung<\/strong><\/p>\n<p>Zehn Jahre sp\u00e4ter wissen wir: Die Warnungen waren berechtigt. In den Krankenh\u00e4usern herrschen Personalnot, \u00dcber-, Unter- und Fehlversorgung. Bei den Entscheidungen \u00fcber Behandlungen und Dauer des Krankenhausaufenthaltes wird nicht allein nach medizinischen Kriterien entschieden, sondern immer deutlicher danach, was sich gewinnbringend abrechnen l\u00e4sst. Immer mehr Krankenh\u00e4user werden privatisiert. Was sind die \u00f6konomisch-politischen Ursachen f\u00fcr diese Entwicklung? Wer tr\u00e4gt die Verantwortung f\u00fcr diese Mangelsituation im Gesundheitswesen? Was ist los in den Krankenh\u00e4usern und wie k\u00f6nnen wir eine patienten- und personalgerechte Ver\u00e4nderung bewirken?<\/p>\n<p>Vor diesem Hintergrund spricht der Dokumentarfilm &#8222;Der markgerechte Patient&#8220; ein wichtiges Thema an, weswegen der Film im Kino im Schafstall gezeigt wird.Zum<\/p>\n<p><strong>Hintergrund des Filmes &#8222;Der markgerechte Patient&#8220;:<\/strong><\/p>\n<p>Seit 8. November 2018 ist er bundesweit zu sehen: Der Dokumentarfilm \u201eDer marktgerechte Patient\u201c hat eine solche Aufkl\u00e4rungswirkung in den Krankenh\u00e4usern, dass wohl niemand, der ihn gesehen hat, ihn missen mag. Besch\u00e4ftigte deutscher Kliniken sagen, sie h\u00e4tten zu Hause und unter Freunden kaum \u00fcber ihre Erlebnisse sprechen k\u00f6nnen, weil sie ihnen als zu unglaublich und dabei auch zu komplex erschienen. Der Film \u201eDer marktgerechte Patient\u201c habe f\u00fcr sie dieses Dickicht gelichtet, indem er den Klinikalltag selbst und die Ursachen auf einen Nenner gebracht hat: Darf die Daseinsvorsorge Gesundheitsversorgung den Marktgesetzen ausgeliefert werden? Ist es richtig und darf es erlaubt sein, die Krankenh\u00e4user als letzte Hilfeinstanz f\u00fcr Menschen in Not f\u00fcr Erwerbs-, f\u00fcr Profitzwecke zu missbrauchen?<\/p>\n<p><strong>Pflegenotstand<\/strong><\/p>\n<p>Der Film dringt immer weiter in den Blutkreislauf der Krankenh\u00e4user ein und forciert damit die Diskussion auf allen Ebenen der Krankenversorgung unter den Besch\u00e4ftigten, aber auch in Verb\u00e4nden der Krankenh\u00e4user, \u00c4rztekammern, Krankenkassen, Universit\u00e4tskliniken. Und es ist auch einiges vor allem im grauen Alltag des Pflegenotstands in Bewegung gekommen.<\/p>\n<p><strong>Krank machender Job<\/strong><\/p>\n<p>Gesundheitsminister Spahn reklamiert f\u00fcr sich die \u201eHeldentat\u201c, mit neuen Pflegepersonaluntergrenzen den Notstand anzugehen. Von Minister Spahn heftig bek\u00e4mpft hat die Bundesregierung f\u00fcr 2020 beschlossen, dass die Finanzierung der Pflege aus den Fallpauschalen herausgenommen und jede neue Pflegestelle von den Krankenkassen finanziert wird. Dies w\u00e4re ein gro\u00dfer Fortschritt und vielleicht auch der erste Sargnagel f\u00fcr die DRGs. Doch der Widerstand ist eminent. An der Seite von Spahn beschw\u00f6ren die Krankenkassen und der von privaten Konzernen dominierte Krankenhausverband den Weltuntergang. Doch selbst wenn es zu der Herausnahme der Pflege aus den DRGs kommt, wird es auch bei neuen Stellen nicht automatisch gen\u00fcgend BewerberInnen f\u00fcr diesen wahrhaft krank machenden Job geben.<\/p>\n<p><strong>F\u00fcnf Milliarden Euro mehr k\u00f6nnten viel bewirken<\/strong><\/p>\n<p>Elf Milliarden Euro \u00dcberschuss im Staatshaushalt vermeldet die Bundesregierung. F\u00fcnf Milliarden Euro f\u00fcr mehr Personal und mehr Lohn in diesem Knochenjob k\u00f6nnten den Pflegenotstand im Nu beheben.<\/p>\n<p><strong>Mehr Infos zum Film:<\/strong><\/p>\n<p>Flyer zum Film :<br \/>\n<a class=\"moz-txt-link-freetext\" href=\"http:\/\/der-marktgerechte-patient.org\/images\/PDF\/Flyer_MP_A5.pdf\">http:\/\/der-marktgerechte-patient.org\/images\/PDF\/Flyer_MP_A5.pdf<\/a><\/p>\n<p>Facebook :<br \/>\n<a class=\"moz-txt-link-freetext\" href=\"https:\/\/www.facebook.com\/Der-marktgerechte-Mensch-der-Film-1702952556693250\/\">https:\/\/www.facebook.com\/Der-marktgerechte-Mensch-der-Film-1702952556693250\/<\/a><\/p>\n<p>Fotos zum Pressebericht :<br \/>\n<a class=\"moz-txt-link-freetext\" href=\"http:\/\/der-marktgerechte-patient.org\/images\/Private-Fachklinik-Isarklinikum---lukrative-Fallpauschalen-sind-profitabel.jpg\">http:\/\/der-marktgerechte-patient.org\/images\/Private-Fachklinik-Isarklinikum&#8212;lukrative-Fallpauschalen-sind-profitabel.jpg<\/a><\/p>\n<p>Pressetext :<br \/>\n<a class=\"moz-txt-link-freetext\" href=\"http:\/\/der-marktgerechte-patient.org\/images\/PDF\/Der-marktgerechte-Patient---Pressetext.pdf\">http:\/\/der-marktgerechte-patient.org\/images\/PDF\/Der-marktgerechte-Patient&#8212;Pressetext.pdf<\/a><\/p>\n<p>Presseheft :<br \/>\n<a class=\"moz-txt-link-freetext\" href=\"http:\/\/der-marktgerechte-patient.org\/images\/PDF\/Presseheft-Der_marktgerechte_Patient.pdf\">http:\/\/der-marktgerechte-patient.org\/images\/PDF\/Presseheft-Der_marktgerechte_Patient.pdf<\/a><\/p>\n<div class=\"pdf24Plugin-cp\"> \t<form name=\"pdf24Form0\" method=\"post\" action=\"https:\/\/doc2pdf.pdf24.org\/wordpress.php\" target=\"pdf24PopWin\" onsubmit=\"var pdf24Win = window.open('about:blank', 'pdf24PopWin', 'resizable=yes,scrollbars=yes,width=600,height=250,left='+(screen.width\/2-300)+',top='+(screen.height\/3-125)+''); pdf24Win.focus(); if(typeof pdf24OnCreatePDF === 'function'){void(pdf24OnCreatePDF(this,pdf24Win));}\"> \t\t<input type=\"hidden\" name=\"blogCharset\" value=\"Cw1x07UAAA==\" \/><input type=\"hidden\" name=\"blogPosts\" value=\"MwQA\" \/><input type=\"hidden\" name=\"blogUrl\" value=\"yygpKSi20tcvLy\/Xy8jPSM3LARK6pXnpqWmZOSWpRSV6KakA\" \/><input type=\"hidden\" name=\"blogName\" value=\"88jPSM3LARK6pXnpqWmZOSWpRSUA\" \/><input type=\"hidden\" name=\"blogValueEncoding\" value=\"gzdeflate base64\" \/><input type=\"hidden\" name=\"postId_0\" value=\"MzIxMzEFAA==\" \/><input type=\"hidden\" name=\"postTitle_0\" value=\"HcsxCgIxEAXQq3wQ7NdKtBK2sBQsrGPyTYYkK4yjC1Z7ELHyJt5kT2Kwf2+e3j0V1Wm2SKVPRhycCQebpxeWi\/Wq67bYZRdYhQhNn1jsPx7UIm3pBv0132tLTi9SKkbRABlw9Gn8fs5y8wl7Vwoin5RoPw==\" \/><input type=\"hidden\" name=\"postLink_0\" value=\"yygpKSi20tcvLy\/Xy8jPSM3LARK6pXnpqWmZOSWpRSV6Kan69gW2RiZmJqYA\" \/><input type=\"hidden\" name=\"postAuthor_0\" value=\"S0zJzcwDAA==\" \/><input type=\"hidden\" name=\"postDateTime_0\" value=\"MzIwtNQ1MNQ1NlAwMrQyACJzAA==\" \/><input type=\"hidden\" name=\"postContent_0\" value=\"tVjNcttGEr7vU0x5q\/ZEkDK3lNiyIpVclCJZK61qFdtVubgGxAAYYzBgzQxEh6cc9jFSiQ96Bp90Mt8kT7Jf94AUKTLe2Ls+0QIw\/fP111\/3eH9ysO+Da2xxMFJOjJqqrZUN0uXa1OL3n3+lp7V0VSiUU+MyKHElg8Ynv\/\/8y8f3U+0yIWtx4pQOsuiJx31xolLXSieGO4+f9kRbi4\/vhzviZemErsW5tg39Xo9LmfsgjRHa0l\/T+W2q\/bgUp\/SsUDOli9AXZ7U4snhsWu+FtCJTVpxQaIVOg1BeKG2VGGlf4QPdWFHrIL5XU+UqTy6CcmfaWpySrd\/w08dJxfZuGpfP70rX2kJoH6LZM6uDRrY3Cn7dmlnxSrl+pnviny74G0CzJYv+\/qCDdn8wOfjLPqBW9cErBPmiGZcIaTS\/c6738X20lXzC1P4AJ5dWFgVzskZ0nm2dqNKgKlM9rgySUHbDOaW6JQWRNw7ZBeFRQnGjFcyIF7J0+LlpIuKTxuiFI5yS8NO4YDQ\/YKgK5VWY8RNxpZxvrDSpqpX3CGZPHLW5yDS+qcVrVYiqsRZM6gJAvjNZGiTO9s5hv1K2nN+2Xjk4B\/Q\/SKdzYBOcLDbti6x143LWUgjK9sU1ZZLB3kyVy1wKbYJAjR0yagPl8sCTyKQXRymx3MKo9z\/5gHip8icowQQEAm6GHYxLIJMqLY61XfKGEwTJ+JwXU+mQpI2QinMFFpJvjyIg6KxEkH6KE9YDZ7z5ZDUJpGwTnP5DTryGj+Dmt0WgcFaKBSsbjPhxCY\/wk\/ktekVMtUdE+HF73BuvkUQMAOkoyplVIPbm1pBEqZyLWSwKZZvQE\/NfcDbpiZcAxSUCCHCWN\/SNK+CjL54DULJ4bLk+Ooue53c4iZeltFmHBp0eybYDdBEBKiTbHLihTAHPWZ0sWBUECkh9ZSUaqlaZnmnbQX3uNALSRGR2qxVC6AkEnlE2uq5VpAyTm1hCRnrAwwuPR6D+FAqTOk2RQQ0jg2DPzG+9Zw0jE7WCAj5gHJqR28vpGyq9BsH7gJwMwxIVcP4BvdLUFGuy2oUvnZf8j8hoYh7BtiDMofgUEVYPXUiEbbwOLSJoKN8Nfh5ySKSKpvF\/QESuyBSOqvkHlltgH5VhEseFsrHmk44Ty3GCyOa3hDUFlgJLB7OHC4q+atxCOE41MadwZMUDMiprtjmz\/vbXJ8Ph8Nlibj0cW\/x65xnFhhiZymDKD6WqJeYLyqqQNFGM+54Mbp9a3YRijvV\/bOuHjbgaLXGUTOHnz0W3t9GqLGlP+uKyuVE1tQOm65M4qZxI4YTCxiezFjoOXqB7P3uci1J2g883hvQRql2BxFQZT3Xh4bi1\/D0STzRcUxo0HLC0WY8R1FAYmg1EVZjv8YM6ikwtuedB6PltTpKiltKMTjHoUHgQXhbcj+AWvgukqEjyFL2umFAt4UwLCIFgRSWxcUTF0CRsx86o1JJDIo3inuk4SsXWhi1rblhpPNlGmka2KfU7e8gkKb1s8SfeVk09MeodcGexsDQPRguu\/HeEUxW7j7x2A2OEpmU2oxHpVxFMSKYWrDy2wwKsw4qF8poUZW87gVgKAZSPi2fFZRw1BfYwSWaBO+gADvCBkcSgtx4jh3RXrXb7vRaz24uYRZyqtD9RfCqnXSEK16E487yEudhIHVpwRIuZIxB5rSB66I1xS2gb2AZCp9rkFFSQdhbhuVA2Ch34dtl0g\/vYwW\/qMUT4zyvX5DrMpmpcKaoM0Qopt3Tu8GE\/XuWG2roJ5CTbXI4WFcxIx0Mn+9RSRKTI+eemDRW2Cm8Ia2L3g4xIUwgCbFRj0nJgQesoo36\/odJhGkeYcynRZ9XSSgUir9nvaosAS0nkZjpqXsdS1k+7JSJM3X87AFxJSgdHu9eVpAakWazJow5oLF91HdfH44wqSOrCbpAXqyStKRQ5a2IBpOH0KLKSJG4dYp4Uz7FvcjaFQt9AijYWFo4IDUNFowReNOlGcVYoWtPcJmCuJxJK4lRlgDFh3XUVwiW80YinymSkfdR4Pb4XWEURxzAXc6iNMq3sTMUqX3bxYxrM2oKEqy9oZ79Y91wqqgcGVjW\/rSc5dxl7fs5i7FSh40jjuIY7uAKlVEeMUIae9TLj24eFp+5jQiDGx\/cVvu2s7Z60XXEnWoaT6fYWGwvn1h1FlCjScnlfq7nIF+660UVbHoQbKq+Yv4Vr5r9RM2BVgE8sR1FraIs1Ku5SxAmKFBCiea+lKyxE2izXCjH61\/celpvuu9c6o08JVJ5YNckUNp2jyFmabTHcCC3jNJ1\/oH1zRTe6BOJAdfx9XJwoxwb1c9xMDVEE6anVtRAsTyUftNiMTIhVl7R0cpSdqE6hnMR8iAm5OGWsrSxrta0ylCWNgxp6zasmTjI2NC4i1665FHaxhLah6XZ8NISd3\/HCSD3i0NJnvDfdr2a0cpeOb2rVWpPQ\/TEled\/STifzO5uDq8ZoybvlceuauHvy1FtcSJab1kazHZvN87y7I2q6hNMaFKQMnnClRVsA3Jp6bSv\/+2J7SJwnx7W4JXBl+ck\/mjJeeOLid275uvwWSS9zyJaNvNAbCuyyRV7lVmAuyPCZzRuqbs1av7llnZifUObFe7G3nzoxwBspxgbs++5R3cyS8C4kkMoqyZ1SQb0LjwQWjfy7R2UIk73BAExJ1haApFuB+1D2gcbWo\/zganQyYG9vLq7eHO32J1n+6OB\/NLA\/kPeZyLFKm6b6khw8YphOp\/28s9EfN\/VgtBFUHNEJRUtoJY+\/3Rk+3R3u7n7zzdO\/D3d3BjGh\/5e1teya0NXxyimoAtjJDfY1CxalJgGwZZyUyZnHIf5nWydJYlq0Kf1nUbIu2Qld5pIJLysY3ab\/dlJ8Zq0\/7ZsuDY+Hzz7H\/yqYEULC5WsTfrPq3WoM9O6j+LJe+EPbHTrr9jfzp3n+tfO\/95Qg3DdrZ9504X5Z9n\/W8jLv\/wA=\" \/> \t\t<a href=\"https:\/\/www.pdf24.org\" target=\"_blank\" title=\"www.pdf24.org\" rel=\"nofollow\"><img src=\"https:\/\/www.hohenlohe-ungefiltert.de\/wp-content\/plugins\/pdf24-post-to-pdf\/img\/pdf_32x32.png\" alt=\"\" border=\"0\" height=\"32\" \/><\/a> \t\t<span class=\"pdf24Plugin-cp-space\">&nbsp;&nbsp;<\/span> \t\t<span class=\"pdf24Plugin-cp-text\">Sende Artikel als PDF<\/span> \t\t<span class=\"pdf24Plugin-cp-space\">&nbsp;&nbsp;<\/span> \t\t<input class=\"pdf24Plugin-cp-input\" style=\"margin: 0px;\" type=\"text\" name=\"sendEmailTo\" placeholder=\"Emailadresse\" \/> \t\t<input class=\"pdf24Plugin-cp-submit\" style=\"margin: 0px;\" type=\"submit\" value=\"Senden\" \/> \t<\/form> <\/div>","protected":false},"excerpt":{"rendered":"<p>Der Dokumentarfilm \u201eDer marktgerechte Patient\u201c\u00a0wird am Freitag, 1. Februar 2019, um \u00a020 Uhr im Kino im Schafstall in Schw\u00e4bisch Hall gezeigt. Im Anschluss an den Film gibt es eine Diskussion mit GewerkschafterIinnen aus Schw\u00e4bisch Hall. Die Filmvorf\u00fchrung ist eine Initiative der Gewerkschaft Ver.di, Ortsverein Schw\u00e4bisch Hall. Von Jochen D\u00fcrr,\u00a0Ver.di-Ortsverein Schw\u00e4bisch Hall Dramatischen Fehlentwicklungen Die Gewerkschaft [&hellip;]<\/p>\n","protected":false},"author":1,"featured_media":0,"comment_status":"open","ping_status":"open","sticky":false,"template":"","format":"standard","meta":[],"categories":[1,9,10,6,2,8,5,3],"tags":[],"_links":{"self":[{"href":"https:\/\/www.hohenlohe-ungefiltert.de\/index.php?rest_route=\/wp\/v2\/posts\/24645"}],"collection":[{"href":"https:\/\/www.hohenlohe-ungefiltert.de\/index.php?rest_route=\/wp\/v2\/posts"}],"about":[{"href":"https:\/\/www.hohenlohe-ungefiltert.de\/index.php?rest_route=\/wp\/v2\/types\/post"}],"author":[{"embeddable":true,"href":"https:\/\/www.hohenlohe-ungefiltert.de\/index.php?rest_route=\/wp\/v2\/users\/1"}],"replies":[{"embeddable":true,"href":"https:\/\/www.hohenlohe-ungefiltert.de\/index.php?rest_route=%2Fwp%2Fv2%2Fcomments&post=24645"}],"version-history":[{"count":2,"href":"https:\/\/www.hohenlohe-ungefiltert.de\/index.php?rest_route=\/wp\/v2\/posts\/24645\/revisions"}],"predecessor-version":[{"id":24647,"href":"https:\/\/www.hohenlohe-ungefiltert.de\/index.php?rest_route=\/wp\/v2\/posts\/24645\/revisions\/24647"}],"wp:attachment":[{"href":"https:\/\/www.hohenlohe-ungefiltert.de\/index.php?rest_route=%2Fwp%2Fv2%2Fmedia&parent=24645"}],"wp:term":[{"taxonomy":"category","embeddable":true,"href":"https:\/\/www.hohenlohe-ungefiltert.de\/index.php?rest_route=%2Fwp%2Fv2%2Fcategories&post=24645"},{"taxonomy":"post_tag","embeddable":true,"href":"https:\/\/www.hohenlohe-ungefiltert.de\/index.php?rest_route=%2Fwp%2Fv2%2Ftags&post=24645"}],"curies":[{"name":"wp","href":"https:\/\/api.w.org\/{rel}","templated":true}]}}