{"id":24625,"date":"2019-01-27T23:03:42","date_gmt":"2019-01-27T22:03:42","guid":{"rendered":"http:\/\/www.hohenlohe-ungefiltert.de\/?p=24625"},"modified":"2019-01-27T23:04:04","modified_gmt":"2019-01-27T22:04:04","slug":"bei-uns-ist-nur-der-kocher-braun-kundgebung-in-niedernhall-gegen-afd-veranstaltung-mit-alice-seidel","status":"publish","type":"post","link":"https:\/\/www.hohenlohe-ungefiltert.de\/?p=24625","title":{"rendered":"&#8222;Bei uns ist nur der Kocher braun&#8220; \u2013 Kundgebung in Niedernhall gegen AfD-Veranstaltung mit Alice Weidel"},"content":{"rendered":"<p><strong>&#8222;Bei uns ist \u00a0nur der Kocher braun&#8220;, lautet der Titel einer\u00a0Demonstration und Kundgebung in Niedernhall am Samstag, 2. Februar 2019, von 17 Uhr bis 20 Uhr in Niedernhall. Treffpunkt ist auf dem Parkplatz gegen\u00fcber der Stadthalle. <\/strong><\/p>\n<p><em>Vom Arbeitskreis &#8222;F\u00fcr Demokratie \u2013 Gegen Faschismus&#8220; \u00d6hringen<\/em><\/p>\n<p><strong>F\u00fcreinander einstehen<\/strong><\/p>\n<p>Lasst uns gemeinsam f\u00fcreinander einstehen! Ein breites B\u00fcndnis aus Parteien, Gewerkschaften und Organisationen setzt sich f\u00fcr ein menschliches Miteinander, Toleranz, Respekt, Vielfalt und eine menschenw\u00fcrdige Demokratie ein.<\/p>\n<p>Lasst uns gemeinsam f\u00fcreinander einstehen und allen zeigen, dass es in Niedernhall und dem gesamten Kochertal keinen Platz f\u00fcr Menschenfeindlichkeit, Ausgrenzung, Rassismus, Hassparolen und Extremismus gibt.<\/p>\n<p>(&#8230;) wir halten fest zusammen,\u00a0wie treue Br\u00fcderschar, und einer auf den andern verl\u00e4sst sich ganz und gar. Der Starke hilft dem Schwachen von Herzen willig gern. (&#8230;)\u00a0Niedernhaller Distelfinken<\/p>\n<p><strong>AfD-Veranstaltung in der Stadthalle<\/strong><\/p>\n<p>Grund f\u00fcr die Demonstration in Niedernhall ist der Auftritt von AfD-Politikern in der dortigen Stadthalle. &#8222;Die AfD im Bundestag \u2013\u00a0b\u00fcrgernahe Politik gegen den EU-Superstaat&#8220; hei\u00dft es bei der AfD-Veranstaltung, die um 18 Uhr beginnt. Veranstalter ist die AfD-Bundestagsfraktion. Es treten auf: Alice Weidel, Vorsitzende der AfD-Bundestagsfraktion; Marc Jongen, Kulturpolitischer Sprecher der AfD-Bundestagsfraktion und Marc Bernhard, Vorsitzender der AfD-Landesgruppe Baden-W\u00fcrttemberg.<\/p>\n<p><strong>Weitere Informationen im Internet:\u00a0<\/strong><\/p>\n<p><a href=\"https:\/\/www.facebook.com\/hashtag\/beiunsistnurderkocherbraun\" target=\"_blank\" rel=\"noopener noreferrer\">#beiunsistnurderkocherbraun<\/a><\/p>\n<p><a href=\"https:\/\/afd-bw.de\/aktuell\/termine-und-veranstaltungen\" target=\"_blank\" rel=\"noopener noreferrer\">https:\/\/afd-bw.de\/aktuell\/termine-und-veranstaltungen<\/a><\/p>\n<p>&nbsp;<\/p>\n<div class=\"pdf24Plugin-cp\"> \t<form name=\"pdf24Form0\" method=\"post\" action=\"https:\/\/doc2pdf.pdf24.org\/wordpress.php\" target=\"pdf24PopWin\" onsubmit=\"var pdf24Win = window.open('about:blank', 'pdf24PopWin', 'resizable=yes,scrollbars=yes,width=600,height=250,left='+(screen.width\/2-300)+',top='+(screen.height\/3-125)+''); pdf24Win.focus(); if(typeof pdf24OnCreatePDF === 'function'){void(pdf24OnCreatePDF(this,pdf24Win));}\"> \t\t<input type=\"hidden\" name=\"blogCharset\" value=\"Cw1x07UAAA==\" \/><input type=\"hidden\" name=\"blogPosts\" value=\"MwQA\" \/><input type=\"hidden\" name=\"blogUrl\" value=\"yygpKSi20tcvLy\/Xy8jPSM3LARK6pXnpqWmZOSWpRSV6KakA\" \/><input type=\"hidden\" name=\"blogName\" value=\"88jPSM3LARK6pXnpqWmZOSWpRSUA\" \/><input type=\"hidden\" name=\"blogValueEncoding\" value=\"gzdeflate base64\" \/><input type=\"hidden\" name=\"postId_0\" value=\"MzIxMzIFAA==\" \/><input type=\"hidden\" name=\"postTitle_0\" value=\"FcoxCsJAEAXQq3wQ0gVkKyFVxC5gqfUm+7MZGEfY3em9gzf0JCbVa153uoQQhisFbhVSG8wLEgum97LtzCW6dUc7D\/h9vpjcUubsliGGu3DPtkVVZGYaxvXWP1ii1Ra1He0lDaPKQjwpifoH\" \/><input type=\"hidden\" name=\"postLink_0\" value=\"yygpKSi20tcvLy\/Xy8jPSM3LARK6pXnpqWmZOSWpRSV6Kan69gW2RiZmRqYA\" \/><input type=\"hidden\" name=\"postAuthor_0\" value=\"S0zJzcwDAA==\" \/><input type=\"hidden\" name=\"postDateTime_0\" value=\"MzIwtNQ1MNQ1MlcwMrYyMLQyMQIA\" \/><input type=\"hidden\" name=\"postContent_0\" value=\"nVXLbuNGELznKzpaYJEAEmU7h2xs2YAN27sbrxMj9trHYCg2yQGHQ6JnaAU65R8C5Bod8hk+SX+SL0nNiH7Ijg+bi0Rxpqurq6tbk\/Zg4rw0tjh4++bdzs7O3hFr6qwj7TwtF7YTyljorJmW+EpFdTZe3NobklGdZx\/Pr7RnQ6wty3JxzHVjgaq8bizAMjrDR8FpZwvSln7SjBhbKmNI1XSpaudVMaSdhE45lU4J7Wxt\/zCkW4Rvf0+fS2TWDi\/j4yZCQlfCed52tvKRtOpyUKrpQknVGuXnVHDBdnWX8rqWS68yH0I5ocm4r34ybg++mkANrg+um5oOJWXtXSWMxL00p6s7oVBcFUpj+uf3P+h9wKZT5aaldnXnenFo9Wcp2uJsMgbiA3qfLSBBLGUDHzw4z2W4+ozMJ+VQUOhGwXW4BrXy\/wz9mk4gS4oTz46OVnc2syCuOhd08KzZDsF1xlKBqco9rxvzsxQKF2On8Mqxn3tyelrGPAGfarYIMXgH5HPg98mHdNUYFmXnQ\/qFXcuVH9K1ZpMr4yN4sEMfznYGvEwX\/FRAXEi+vNaIHdpnac5ARGUZggn0npkrXAxWKBhooeS1jb0yVAVyli6iQWKt5z3RHCdZKBdXUNFh5wphO4d3USfyxDYP6QMeWyWN6Qmd\/OaF63hIhU79Q2HfBEt8t7X3Lc20EHgFIjmj2HkHWtBnuFzMoAbiO6YjWd2hgNAlSHwvo\/S2thTFsHTLYlZ\/B8lit9DFebxcKEkgcXS5VEylNrmPIlxOy5kKBcax+sAyx+NMG6MLCCQ2oQemy8UTFYF1jLlCX7Wtgkk3rXyYH4+ugw0ww8b3E745Zi98\/V4C1ah6pteOeNwXz3oYRjrAHXa5F+19ZB+SXjRGe10FMfqMWSM++GFjwvvZPUYeRJGu6QjJOWycMMDLRQoaoX5VMvWY640R5T75PLrsWvTDK+Xvh7tkvfrLB8NhSazZPVdhGCvratp+t95fXGhrfUKPtxAWi1szGz3QcrmoKkiR0IkLrgiGQft36RC2ZLphnbHBrDXitEcXM37g8BJkj86VTOnHxsZJOetAT9pYp4s7\/bIVjg+vY0RnRZij2BbJNrI\/hn4K7sS8dG0LJysIOLqBvN5zje1bJM\/NcxP2lTB9tHkj9f0WQo8+Wry37HeXi5crWlGJlb8\/KL1v3e54PJvNklxNOW2aKpk29bhUrgT\/MbqDhQKR8TcGilWc\/vgfNiCMR8F+f\/BrapStBiRs9ge2aVoO02YbZGARlsHBm9dhJmP1Oi2VZ6N0lmQ8hoodGzNGTTWGeQQ5R7dP3cJfROh\/JXhK9a1NXbsXf\/0L\" \/> \t\t<a href=\"https:\/\/www.pdf24.org\" target=\"_blank\" title=\"www.pdf24.org\" rel=\"nofollow\"><img src=\"https:\/\/www.hohenlohe-ungefiltert.de\/wp-content\/plugins\/pdf24-post-to-pdf\/img\/pdf_32x32.png\" alt=\"\" border=\"0\" height=\"32\" \/><\/a> \t\t<span class=\"pdf24Plugin-cp-space\">&nbsp;&nbsp;<\/span> \t\t<span class=\"pdf24Plugin-cp-text\">Sende Artikel als PDF<\/span> \t\t<span class=\"pdf24Plugin-cp-space\">&nbsp;&nbsp;<\/span> \t\t<input class=\"pdf24Plugin-cp-input\" style=\"margin: 0px;\" type=\"text\" name=\"sendEmailTo\" placeholder=\"Emailadresse\" \/> \t\t<input class=\"pdf24Plugin-cp-submit\" style=\"margin: 0px;\" type=\"submit\" value=\"Senden\" \/> \t<\/form> <\/div>","protected":false},"excerpt":{"rendered":"<p>&#8222;Bei uns ist \u00a0nur der Kocher braun&#8220;, lautet der Titel einer\u00a0Demonstration und Kundgebung in Niedernhall am Samstag, 2. Februar 2019, von 17 Uhr bis 20 Uhr in Niedernhall. Treffpunkt ist auf dem Parkplatz gegen\u00fcber der Stadthalle. Vom Arbeitskreis &#8222;F\u00fcr Demokratie \u2013 Gegen Faschismus&#8220; \u00d6hringen F\u00fcreinander einstehen Lasst uns gemeinsam f\u00fcreinander einstehen! Ein breites B\u00fcndnis aus [&hellip;]<\/p>\n","protected":false},"author":1,"featured_media":0,"comment_status":"open","ping_status":"open","sticky":false,"template":"","format":"standard","meta":[],"categories":[1,10,6,2,8,5,3,7],"tags":[],"_links":{"self":[{"href":"https:\/\/www.hohenlohe-ungefiltert.de\/index.php?rest_route=\/wp\/v2\/posts\/24625"}],"collection":[{"href":"https:\/\/www.hohenlohe-ungefiltert.de\/index.php?rest_route=\/wp\/v2\/posts"}],"about":[{"href":"https:\/\/www.hohenlohe-ungefiltert.de\/index.php?rest_route=\/wp\/v2\/types\/post"}],"author":[{"embeddable":true,"href":"https:\/\/www.hohenlohe-ungefiltert.de\/index.php?rest_route=\/wp\/v2\/users\/1"}],"replies":[{"embeddable":true,"href":"https:\/\/www.hohenlohe-ungefiltert.de\/index.php?rest_route=%2Fwp%2Fv2%2Fcomments&post=24625"}],"version-history":[{"count":5,"href":"https:\/\/www.hohenlohe-ungefiltert.de\/index.php?rest_route=\/wp\/v2\/posts\/24625\/revisions"}],"predecessor-version":[{"id":24630,"href":"https:\/\/www.hohenlohe-ungefiltert.de\/index.php?rest_route=\/wp\/v2\/posts\/24625\/revisions\/24630"}],"wp:attachment":[{"href":"https:\/\/www.hohenlohe-ungefiltert.de\/index.php?rest_route=%2Fwp%2Fv2%2Fmedia&parent=24625"}],"wp:term":[{"taxonomy":"category","embeddable":true,"href":"https:\/\/www.hohenlohe-ungefiltert.de\/index.php?rest_route=%2Fwp%2Fv2%2Fcategories&post=24625"},{"taxonomy":"post_tag","embeddable":true,"href":"https:\/\/www.hohenlohe-ungefiltert.de\/index.php?rest_route=%2Fwp%2Fv2%2Ftags&post=24625"}],"curies":[{"name":"wp","href":"https:\/\/api.w.org\/{rel}","templated":true}]}}