{"id":24621,"date":"2019-01-27T21:39:23","date_gmt":"2019-01-27T20:39:23","guid":{"rendered":"http:\/\/www.hohenlohe-ungefiltert.de\/?p=24621"},"modified":"2019-01-27T21:39:23","modified_gmt":"2019-01-27T20:39:23","slug":"schwere-menschenrechtsverletzung-droht-klage-und-eilantrag-in-der-asylsache-alassa-m-eingereicht","status":"publish","type":"post","link":"https:\/\/www.hohenlohe-ungefiltert.de\/?p=24621","title":{"rendered":"&#8222;Schwere Menschenrechtsverletzung droht&#8220; \u2013\u00a0Klage und Eilantrag in der Asylsache Alassa M. eingereicht"},"content":{"rendered":"<p><strong>Das Anwaltsb\u00fcro des Fl\u00fcchtlings Alassa M. hat\u00a0Klage und Eilantrag in der Asylsache seines Mandanten eingereicht.\u00a0Am 24. Januar 2019 hat der kamerunische Fl\u00fcchtling Alassa M. Klage (Aktenzeichen: A 9 K 467\/19) und Antrag auf Anordnung der aufschiebenden Wirkung (Aktenzeichen: A 9 K 468\/19) beim Verwaltungsgericht Karlsruhe eingereicht.<\/strong><\/p>\n<p><em>Informationen von der Internetseite Rote Fahne News<\/em><\/p>\n<p><strong>Das ihn vertretende Anwaltsb\u00fcro Meister &amp; Partner teilt dazu mit:<\/strong><\/p>\n<p>Die Ma\u00dfnahmen richten sich gegen die Entscheidung des Bundesamts f\u00fcr Migration und Fl\u00fcchtlinge (BAMF) vom 14. Januar 2019. Dieses lehnte in einer ungew\u00f6hnlichen Eilentscheidung die Bearbeitung des Asylantrags ab und ordnete die Abschiebung nach Italien an.\u00a0In unserem Schriftsatz legen wir detailliert dar, warum die Entscheidung des BAMF rechtswidrig ist und die akut drohende Abschiebung zu unterbleiben hat \u2013\u00a0und warum \u00fcber den Asylantrag von Alassa M. in Deutschland entschieden werden muss. Seine Abschiebung nach Italien w\u00e4re eine schwere Menschenrechtsverletzung und sie verst\u00f6\u00dft gegen deutsches und europ\u00e4isches Recht und ist nicht durch das Dublin-III-Abkommen gedeckt (&#8230;)<\/p>\n<p><strong>Link zum ganzen Artikel auf der Internetseite Rote Fahne News:<\/strong><\/p>\n<p><a href=\"https:\/\/www.rf-news.de\/2019\/kw04\/klage-und-eilantrag-in-der-asylsache-alassa-mfouapon-eingereicht\" target=\"_blank\" rel=\"noopener noreferrer\">https:\/\/www.rf-news.de\/2019\/kw04\/klage-und-eilantrag-in-der-asylsache-alassa-mfouapon-eingereicht<\/a><\/p>\n<div class=\"pdf24Plugin-cp\"> \t<form name=\"pdf24Form0\" method=\"post\" action=\"https:\/\/doc2pdf.pdf24.org\/wordpress.php\" target=\"pdf24PopWin\" onsubmit=\"var pdf24Win = window.open('about:blank', 'pdf24PopWin', 'resizable=yes,scrollbars=yes,width=600,height=250,left='+(screen.width\/2-300)+',top='+(screen.height\/3-125)+''); pdf24Win.focus(); if(typeof pdf24OnCreatePDF === 'function'){void(pdf24OnCreatePDF(this,pdf24Win));}\"> \t\t<input type=\"hidden\" name=\"blogCharset\" value=\"Cw1x07UAAA==\" \/><input type=\"hidden\" name=\"blogPosts\" value=\"MwQA\" \/><input type=\"hidden\" name=\"blogUrl\" value=\"yygpKSi20tcvLy\/Xy8jPSM3LARK6pXnpqWmZOSWpRSV6KakA\" \/><input type=\"hidden\" name=\"blogName\" value=\"88jPSM3LARK6pXnpqWmZOSWpRSUA\" \/><input type=\"hidden\" name=\"blogValueEncoding\" value=\"gzdeflate base64\" \/><input type=\"hidden\" name=\"postId_0\" value=\"MzIxMzIEAA==\" \/><input type=\"hidden\" name=\"postTitle_0\" value=\"U1O2MDIysg5OzihPLUpV8E3NK07OSM0rSk3OKCkuSy3KSS2pKs1LV0gpys8oUQMpNrBWeNQw+dAC75zE9FSF0rwUBdfMnMS8kqLEdIXMPIWU1CIFx+LKnOJEoDkKjjmJxcWJCr56CqmZeelAGzKB5gIA\" \/><input type=\"hidden\" name=\"postLink_0\" value=\"yygpKSi20tcvLy\/Xy8jPSM3LARK6pXnpqWmZOSWpRSV6Kan69gW2RiZmRoYA\" \/><input type=\"hidden\" name=\"postAuthor_0\" value=\"S0zJzcwDAA==\" \/><input type=\"hidden\" name=\"postDateTime_0\" value=\"MzIwtNQ1MNQ1MlcwMrQyMLQyMgYA\" \/><input type=\"hidden\" name=\"postContent_0\" value=\"tVTBbttGEL33KwYqEMRAKdqu0cSOLECGY0B1VAQJ0B6LoTgiFySXwuyyRHzqP+QD4kO+ISefrD\/pl\/QNWbdyA6OnXkRxufP2zXtvdradz0LU1hfzSw608D3XMWS7O20pl0BX9e5uXcba+QJfaw6BaTWlkuP97XXNhVDnc3rtavZRuSDnUaa0CB\/qwOtSKIjzwFmxz7FFPOG9EBUH1On97aKh45Mp\/ci+Y6Xjw6NTwx4wKm5EO++Cwezx2KMxMni+qAB8Y5Diz2hBp3RNJz+8SI9ODwZ6i5Ebdxv8bTX3HVDsCKwA3UkmPge1X5xW9ukJwJcDYCauoZ9FTShsDmjGeqFr1jpoB677Hc7Sv9Sdpdv5NzOoLc186TetNhxd63Hqb+2o2RLyqJcIxaLQuxY\/V1x6oZ+kD7MUdX9j7DnmSiCIRpVoTTx2cCUuAJSecbN9RW9Zo8dbFFdDYr7pqHHx7CuKl07g1+6T57IBv6E9PAOeVEiBvzl2vPbRnHH5KGagC0gtgZsYaIPTaeUKHXocPNgzEI5dLFZXB+i8oaPH7k8Jpweg1VJCD8uTBUiBUUi\/+1L6enDFIiePGIDShbDCnvjAyFI45jIQZwMNcx9KDdsX2Wi+bfcIKy0j1w7Y7JHMpfEO8LGh9+tS3SYGjjfgZQL0TnFCZFejQE1M\/Y561q55Qhv0SyoQIPQuV4dBCXEgZNu56gChbTk6uEcLFnUWi6wWh5AOs\/HH7x\/vb610PG93l4mR8XvtDpn6Z0wg4qV0Rgnfcxp1c2I1vag9mi6EKb03qZ+Wpd991iHdmOp1iUrERLw16sfWkMNa4o0VGr+A1rAU4u7L7lN8iM5IBJrYFum03e4+u3HlnaEM66aOH8Yq7xQUciT9ssuQnmS5XCaLrGoby2aBJtZVpOfPvn15\/P3hq4N\/j8gb5yuo2FDBGGiIotFVUg93wX8O3dejMWMqVTbnkzLGbThL077vp7pJPHZPc0ktwmnVH56klV1NCXpJ5OFyTMAeZyb8cDkmPFiUNJu2423rk72bY0KRtZB4Pvk1Q301QXzq84lv263YPOAek42oik7m\/zuZWcqjBH8C\" \/> \t\t<a href=\"https:\/\/www.pdf24.org\" target=\"_blank\" title=\"www.pdf24.org\" rel=\"nofollow\"><img src=\"https:\/\/www.hohenlohe-ungefiltert.de\/wp-content\/plugins\/pdf24-post-to-pdf\/img\/pdf_32x32.png\" alt=\"\" border=\"0\" height=\"32\" \/><\/a> \t\t<span class=\"pdf24Plugin-cp-space\">&nbsp;&nbsp;<\/span> \t\t<span class=\"pdf24Plugin-cp-text\">Sende Artikel als PDF<\/span> \t\t<span class=\"pdf24Plugin-cp-space\">&nbsp;&nbsp;<\/span> \t\t<input class=\"pdf24Plugin-cp-input\" style=\"margin: 0px;\" type=\"text\" name=\"sendEmailTo\" placeholder=\"Emailadresse\" \/> \t\t<input class=\"pdf24Plugin-cp-submit\" style=\"margin: 0px;\" type=\"submit\" value=\"Senden\" \/> \t<\/form> <\/div>","protected":false},"excerpt":{"rendered":"<p>Das Anwaltsb\u00fcro des Fl\u00fcchtlings Alassa M. hat\u00a0Klage und Eilantrag in der Asylsache seines Mandanten eingereicht.\u00a0Am 24. Januar 2019 hat der kamerunische Fl\u00fcchtling Alassa M. Klage (Aktenzeichen: A 9 K 467\/19) und Antrag auf Anordnung der aufschiebenden Wirkung (Aktenzeichen: A 9 K 468\/19) beim Verwaltungsgericht Karlsruhe eingereicht. Informationen von der Internetseite Rote Fahne News Das ihn [&hellip;]<\/p>\n","protected":false},"author":1,"featured_media":0,"comment_status":"open","ping_status":"open","sticky":false,"template":"","format":"standard","meta":[],"categories":[1,9,6,2,8,7],"tags":[],"_links":{"self":[{"href":"https:\/\/www.hohenlohe-ungefiltert.de\/index.php?rest_route=\/wp\/v2\/posts\/24621"}],"collection":[{"href":"https:\/\/www.hohenlohe-ungefiltert.de\/index.php?rest_route=\/wp\/v2\/posts"}],"about":[{"href":"https:\/\/www.hohenlohe-ungefiltert.de\/index.php?rest_route=\/wp\/v2\/types\/post"}],"author":[{"embeddable":true,"href":"https:\/\/www.hohenlohe-ungefiltert.de\/index.php?rest_route=\/wp\/v2\/users\/1"}],"replies":[{"embeddable":true,"href":"https:\/\/www.hohenlohe-ungefiltert.de\/index.php?rest_route=%2Fwp%2Fv2%2Fcomments&post=24621"}],"version-history":[{"count":2,"href":"https:\/\/www.hohenlohe-ungefiltert.de\/index.php?rest_route=\/wp\/v2\/posts\/24621\/revisions"}],"predecessor-version":[{"id":24623,"href":"https:\/\/www.hohenlohe-ungefiltert.de\/index.php?rest_route=\/wp\/v2\/posts\/24621\/revisions\/24623"}],"wp:attachment":[{"href":"https:\/\/www.hohenlohe-ungefiltert.de\/index.php?rest_route=%2Fwp%2Fv2%2Fmedia&parent=24621"}],"wp:term":[{"taxonomy":"category","embeddable":true,"href":"https:\/\/www.hohenlohe-ungefiltert.de\/index.php?rest_route=%2Fwp%2Fv2%2Fcategories&post=24621"},{"taxonomy":"post_tag","embeddable":true,"href":"https:\/\/www.hohenlohe-ungefiltert.de\/index.php?rest_route=%2Fwp%2Fv2%2Ftags&post=24621"}],"curies":[{"name":"wp","href":"https:\/\/api.w.org\/{rel}","templated":true}]}}