{"id":24582,"date":"2019-01-20T19:18:06","date_gmt":"2019-01-20T18:18:06","guid":{"rendered":"http:\/\/www.hohenlohe-ungefiltert.de\/?p=24582"},"modified":"2019-01-20T19:20:21","modified_gmt":"2019-01-20T18:20:21","slug":"brexit-im-blick-was-wird-aus-europa-evelyne-gebhardt-und-malcolm-harbour-diskutieren-in-schwaebisch-hall","status":"publish","type":"post","link":"https:\/\/www.hohenlohe-ungefiltert.de\/?p=24582","title":{"rendered":"&#8222;Brexit im Blick \u2013 Was wird aus Europa?&#8220; \u2013 Evelyne Gebhardt und Malcolm Harbour diskutieren in Schw\u00e4bisch Hall"},"content":{"rendered":"<p><strong>\u00dcber das Thema &#8222;Brexit im Blick \u2013 Was wird aus Europa?&#8220; diskutieren die SPD-Europaabgeordnete Evelyne Gebhardt und Malcolm Harbour\u00a0am Freitag, 11. Januar 2019, um 18 Uhr im Haus der Bildung (Musiksaal) in Schw\u00e4bisch Hall. Es moderiert Halls Oberb\u00fcrgermeister Hermann-Josef Pelgrim. Der Eintritt ist frei.<\/strong><\/p>\n<p><em>Von Ute Christine Berger,\u00a0Kulturbeauftragte der Stadt Schw\u00e4bisch Hall<\/em><\/p>\n<p><strong>Welche Bedeutung hat der Brexit?<\/strong><\/p>\n<p>Die Diskussion ist der Programmauftakt der Britischen Kulturwochen 2019 der Stadt \u00a0Schw\u00e4bisch Hall zusammen mit der Volkshochschule (VHS). Zwei profilierte Europapolitiker diskutieren in Schw\u00e4bisch Hall \u00fcber die Bedeutung des BREXIT. Evelyne Gebhardt, Europaabgeordnete aus Schw\u00e4bisch Hall und Vizepr\u00e4sidentin des EU-Parlaments bedauert den Entschluss der Briten. Der britische Politiker Malcolm Harbour war 1999 bis 2014 Mitglied im EU-Parlament. Er setzte sich bereits 1975 f\u00fcr den Verbleib in der EU ein und dann wieder beim Referendum 2016.<\/p>\n<p><strong>Anmeldung:<\/strong><\/p>\n<p>Der Eintritt ist frei. Anmeldung erbeten im Kulturb\u00fcro, E-Mail ute-christine.berger@schwaebischhall.de<\/p>\n<p><strong>Die Brosch\u00fcre &#8222;VERY BRITISH Teil 2 (Januar bis M\u00e4rz 2019)&#8220; im Internet:<\/strong><\/p>\n<p><a href=\"http:\/\/www.schwaebischhall.de\/fileadmin\/user_upload\/Bilder\/Kulturstadt\/Britische_Kulturwochen_Broschuere_II.pdf\" target=\"_blank\" rel=\"noopener noreferrer\">http:\/\/www.schwaebischhall.de\/fileadmin\/user_upload\/Bilder\/Kulturstadt\/Britische_Kulturwochen_Broschuere_II.pdf<\/a><\/p>\n<p><strong>Internetseite der Stadt Schw\u00e4bisch Hall:<\/strong><\/p>\n<p><a href=\"http:\/\/www.schwaebischhall.de\" target=\"_blank\" rel=\"noopener noreferrer\">www.schwaebischhall.de<\/a><\/p>\n<p><strong>Weitere Informationen \u00fcber die Britischen Kulturwochen in Schw\u00e4bisch Hall:<\/strong><\/p>\n<p>Seit September 2018 feiert Schw\u00e4bisch Hall unter dem Motto \u201eVery British!\u201c die Britischen Kulturwochen. Dank der Beitr\u00e4ge von \u00fcber 30 Kooperationspartnern ist ein vielseitiges Programm mit mehr als 70 Veranstaltungen entstanden \u2013\u00a0Kulturangebote, aber auch politischen Diskussionen. Denn Ende M\u00e4rz 2019 steht als einschneidendes Ereignis auf der internationalen politischen B\u00fchne der \u201eBrexit\u201c bevor. Gro\u00dfbritannien will die Europ\u00e4ische Union verlassen.<\/p>\n<div class=\"pdf24Plugin-cp\"> \t<form name=\"pdf24Form0\" method=\"post\" action=\"https:\/\/doc2pdf.pdf24.org\/wordpress.php\" target=\"pdf24PopWin\" onsubmit=\"var pdf24Win = window.open('about:blank', 'pdf24PopWin', 'resizable=yes,scrollbars=yes,width=600,height=250,left='+(screen.width\/2-300)+',top='+(screen.height\/3-125)+''); pdf24Win.focus(); if(typeof pdf24OnCreatePDF === 'function'){void(pdf24OnCreatePDF(this,pdf24Win));}\"> \t\t<input type=\"hidden\" name=\"blogCharset\" value=\"Cw1x07UAAA==\" \/><input type=\"hidden\" name=\"blogPosts\" value=\"MwQA\" \/><input type=\"hidden\" name=\"blogUrl\" value=\"yygpKSi20tcvLy\/Xy8jPSM3LARK6pXnpqWmZOSWpRSV6KakA\" \/><input type=\"hidden\" name=\"blogName\" value=\"88jPSM3LARK6pXnpqWmZOSWpRSUA\" \/><input type=\"hidden\" name=\"blogValueEncoding\" value=\"gzdeflate base64\" \/><input type=\"hidden\" name=\"postId_0\" value=\"MzIxtTACAA==\" \/><input type=\"hidden\" name=\"postTitle_0\" value=\"Hco7CgIxEAbgq\/wgbC2phC2EhUUbKwvryQMy7Gwik8TVzjt4BW\/iTTyJj\/r7utXGGNMPGq5cwTMGYTfhfX\/gRAULqwe1grFpPtO2+\/V1\/\/fxEuSWAnbBRlJf0ZLHgcRlmbEntbkpPJepVQ4aEjjh6OLyelouLn6LyAc=\" \/><input type=\"hidden\" name=\"postLink_0\" value=\"yygpKSi20tcvLy\/Xy8jPSM3LARK6pXnpqWmZOSWpRSV6Kan69gW2RiamFkYA\" \/><input type=\"hidden\" name=\"postAuthor_0\" value=\"S0zJzcwDAA==\" \/><input type=\"hidden\" name=\"postDateTime_0\" value=\"MzIwtNQ1MNQ1MlAwtLQyMLQyMAMA\" \/><input type=\"hidden\" name=\"postContent_0\" value=\"vVZNTyNHEL3nV1QcKVoksIF8LOwaNnFwFu\/KCsJgklxQj6c803JPt9Xdg7Oc9j\/kuko48DM44X+yvySvZjCxsLNScshtPFNd\/erVq1duTw\/bIXpns8P5h4Q9pSrQWc6Foi+\/2Nvd3X3Z8fybjqQL6hg9mtDH97\/TBYJm2qekykDd0rupelWFb7+kVIdJGTV7tnhmGpwcbdUhKsnY+dRyZOpesXlnmV5zkiufRiptSn1lRs4UdKx84kp\/f6MK+tGzjirbpJ2dJr1RtlSedrd39jepLGhnj85zL9iOBUkK\/B1t0tJm9KxfBj0JSpkN0pYGo3w2v010GOWINaZJ3UCFwwkgjdWrQD+BgGR+5zP2BesQke4Yj8rarTcu8JhO2GReF006wqeuttHrCGpCpDFgNtutByrbrenhZ21Qy8Xh0Fk6R8U\/5B6BGjV3WG7YvL95W5pY+oRVOY5eZQiSCgZRgY+ngNst5HrM+3DPBZtRLglTLqNUnatYs1A17dUKoCM05EgaFIIGLkEu4SfeZV4VhQBRk0UKHeV2tLHGOXPVDyF\/Cef9zVOkdF0G5EJooetUQ2cmIcdxhJSG6dnweLDRpF9nrGnq3VgbaQI\/KGnqDG6eiBaXpLSmhzS\/qxSrlxlIOVDntPtz76y5IrJNWhWi6GYlsYhxqK956ue3Qads0bcqc\/d860R5o1BdDJRwqkqRDyKoizej3IDZR\/rY1kpJFlTSyWNtT7ROM+h6Z39\/nwBDOP6a+jpmICYVeS\/fi7o8BY7XQB80IIMEzEjA8eff0Bj6rfAMoWXDOqEKOuR6ToxHKS2FojG\/LK8TRvpTHgvJKUYKV3\/bfKqz723B1Vi9WFXU2kmgxxMEGODZShUPegdCh1Zs9ZUG1ZG3RovRaCbVaHwHrmaKq4bkMqwpP0UkQu54hwBk44VXDbunv6D7vbPe4JjOGOl36dmDaQiv\/fmtv64UvLGwK8DqWUw6xLBaXFtR7nl80MhjnL5otWazWXMVWwsCZpUW2rbKwP6ynBqn0pY4EftWXXSQYWk9ztTl8khd1oVASXzZ6zWn6bhBUYGIeNC4TIyykwZ5NgcN69yULQi3zkvHPPvG4f8Mrd1SKza0IDBAhp\/ysP9K8L+hY32GdagvBC2007NjB5OPMETIdMlT\/sEA1zjRamEDJKcBTyMXkg+S26MxV7tmjdvIpkm5oL6L0WHD\/oHhffcAIP\/84\/sPnwIEjwEntengVlhWxnTlFqV8tU1vhShfVRimykdwVnu\/GMKVZiON0xn8bbEIKusuGLtVYS8+3xY3URZKMWKyACD+F5UVo8EfgsUqU\/iWuMibpORqVaLE2s5r2H+vntoardhmyktzSdi6eaxuBTicsiz+W3kvjCWzmGJsqapaXcmuKksZZF++qTO\/w9EqDHTW61B4TPjK+Sa99m7+p9gynFCzmCH6IBxXC2J+W7v1uZUlecUw3hCAuGruXw==\" \/> \t\t<a href=\"https:\/\/www.pdf24.org\" target=\"_blank\" title=\"www.pdf24.org\" rel=\"nofollow\"><img src=\"https:\/\/www.hohenlohe-ungefiltert.de\/wp-content\/plugins\/pdf24-post-to-pdf\/img\/pdf_32x32.png\" alt=\"\" border=\"0\" height=\"32\" \/><\/a> \t\t<span class=\"pdf24Plugin-cp-space\">&nbsp;&nbsp;<\/span> \t\t<span class=\"pdf24Plugin-cp-text\">Sende Artikel als PDF<\/span> \t\t<span class=\"pdf24Plugin-cp-space\">&nbsp;&nbsp;<\/span> \t\t<input class=\"pdf24Plugin-cp-input\" style=\"margin: 0px;\" type=\"text\" name=\"sendEmailTo\" placeholder=\"Emailadresse\" \/> \t\t<input class=\"pdf24Plugin-cp-submit\" style=\"margin: 0px;\" type=\"submit\" value=\"Senden\" \/> \t<\/form> <\/div>","protected":false},"excerpt":{"rendered":"<p>\u00dcber das Thema &#8222;Brexit im Blick \u2013 Was wird aus Europa?&#8220; diskutieren die SPD-Europaabgeordnete Evelyne Gebhardt und Malcolm Harbour\u00a0am Freitag, 11. Januar 2019, um 18 Uhr im Haus der Bildung (Musiksaal) in Schw\u00e4bisch Hall. Es moderiert Halls Oberb\u00fcrgermeister Hermann-Josef Pelgrim. Der Eintritt ist frei. Von Ute Christine Berger,\u00a0Kulturbeauftragte der Stadt Schw\u00e4bisch Hall Welche Bedeutung hat [&hellip;]<\/p>\n","protected":false},"author":1,"featured_media":0,"comment_status":"open","ping_status":"open","sticky":false,"template":"","format":"standard","meta":[],"categories":[1,10,6,2,5,3],"tags":[],"_links":{"self":[{"href":"https:\/\/www.hohenlohe-ungefiltert.de\/index.php?rest_route=\/wp\/v2\/posts\/24582"}],"collection":[{"href":"https:\/\/www.hohenlohe-ungefiltert.de\/index.php?rest_route=\/wp\/v2\/posts"}],"about":[{"href":"https:\/\/www.hohenlohe-ungefiltert.de\/index.php?rest_route=\/wp\/v2\/types\/post"}],"author":[{"embeddable":true,"href":"https:\/\/www.hohenlohe-ungefiltert.de\/index.php?rest_route=\/wp\/v2\/users\/1"}],"replies":[{"embeddable":true,"href":"https:\/\/www.hohenlohe-ungefiltert.de\/index.php?rest_route=%2Fwp%2Fv2%2Fcomments&post=24582"}],"version-history":[{"count":5,"href":"https:\/\/www.hohenlohe-ungefiltert.de\/index.php?rest_route=\/wp\/v2\/posts\/24582\/revisions"}],"predecessor-version":[{"id":24602,"href":"https:\/\/www.hohenlohe-ungefiltert.de\/index.php?rest_route=\/wp\/v2\/posts\/24582\/revisions\/24602"}],"wp:attachment":[{"href":"https:\/\/www.hohenlohe-ungefiltert.de\/index.php?rest_route=%2Fwp%2Fv2%2Fmedia&parent=24582"}],"wp:term":[{"taxonomy":"category","embeddable":true,"href":"https:\/\/www.hohenlohe-ungefiltert.de\/index.php?rest_route=%2Fwp%2Fv2%2Fcategories&post=24582"},{"taxonomy":"post_tag","embeddable":true,"href":"https:\/\/www.hohenlohe-ungefiltert.de\/index.php?rest_route=%2Fwp%2Fv2%2Ftags&post=24582"}],"curies":[{"name":"wp","href":"https:\/\/api.w.org\/{rel}","templated":true}]}}