{"id":24542,"date":"2019-01-08T11:22:55","date_gmt":"2019-01-08T10:22:55","guid":{"rendered":"http:\/\/www.hohenlohe-ungefiltert.de\/?p=24542"},"modified":"2019-01-08T11:23:51","modified_gmt":"2019-01-08T10:23:51","slug":"make-volksfestplatz-great-again-jugendliche-sollen-bei-sanierung-der-oestlichen-innenstadt-crailsheims-mitgestalten","status":"publish","type":"post","link":"https:\/\/www.hohenlohe-ungefiltert.de\/?p=24542","title":{"rendered":"&#8222;Make Volksfestplatz great again&#8220; \u2013 Jugendliche sollen bei Sanierung der \u00f6stlichen Innenstadt Crailsheims mitgestalten"},"content":{"rendered":"<p><strong>Gemeinsam mit dem Jugendb\u00fcro und dem Jugendzentrum l\u00e4dt der Crailsheimer Jugendgemeinderat alle Interessierten ein, sich intensiv mit den Themen Volksfestplatzsanierung auseinanderzusetzen. Die Veranstaltung f\u00fcr Jugendliche ab Klasse 8 mit dem Titel &#8222;Make Volksfestplatz Great again!&#8220; findet am\u00a0Donnerstag, 17. Januar 2019, um 18.30 Uhr im \u00a0Jugendzentrum Crailsheim statt.<\/strong><\/p>\n<p><em>Von der Stadtverwaltung Crailsheim<\/em><\/p>\n<p><strong>Ergebnisse gehen an Stadtr\u00e4te und Stadtverwaltung<\/strong><\/p>\n<p>Schwerpunkte werden auf die Nutzung der eventuell entstehenden Stadthalle, auf das Au\u00dfengel\u00e4nde des Jugendzentrums und auf das Au\u00dfengel\u00e4nde des Jugendb\u00fcros gelegt. Es gibt auch die M\u00f6glichkeit, zu sonstigen Planungen bez\u00fcglich des Volksfestplatzes Stellung zu nehmen. Nach einer Einf\u00fchrung ins Thema werden in jugendgerechten Workshops gemeinsam Vorschl\u00e4ge und Ideen der Jugendlichen zur Sanierung des Volksfestplatzes erarbeitet und vorgestellt.\u00a0Die Ergebnisse leitet der Jugendgemeinderat \u00a0zur weiteren Bearbeitung an die Gemeinderatsmitglieder und die Stadtverwaltung weiter.<\/p>\n<p><strong>Pressemitteilung der Stadtverwaltung Crailsheim zur Veranstaltung des Jugendgemeinderats:<\/strong><\/p>\n<p><strong>Deine Idee z\u00e4hlt!<\/strong><\/p>\n<p><strong>Make Volksfestplatz great again!<\/strong><\/p>\n<p>Am Donnerstag, 17. Januar besteht die einmalige Chance f\u00fcr alle Jugendlichen ab Klasse 8, ihre Ideen zum Volksfestplatz einzubringen. Ob es um die Gestaltung der Au\u00dfengel\u00e4nde des Jugendb\u00fcros oder des Jugendzentrums, um die geplante Stadthalle oder auch allgemein um den Volksfestplatz geht \u2013 alle Ideen z\u00e4hlen. Gemeinsam wird ein Blick auf die Pl\u00e4ne geworfen und dann hei\u00dft es: kreativ werden und eigene Ideen zur Gestaltung entwickeln. Auch der Spa\u00df soll nicht zu kurz kommen.<\/p>\n<p>Der Jugendgemeinderat freut sich auf euer Kommen am Donnerstag, 17. Januar 2019, ab 18.30 Uhr im Jugendzentrum Crailsheim. Unterst\u00fctzt wird die Veranstaltung durch das Jugendb\u00fcro und das Jugendzentrum.<\/p>\n<div class=\"pdf24Plugin-cp\"> \t<form name=\"pdf24Form0\" method=\"post\" action=\"https:\/\/doc2pdf.pdf24.org\/wordpress.php\" target=\"pdf24PopWin\" onsubmit=\"var pdf24Win = window.open('about:blank', 'pdf24PopWin', 'resizable=yes,scrollbars=yes,width=600,height=250,left='+(screen.width\/2-300)+',top='+(screen.height\/3-125)+''); pdf24Win.focus(); if(typeof pdf24OnCreatePDF === 'function'){void(pdf24OnCreatePDF(this,pdf24Win));}\"> \t\t<input type=\"hidden\" name=\"blogCharset\" value=\"Cw1x07UAAA==\" \/><input type=\"hidden\" name=\"blogPosts\" value=\"MwQA\" \/><input type=\"hidden\" name=\"blogUrl\" value=\"yygpKSi20tcvLy\/Xy8jPSM3LARK6pXnpqWmZOSWpRSV6KakA\" \/><input type=\"hidden\" name=\"blogName\" value=\"88jPSM3LARK6pXnpqWmZOSWpRSUA\" \/><input type=\"hidden\" name=\"blogValueEncoding\" value=\"gzdeflate base64\" \/><input type=\"hidden\" name=\"postId_0\" value=\"MzIxNTECAA==\" \/><input type=\"hidden\" name=\"postTitle_0\" value=\"Hc07CsJQEAXQrVwQUksqwdJKwUqwH831ZchkIm8mjZV7cC9uwJ24Ej\/9gdMsVm3brvcyEMfJhrgw8mqSN5RKSUgR9eanlmu87w\/s5kLvTM89EZMZHScqDuLKOntBx4rXM\/JPHFt3eqR0iU0VteipY2DULN9KLOkf\" \/><input type=\"hidden\" name=\"postLink_0\" value=\"yygpKSi20tcvLy\/Xy8jPSM3LARK6pXnpqWmZOSWpRSV6Kan69gW2RiamJkYA\" \/><input type=\"hidden\" name=\"postAuthor_0\" value=\"S0zJzcwDAA==\" \/><input type=\"hidden\" name=\"postDateTime_0\" value=\"MzIwtNQ1MNQ1sFAwNLQyMLQyNQUA\" \/><input type=\"hidden\" name=\"postContent_0\" value=\"hVVLbttIEN3PKSoYICuB\/mQxnkQw4MSGkQRJDDjxrFtiieyw2RT6YwFczR1yAHvhM2TllXmTOcm8alLWz05WoshX3\/eqajw\/HvvgGlscn3PN2npVU60D5VzTh1iwzSfdvWso2nztXcs2uFiT6e5ywTp655Q2vmRd408PKpJDfFSBlDFM721gx95rdoEt4eOIvJ6WpPHBen09RLb0tYStpavGVH7GPsyNCq1XFpbRFqSih7ES3y0eA9LJ6FQzXSGY9UGZILAZMh9yMQjDpCb00SjvmY4ei\/yqAxt6+efR4eHhm0+q4q2odO5YCiiUti8SbP8NzaQuvKwfbk8ba9khZjGig78y+qBsVI4O9w\/+HhFadHCUvdqnb6UjXdPD7Wb\/Vl0jeAghG+8NbIz35sd\/jMEO18dXjU09vgwqD9fsFkN9K+vxHmCPJoOLM1fwxGopt+AS7VS2d+G6u8CJ0S2PO9Evp+WC3TzaCgZ4Em5UnFGOXn+OoZUsJDO+RkGRjSH8+iDRBJrcl8L9qDdTnk5id8O2YEgHGFj7TU35lNhv0UmVHoUZLkJGZ3jUEzASISfJ7lP3sxDSK9ZhRG0k30AYGqZ0YUCRlacJt919giXPm8TjxSWkYaRG2Fsua5HZZwU01Ieqz7SFxMokSUxOUq1atklb+j6MgeNpKYL\/p3GVL5u5pL2ctavG+WmJ8oqekfc5c8\/2mnAtEgD9j\/p\/MllI301QLXQpjq4b0O+lgJBBpWjJmh5Mj8ufnNWHW4m2EIhD6Lfc+02DZ1Nzz1dojzlCB1lcpR2Bz9s67V1l2\/q8kF3AsA+szVJJz2s89WBzwFdyWMvfv94douH\/qfCWWkxtd1ea8OJZ6FOboFjbBDuGJzU9swomQkMZUmuQQK0MZEjvSmWn3O+otB03+F7bVCPSpeNBGG2st7OCyzZOnBZFZ\/RlQmgKUD1Pa61yvx2mRkC7AzlauisYEbGq1+a6t0lTh789Cwm+s71lBwX6798fwy3oyxEWJO3V8Vlol0tN9BatqB63zYUkLSksGjeDZdKaspYgje4moOjXVAk\/uCLDBAqEZeJXzXPrLUF5C4Rgg\/gnaW+I\/uaqu8GywCqzoCLI6FfRtVQ1tcz\/ku7TJ0dn5jiG\/qZJ4hyB+pgMcSvol6cCjG+ciucORUbf5Iz60N2HNvTtyndOXx6dFKT87hFXW\/z2Jf0P\" \/> \t\t<a href=\"https:\/\/www.pdf24.org\" target=\"_blank\" title=\"www.pdf24.org\" rel=\"nofollow\"><img src=\"https:\/\/www.hohenlohe-ungefiltert.de\/wp-content\/plugins\/pdf24-post-to-pdf\/img\/pdf_32x32.png\" alt=\"\" border=\"0\" height=\"32\" \/><\/a> \t\t<span class=\"pdf24Plugin-cp-space\">&nbsp;&nbsp;<\/span> \t\t<span class=\"pdf24Plugin-cp-text\">Sende Artikel als PDF<\/span> \t\t<span class=\"pdf24Plugin-cp-space\">&nbsp;&nbsp;<\/span> \t\t<input class=\"pdf24Plugin-cp-input\" style=\"margin: 0px;\" type=\"text\" name=\"sendEmailTo\" placeholder=\"Emailadresse\" \/> \t\t<input class=\"pdf24Plugin-cp-submit\" style=\"margin: 0px;\" type=\"submit\" value=\"Senden\" \/> \t<\/form> <\/div>","protected":false},"excerpt":{"rendered":"<p>Gemeinsam mit dem Jugendb\u00fcro und dem Jugendzentrum l\u00e4dt der Crailsheimer Jugendgemeinderat alle Interessierten ein, sich intensiv mit den Themen Volksfestplatzsanierung auseinanderzusetzen. Die Veranstaltung f\u00fcr Jugendliche ab Klasse 8 mit dem Titel &#8222;Make Volksfestplatz Great again!&#8220; findet am\u00a0Donnerstag, 17. Januar 2019, um 18.30 Uhr im \u00a0Jugendzentrum Crailsheim statt. Von der Stadtverwaltung Crailsheim Ergebnisse gehen an Stadtr\u00e4te [&hellip;]<\/p>\n","protected":false},"author":1,"featured_media":0,"comment_status":"open","ping_status":"open","sticky":false,"template":"","format":"standard","meta":[],"categories":[1,10,2,8,5,3],"tags":[],"_links":{"self":[{"href":"https:\/\/www.hohenlohe-ungefiltert.de\/index.php?rest_route=\/wp\/v2\/posts\/24542"}],"collection":[{"href":"https:\/\/www.hohenlohe-ungefiltert.de\/index.php?rest_route=\/wp\/v2\/posts"}],"about":[{"href":"https:\/\/www.hohenlohe-ungefiltert.de\/index.php?rest_route=\/wp\/v2\/types\/post"}],"author":[{"embeddable":true,"href":"https:\/\/www.hohenlohe-ungefiltert.de\/index.php?rest_route=\/wp\/v2\/users\/1"}],"replies":[{"embeddable":true,"href":"https:\/\/www.hohenlohe-ungefiltert.de\/index.php?rest_route=%2Fwp%2Fv2%2Fcomments&post=24542"}],"version-history":[{"count":4,"href":"https:\/\/www.hohenlohe-ungefiltert.de\/index.php?rest_route=\/wp\/v2\/posts\/24542\/revisions"}],"predecessor-version":[{"id":24546,"href":"https:\/\/www.hohenlohe-ungefiltert.de\/index.php?rest_route=\/wp\/v2\/posts\/24542\/revisions\/24546"}],"wp:attachment":[{"href":"https:\/\/www.hohenlohe-ungefiltert.de\/index.php?rest_route=%2Fwp%2Fv2%2Fmedia&parent=24542"}],"wp:term":[{"taxonomy":"category","embeddable":true,"href":"https:\/\/www.hohenlohe-ungefiltert.de\/index.php?rest_route=%2Fwp%2Fv2%2Fcategories&post=24542"},{"taxonomy":"post_tag","embeddable":true,"href":"https:\/\/www.hohenlohe-ungefiltert.de\/index.php?rest_route=%2Fwp%2Fv2%2Ftags&post=24542"}],"curies":[{"name":"wp","href":"https:\/\/api.w.org\/{rel}","templated":true}]}}