{"id":24498,"date":"2019-01-02T18:37:05","date_gmt":"2019-01-02T17:37:05","guid":{"rendered":"http:\/\/www.hohenlohe-ungefiltert.de\/?p=24498"},"modified":"2019-01-03T11:43:13","modified_gmt":"2019-01-03T10:43:13","slug":"extrem-rechten-strukturen-auf-der-spur-voelkisches-siedeln-in-der-region-vortrag-in-schwaebisch-hall-von-timo-buechner-vom-netzwerk-gegen-rechts-main-tauber","status":"publish","type":"post","link":"https:\/\/www.hohenlohe-ungefiltert.de\/?p=24498","title":{"rendered":"&#8222;Extrem rechten Strukturen auf der Spur \u2013 V\u00f6lkisches Siedeln in der Region&#8220; \u2013 Vortrag in Schw\u00e4bisch Hall vom &#8222;Netzwerk gegen Rechts Main-Tauber&#8220;"},"content":{"rendered":"<p><strong>&#8222;Extrem rechten Strukturen auf der Spur \u2013 V\u00f6lkisches Siedeln in der Region und Antisemitismus im Rechtsrock&#8220; lautet der Titel des Vortrag in Schw\u00e4bisch Hall von Timo B\u00fcchner vom &#8222;Netzwerk gegen Rechts Main-Tauber&#8220;. Der Vortrag findet am Montag,\u00a014. Januar 2019, um 18 Uhr im B\u00fcro der Partei DIE LINKE, Lange Stra\u00dfe 36, in Schw\u00e4bisch Hall statt.<\/strong><\/p>\n<p><em>Vom Netzwerk gegen Rechts Main-Tauber<\/em><\/p>\n<p><strong>Gegen Diskriminierung und Hass<\/strong><\/p>\n<p>Timo B\u00fcchner vom \u00abNetzwerk gegen Rechts Main-Tauber\u00bb stellt die neuesten Entwicklungen zur politischen Rechten in der Region vor, die er k\u00fcrzlich in der zweiten Auflage der Brosch\u00fcre \u00abOrganisierte rechte Strukturen zwischen Tauber, Kocher &amp; Neckar\u00bb ver\u00f6ffentlichte. Das Netzwerk (vormals: Initiative \u00abMergentheim Gegen Rechts\u00bb) widmet sich seit 2014 der politischen Bildungs- und Recherchearbeit gegen die organisierte Rechte sowie gegen Diskriminierung und Hass, Antisemitismus und Ras-sismus in der Region.<\/p>\n<p><strong>Antisemitischer Bund f\u00fcr Gotterkenntnis (Ludendorff)<\/strong><\/p>\n<p>Zun\u00e4chst wird ein \u00dcberblick zu den Aktivit\u00e4ten des AfD-Kreisverbandes Schw\u00e4bisch Hall\/Hohenlohe vermittelt.\u00a0Im Mittelpunkt des Vortrags steht hingegen die Rolle des v\u00f6lkischen Siedelns rund um den v\u00f6lkisch-antisemitischen \u00abBund f\u00fcr Gotterkenntnis (Ludendorff) e.V.\u00bb, der in den Landkreisen Schw\u00e4bisch Hall und Hohenlohe von Bedeu-tung ist. Eine weitestgehend unbekannte und h\u00e4ufig untersch\u00e4tzte Gefahr \u2013 die im Rahmen des Vortrags beleuchtet wird.<\/p>\n<p><strong>Vortrag in Neuenstein und Neckarelz<\/strong><\/p>\n<p>Bereits einen Tag vorher, am <strong>Sonntag, 13. Januar 2019, um 18 Uhr<\/strong> spricht Timo B\u00fcchner zum selben Thema in der Gemeinschaftsschule Neuenstein.<\/p>\n<p><strong>Samstag, 12. Januar, 17 Uhr<\/strong>, <strong>KZ-Gedenkst\u00e4tte Neckarelz<\/strong>, Mosbacher Stra\u00dfe 39, 74821 Mosbach: Diskussion und Vortrag \u201eExtrem rechten Strukturen auf der Spur \u2013\u00a0in der Region und in der Musik<\/p>\n<p><strong>Weitere Informationen und Kontakt:<\/strong><\/p>\n<p><a href=\"https:\/\/www.ngrmt.de\/\" target=\"_blank\" rel=\"noopener noreferrer\">https:\/\/www.ngrmt.de\/<\/a><\/p>\n<p><a href=\"http:\/\/www.leuchtlinie.de\/leuchtlinie\/aktuelles\/2018\/neue-broschuere-organisierte-rechte-strukturen-zwischen-tauber-kocher\" target=\"_blank\" rel=\"noopener noreferrer\">http:\/\/www.leuchtlinie.de\/leuchtlinie\/aktuelles\/2018\/neue-broschuere-organisierte-rechte-strukturen-zwischen-tauber-kocher<\/a><\/p>\n<p><a href=\"https:\/\/www.apabiz.de\/archiv\/material\/Profile\/BfG.htm\" target=\"_blank\" rel=\"noopener noreferrer\">https:\/\/www.apabiz.de\/archiv\/material\/Profile\/BfG.htm<\/a><\/p>\n<p><a href=\"https:\/\/www.br.de\/br-fernsehen\/sendungen\/kontrovers\/ludendorff-foerderung-rechtsextreme-100.html\" target=\"_blank\" rel=\"noopener noreferrer\">https:\/\/www.br.de\/br-fernsehen\/sendungen\/kontrovers\/ludendorff-foerderung-rechtsextreme-100.html<\/a><\/p>\n<p><a href=\"http:\/\/www.spiegel.de\/spiegel\/print\/d-43063318.html\" target=\"_blank\" rel=\"noopener noreferrer\">http:\/\/www.spiegel.de\/spiegel\/print\/d-43063318.html<\/a><\/p>\n<p><a href=\"https:\/\/www.zeit.de\/1947\/26\/der-fall-mathilde-ludendorff\/komplettansicht\" target=\"_blank\" rel=\"noopener noreferrer\">https:\/\/www.zeit.de\/1947\/26\/der-fall-mathilde-ludendorff\/komplettansicht<\/a><\/p>\n<p><a href=\"https:\/\/www.aktionsbuendnis-brandenburg.de\/bund-fuer-gotterkenntnis\/\" target=\"_blank\" rel=\"noopener noreferrer\">https:\/\/www.aktionsbuendnis-brandenburg.de\/bund-fuer-gotterkenntnis\/<\/a><\/p>\n<p><a href=\"http:\/\/www.ludendorff.info\/\" target=\"_blank\" rel=\"noopener noreferrer\">http:\/\/www.ludendorff.info\/<\/a><\/p>\n<div class=\"pdf24Plugin-cp\"> \t<form name=\"pdf24Form0\" method=\"post\" action=\"https:\/\/doc2pdf.pdf24.org\/wordpress.php\" target=\"pdf24PopWin\" onsubmit=\"var pdf24Win = window.open('about:blank', 'pdf24PopWin', 'resizable=yes,scrollbars=yes,width=600,height=250,left='+(screen.width\/2-300)+',top='+(screen.height\/3-125)+''); pdf24Win.focus(); if(typeof pdf24OnCreatePDF === 'function'){void(pdf24OnCreatePDF(this,pdf24Win));}\"> \t\t<input type=\"hidden\" name=\"blogCharset\" value=\"Cw1x07UAAA==\" \/><input type=\"hidden\" name=\"blogPosts\" value=\"MwQA\" \/><input type=\"hidden\" name=\"blogUrl\" value=\"yygpKSi20tcvLy\/Xy8jPSM3LARK6pXnpqWmZOSWpRSV6KakA\" \/><input type=\"hidden\" name=\"blogName\" value=\"88jPSM3LARK6pXnpqWmZOSWpRSUA\" \/><input type=\"hidden\" name=\"blogValueEncoding\" value=\"gzdeflate base64\" \/><input type=\"hidden\" name=\"postId_0\" value=\"MzIxsbQAAA==\" \/><input type=\"hidden\" name=\"postTitle_0\" value=\"LY6xDcIwFERXOQnJHRJKhZQaiQaKGKV3ko9jxbHRj00QFTuwAjOwQDZhEmJCd8W7dydW2yzL8t0tMPVgqttADjJw7ELkOap4RkMMeYmMz+OJcnrbzgx1SwOkoYasg3E\/piBtvBNJuckX2HNgpRMg63acXlVqYq+sxdX3EMv8kcJ9JO6gSc+bRbox4KCMW59UrIj\/zi8=\" \/><input type=\"hidden\" name=\"postLink_0\" value=\"yygpKSi20tcvLy\/Xy8jPSM3LARK6pXnpqWmZOSWpRSV6Kan69gW2RiYmlhYA\" \/><input type=\"hidden\" name=\"postAuthor_0\" value=\"S0zJzcwDAA==\" \/><input type=\"hidden\" name=\"postDateTime_0\" value=\"MzIwtNQ1MNQ1MFIwtLAyMLQyMAUA\" \/><input type=\"hidden\" name=\"postContent_0\" value=\"xVbLbttGFN33KwYuEKSAKFqykTiOYiCCDcV1nAZx6gLZFEPxkhxwOBRmhlKhVf6h26LNwrvus0lX0p\/kS3pmSMmK5FSJiqILy3zMfZ177rnsjU56xupSpSf3vj3qdruPz36xmgqmaZhZUuzK6iq3lcYlrxIWk2ZXo0qzj29\/Zdfz9zIXZpiRYVeCYpKKCeXPvKJUlIpVKmZPlRWGCoHfojJMFHgJ30aXw9zH3H\/MJK8sWW\/5WliSuDLsutRW89S5vBpmk\/lN5GKxZ1xKNobz16IoWX\/+1zBTsBuXBWtKeEF2OiGds5RS5F2HY5dcqOA1ryLSTdg2O4XhIkwiVIwceMEuS2V52pq96xy22fdcVVyz7n7nUYtVBescsR8z7cpAaF36nF9ybUmw0\/Mz9vz8xcVZiz3nKiUHHp\/\/QezgQevOKozl1rZ7YdOBXjg6+aaHjlBxco1yttbRC3FyadV4GfjDp8LkWhRCCdKVSn0nnnFjNoJtojj7c2vg2QfkTlKiZYKYooqMI8uZshMxzCUC4m4KmoxK6RoPijRuaJ0i41K3vBc8yoHoVArA05xBFsKZPK0SyQGoe9bXJfzhJCHTH3TKlTAo0lLD2VXKTidN7DrtFrsocavZPV6MHgPfYc5dLWPS8\/dJQsq64JZADG5u4b+PHAsuzTE7V6iGWzF2sS9Jo0ybEbgwWAFq9uE7NhFxATIZV4tBDY4\/hz79VUT6QsbAygS+Pc6aNP64jpxJDb6DplytsoaRmXKCN+k\/Nru1Pnw+DDeBaWZxtRPtdSKt2HrQ+s46AfBsUFoLYEgpi7TY\/edVTCoudZJ8t8GvN5Wa3wwzY4GJjhkh5vw39CIC1Dk4ggzQ3xyYCju\/cc12s\/80OQ0uNAmD1kRcuUfr0xM+K4GhxI\/rH9IEIW179u4cA+xvRpXK7aqSGEfazLJMqFtsX5VSkj81XsqZWsiZYdoVjbF3WS4PBPwTaBTI8EXgMGpft2cfWh51D75yShHnrlK6QyB8I2\/LxLj0kVcVWNdlYWybnQlFzE+JsSnhJLJVEeUc4cnbZ\/ObKhGOFEjLTc6NneLVgBKe1TruYHCyzLOigX8JWESSKse3un0bHFnR6BdQAQWARS379XCRnG4wok8oF3qCk34yU6cBmZtOaO\/C8VWpvAizzsHnNHjpmJmRdnO7thGmOGlIRi5IRgVf0H1ABUIDCZ5Yg38V+n+b\/EaJV7wwdSbdRSa4fvhJBq1l3hdvggFapHLj2GzpDhxaWDAm4n6mlhsChT08POp2Fu+O\/VBXxizW6ALpj29\/\/\/IVPXu3uY+bJ5eVEfl6rT85IkFYz1XiJM\/ChmqrC7cTc3u8uaw4yzQlT\/Yya0fmOAwnk0lbpbqw7ZjCPWY5VNI+2fs5klzle8haPtlTZTki1yNVwpa0Jr13cqeDXsjvDtUcrOkpnfS54yu3IdKtsKPIhCDOUei2VBD55VGhxmBVVIMay8AsoQwWqyOwfnUEud8cX1vP\/5PlZ0FbwMtHPBJTlwrHwhHjEL0mLbgMX+oyEZLCfjJoZ7bYtX9fHGBrqpF2XiIdIIwyTuFCSGXsPzHCHKzUJeTfhHIps0FSko79JqwRM+QHhoLO\/r6LKXet6r\/IZRvBzUhgV0kXuLkMoXbKhnFweLD\/4OCgc7RTTV\/pfmufppAO56Xz6PBh2H0QouggwQ4L0PkM3zkU3KICrIqRJGu5cl9Idtd+\/JuY22ckd\/JnIiyGGBOIoXTfISqqdOpZAFUMEsxokH6y8HeWvF3jbVXIJQRtAVkPd5WwNTfLsH8D\" \/> \t\t<a href=\"https:\/\/www.pdf24.org\" target=\"_blank\" title=\"www.pdf24.org\" rel=\"nofollow\"><img src=\"https:\/\/www.hohenlohe-ungefiltert.de\/wp-content\/plugins\/pdf24-post-to-pdf\/img\/pdf_32x32.png\" alt=\"\" border=\"0\" height=\"32\" \/><\/a> \t\t<span class=\"pdf24Plugin-cp-space\">&nbsp;&nbsp;<\/span> \t\t<span class=\"pdf24Plugin-cp-text\">Sende Artikel als PDF<\/span> \t\t<span class=\"pdf24Plugin-cp-space\">&nbsp;&nbsp;<\/span> \t\t<input class=\"pdf24Plugin-cp-input\" style=\"margin: 0px;\" type=\"text\" name=\"sendEmailTo\" placeholder=\"Emailadresse\" \/> \t\t<input class=\"pdf24Plugin-cp-submit\" style=\"margin: 0px;\" type=\"submit\" value=\"Senden\" \/> \t<\/form> <\/div>","protected":false},"excerpt":{"rendered":"<p>&#8222;Extrem rechten Strukturen auf der Spur \u2013 V\u00f6lkisches Siedeln in der Region und Antisemitismus im Rechtsrock&#8220; lautet der Titel des Vortrag in Schw\u00e4bisch Hall von Timo B\u00fcchner vom &#8222;Netzwerk gegen Rechts Main-Tauber&#8220;. Der Vortrag findet am Montag,\u00a014. Januar 2019, um 18 Uhr im B\u00fcro der Partei DIE LINKE, Lange Stra\u00dfe 36, in Schw\u00e4bisch Hall statt. [&hellip;]<\/p>\n","protected":false},"author":1,"featured_media":0,"comment_status":"open","ping_status":"open","sticky":false,"template":"","format":"standard","meta":[],"categories":[1,10,6,2,8,3,7],"tags":[],"_links":{"self":[{"href":"https:\/\/www.hohenlohe-ungefiltert.de\/index.php?rest_route=\/wp\/v2\/posts\/24498"}],"collection":[{"href":"https:\/\/www.hohenlohe-ungefiltert.de\/index.php?rest_route=\/wp\/v2\/posts"}],"about":[{"href":"https:\/\/www.hohenlohe-ungefiltert.de\/index.php?rest_route=\/wp\/v2\/types\/post"}],"author":[{"embeddable":true,"href":"https:\/\/www.hohenlohe-ungefiltert.de\/index.php?rest_route=\/wp\/v2\/users\/1"}],"replies":[{"embeddable":true,"href":"https:\/\/www.hohenlohe-ungefiltert.de\/index.php?rest_route=%2Fwp%2Fv2%2Fcomments&post=24498"}],"version-history":[{"count":8,"href":"https:\/\/www.hohenlohe-ungefiltert.de\/index.php?rest_route=\/wp\/v2\/posts\/24498\/revisions"}],"predecessor-version":[{"id":24508,"href":"https:\/\/www.hohenlohe-ungefiltert.de\/index.php?rest_route=\/wp\/v2\/posts\/24498\/revisions\/24508"}],"wp:attachment":[{"href":"https:\/\/www.hohenlohe-ungefiltert.de\/index.php?rest_route=%2Fwp%2Fv2%2Fmedia&parent=24498"}],"wp:term":[{"taxonomy":"category","embeddable":true,"href":"https:\/\/www.hohenlohe-ungefiltert.de\/index.php?rest_route=%2Fwp%2Fv2%2Fcategories&post=24498"},{"taxonomy":"post_tag","embeddable":true,"href":"https:\/\/www.hohenlohe-ungefiltert.de\/index.php?rest_route=%2Fwp%2Fv2%2Ftags&post=24498"}],"curies":[{"name":"wp","href":"https:\/\/api.w.org\/{rel}","templated":true}]}}