{"id":24233,"date":"2018-10-28T21:10:41","date_gmt":"2018-10-28T20:10:41","guid":{"rendered":"http:\/\/www.hohenlohe-ungefiltert.de\/?p=24233"},"modified":"2018-10-28T21:10:41","modified_gmt":"2018-10-28T20:10:41","slug":"gewaltsam-und-willkuerlich-klage-gegen-polizeieinsatz-am-3-mai-2018-im-fluechtlingslager-ellwangen","status":"publish","type":"post","link":"https:\/\/www.hohenlohe-ungefiltert.de\/?p=24233","title":{"rendered":"&#8222;Gewaltsam und willk\u00fcrlich&#8220; \u2013\u00a0Klage gegen Polizeieinsatz am 3. Mai 2018 im Fl\u00fcchtlingslager Ellwangen"},"content":{"rendered":"<p><strong>Alassa M. erhob am 18. September 2018 Klage beim Verwaltungsgericht Stuttgart wegen des Polizeieinsatzes am 3. Mai 2018 in der Landeserstaufnahmeeinrichtung Ellwangen (LEA). Die Klage gegen das Land Baden-W\u00fcrttemberg hat das Aktenzeichen: 1 K 9602\/18.<\/strong><\/p>\n<p><em>Von der Rechtsanwaltskanzlei\u00a0Meister&amp;Partner<\/em><\/p>\n<p><strong>Nach Italien abgeschoben<\/strong><\/p>\n<p>Dazu Rechtsanwalt Roland Meister: \u201eDer aus Kamerun stammende Kl\u00e4ger ist einer der profilierten und \u00f6ffentlich bekannten Sprecher des Anliegens der Fl\u00fcchtlinge in Ellwangen und Kritiker der seinerzeitigen polizeilichen Gro\u00dfrazzia. Gewaltsam und willk\u00fcrlich wurde er deshalb am 20.6. 2018 nach Italien abgeschoben. Bereits am 12. Juli \u00a02018 hatte er deshalb beim \u2013\u00a0dem Bundesinnenminister Seehofer unterstehenden \u2013\u00a0Bundesamt f\u00fcr Migration und Fl\u00fcchtlinge (BAMF) einen Antrag auf R\u00fcckholung gestellt. \u00dcber diesen ist noch nicht entschieden (Aktenzeichen: 7310707\/262). Die Klage richtet sich auch gegen diese Polizeima\u00dfnahme.<\/p>\n<p><strong>Legaler\u00a0Fl\u00fcchtlingsprotest<\/strong><\/p>\n<p>Am 3. Mai 2018 fand in der LEA ein Polizeieinsatz statt, an dem mehr als 500 Polizisten beteiligt waren. Unter anderem elf Fl\u00fcchtlinge wurden verletzt und allein 40 \u2013 nicht verschlossene! \u2013 T\u00fcren wurden durch die Polizeikr\u00e4fte besch\u00e4digt, die diese r\u00fccksichtslos eintraten. Die Polizeirazzia erfolgte als Reaktion auf den verfassungsrechtlich gesch\u00fctzten Fl\u00fcchtlingsprotest am 30. April 2018 in der LEA gegen die Abschiebung eines Fl\u00fcchtlings aus Togo.\u201c<\/p>\n<p><strong>Irref\u00fchrende Unterstellung<\/strong><\/p>\n<p>Bundesweit verbreitet wurde demgegen\u00fcber die irref\u00fchrende Unterstellung der Landesregierung, der Protest der Fl\u00fcchtlinge am 30. April 2018 w\u00e4re rechtswidrig gewesen und in der LEA Ellwangen habe sich ein \u201erechtsfreier Raum\u201c entwickelt.<\/p>\n<p><strong>Grundrecht auf Versammlungsfreiheit<\/strong><\/p>\n<p>Dazu hei\u00dft es, so Meister weiter, in der Klageschrift: \u201eDer Protest von Fl\u00fcchtlingen gegen eine routinem\u00e4\u00dfige Dublin-Abschiebung war durch das Grundrecht auf Versammlungsfreiheit gedeckt und zu jedem Zeitpunkt friedlich. &#8230; Durch das beklagte Land wurde auf diesen spontanen und durch die Fl\u00fcchtlinge selbst organisierten Protest reagiert und &#8230; deshalb am 3. Mai 2018 eine Strafaktion durchgef\u00fchrt.\u201c<\/p>\n<p><strong>Keine richterlichen Durchsuchungsbeschl\u00fcsse<\/strong><\/p>\n<p>F\u00fcr die mit Ma\u00dfnahmen unmittelbaren Zwangs verbundene n\u00e4chtliche Gro\u00dfrazzia lagen keine richterlichen Durchsuchungsbeschl\u00fcsse vor. Die Klage kommt daher zum Ergebnis: \u201eDie Ma\u00dfnahmen am 3. Mai 2018 erfolgten ohne Rechtsgrundlage und ohne richterliche Anordnung, waren willk\u00fcrlich und in krassem Ma\u00dfe unverh\u00e4ltnism\u00e4\u00dfig. Gefahr im Vollzug oder eine dringende Gefahr f\u00fcr die \u00f6ffentliche Sicherheit lagen unter keinem Gesichtspunkt vor.\u201c<\/p>\n<p><strong>Bisher keine Stellungnahme des Landes<\/strong><\/p>\n<p>Das beklagte Land und seine Landesregierung wurden durch Dr. Weis, Vorsitzender Richter der 1. Kammer des Verwaltungsgerichts Stuttgart zur Stellungnahme aufgefordert. Eine solche liegt bislang nicht vor.<\/p>\n<div class=\"pdf24Plugin-cp\"> \t<form name=\"pdf24Form0\" method=\"post\" action=\"https:\/\/doc2pdf.pdf24.org\/wordpress.php\" target=\"pdf24PopWin\" onsubmit=\"var pdf24Win = window.open('about:blank', 'pdf24PopWin', 'resizable=yes,scrollbars=yes,width=600,height=250,left='+(screen.width\/2-300)+',top='+(screen.height\/3-125)+''); pdf24Win.focus(); if(typeof pdf24OnCreatePDF === 'function'){void(pdf24OnCreatePDF(this,pdf24Win));}\"> \t\t<input type=\"hidden\" name=\"blogCharset\" value=\"Cw1x07UAAA==\" \/><input type=\"hidden\" name=\"blogPosts\" value=\"MwQA\" \/><input type=\"hidden\" name=\"blogUrl\" value=\"yygpKSi20tcvLy\/Xy8jPSM3LARK6pXnpqWmZOSWpRSV6KakA\" \/><input type=\"hidden\" name=\"blogName\" value=\"88jPSM3LARK6pXnpqWmZOSWpRSUA\" \/><input type=\"hidden\" name=\"blogValueEncoding\" value=\"gzdeflate base64\" \/><input type=\"hidden\" name=\"postId_0\" value=\"MzIxMjYGAA==\" \/><input type=\"hidden\" name=\"postTitle_0\" value=\"U1O2MDIysnZPLU\/MKSlOzFUozUtRKM\/Myck+vKcoJzM5Qw2kwMBa4VHD5EMLvHMS01MV0lPTU\/MUAvJzMqtSM1Mz84oTS6oUgFqN9RR8EzMVjAwMLRQycxXccg7vSc4oycnMSy8G6StScM3JKU\/MA2oGAA==\" \/><input type=\"hidden\" name=\"postLink_0\" value=\"yygpKSi20tcvLy\/Xy8jPSM3LARK6pXnpqWmZOSWpRSV6Kan69gW2RiZGxsYA\" \/><input type=\"hidden\" name=\"postAuthor_0\" value=\"S0zJzcwDAA==\" \/><input type=\"hidden\" name=\"postDateTime_0\" value=\"MzIwtNA1NNA1slAwMrQyNLAyMQQA\" \/><input type=\"hidden\" name=\"postContent_0\" value=\"lVbLbhRHFN3nK24UCYFk2mOTAAHL0lg2CIwjZPOQ2NV4qrsrU109qqpmpFnxD9mi2At\/Q1Zeuf+EL8m5t7rx9IyRko1B01X3ce4559befH8vRF+7Yn9sVQiKTjLSvqwnpCraeZrRmZ5HXU20p93RzlM6tqrQNNGmog\/aL5SNjStCob05LyOdxSbGQvlIC11oR1Md6G1tzVIbbVxQcYkfEPhRRifKpIiGj3l6oxxOax+ianKnykrjhkRFAjqydqEch7z\/5mj8IKNDo7taipRJBQlBB2qq3cOP7bWPqe6CShXl+3gWtUMp56V2z2iHjun3x6PdbXS5t92BsLc93\/9pD6Doav9DnSo71SgiKMfNhplyS6vNzeWJNiFqf09V8+dv0bHTfm8bt75H6CL+oc5LehWVNahSTQodzoGudhspD9WyGeSi09pyR12mZ\/Tty9+HqEc1gY5VpX3jCGhVlQZyAKO9whgIZwnI4X9c+9zXuUFqj86pQbD2nzzXLlqAgCmiG8dfzuYeieUOYHK4AEyDRHhh22vUZA3Q51ndToLDHXsTzaxLFiQvAI6Gv8\/T4K3gTS993V54tVwaldFLLWCCCRxkYaydYWBS1KLx6CaVUiorPNwdZY+zxBb3AzgzOtAemYVeO7sZvW6soZtLuQQCxEFM4e+3L3\/dXE51RQcNU884p11lnIAN2uuyzvGfBgCBlLpklF26lC6oKlKOsunEFF5FUydIBoDdPxifvHggA3EANnpVYH45neLMrKwtcxs9RG1tzKj9yjqbGujAySBdjW6dSAtDQ6tGcxH3h0x+8mhn9GT0ZHv38e5AGaIeHSkwrqrBn04rnKDXZaXaC5Fbts7cN7pQVvuby5WOAggVUe8Ge8dDUedM3F7ZR2MGYM0ImLoxbpHiQxVVugSzbaDfRqN0kufgMKnIFCrgKMrzmN\/zPIjNwuOatvkQcKGPo8\/aWx2XUSairOX8v454eh2cOAA4bR0Atf5ZPrzDLHG1izBtPAADVH3dM99e5ZG9Dxfbqylq2pLvCU7PE2WkY0BUbhjDjlzx4W2MxH8wMa9tgVjc8KlWMyEP86KrPYcVs6+yKpNWhejtNVrCiTsGIq46ymg898YOjRXwf587jSfCogkTj1kZBsHEW97VRZ19+\/J1nQ+vvNfge+nFb953urDM4Q06JIUsIEhuZ8LKBBGTtjFuqae97thO5seRV3aD14Vh0yu25Me3XeMbJrWJxKK98piQeOvCTL1h0S1EZc2Qp7fuVqqJTsph7sB60\/UcrfBOUE0FiFiVC3M+01DvOlwvUepULslksS3hGBX3JEFKQHL3DsCX9gKCD1sU6t79ibHUfqsvVhSOUXqTx++boYfkcz3gCLpJBOCBk6+biH+r9qq9gE\/TYTPBoYerxIDUev5jbf6HRhB\/qs9nSW5o4U\/Nmv6EL\/PG4efcw7iYxxnd++Xp7qPRc6Tt42MNoRmoQfZ34ohoIflgmNcuKtfN6laWg5kHbSdovPaFgoF3+66Hw2vFzEnV9flX1suqcQlEZ5Bu3qlSEhaJnvEuWRwnVMVrfbfspLkAx2WQxDBQLKxmY+AveH9wNxVAPOmtmFvFD5DAhE2PPjEngyiJdYV0rr3qnEGvblZiVjia\/Y+SQBa\/ujRmdVXxc4lfA8umoiNf6AkwTSTDsZUq17HrbM1RXSJ\/essUzB6JzOjLh9XCsBRrP3WianH44Wugk+fMwxDBKM7NgYAELNhG1NXxmN8UucIO4Ydpbe2yKahmoQgUkDzLAMTqTuU97ivvIcyd\/3ohdAJSln+Cs8LVZO+J0gzbHWw4MKHsr4BHycQELnlbJSe7Q\/frMuDG5T21bn7D\/XSI2X2EQ2yhaR8M3tdOnqwJYXGKnYxfi1X3uNt8tIeVV\/uy8WtFQ4ggP0YE\/WR0xAWF2jJY\/EiMNDEBj9Si36oARXr6Fw==\" \/> \t\t<a href=\"https:\/\/www.pdf24.org\" target=\"_blank\" title=\"www.pdf24.org\" rel=\"nofollow\"><img src=\"https:\/\/www.hohenlohe-ungefiltert.de\/wp-content\/plugins\/pdf24-post-to-pdf\/img\/pdf_32x32.png\" alt=\"\" border=\"0\" height=\"32\" \/><\/a> \t\t<span class=\"pdf24Plugin-cp-space\">&nbsp;&nbsp;<\/span> \t\t<span class=\"pdf24Plugin-cp-text\">Sende Artikel als PDF<\/span> \t\t<span class=\"pdf24Plugin-cp-space\">&nbsp;&nbsp;<\/span> \t\t<input class=\"pdf24Plugin-cp-input\" style=\"margin: 0px;\" type=\"text\" name=\"sendEmailTo\" placeholder=\"Emailadresse\" \/> \t\t<input class=\"pdf24Plugin-cp-submit\" style=\"margin: 0px;\" type=\"submit\" value=\"Senden\" \/> \t<\/form> <\/div>","protected":false},"excerpt":{"rendered":"<p>Alassa M. erhob am 18. September 2018 Klage beim Verwaltungsgericht Stuttgart wegen des Polizeieinsatzes am 3. Mai 2018 in der Landeserstaufnahmeeinrichtung Ellwangen (LEA). Die Klage gegen das Land Baden-W\u00fcrttemberg hat das Aktenzeichen: 1 K 9602\/18. Von der Rechtsanwaltskanzlei\u00a0Meister&amp;Partner Nach Italien abgeschoben Dazu Rechtsanwalt Roland Meister: \u201eDer aus Kamerun stammende Kl\u00e4ger ist einer der profilierten und [&hellip;]<\/p>\n","protected":false},"author":1,"featured_media":0,"comment_status":"open","ping_status":"open","sticky":false,"template":"","format":"standard","meta":[],"categories":[1,9,6,2,8,3,7],"tags":[],"_links":{"self":[{"href":"https:\/\/www.hohenlohe-ungefiltert.de\/index.php?rest_route=\/wp\/v2\/posts\/24233"}],"collection":[{"href":"https:\/\/www.hohenlohe-ungefiltert.de\/index.php?rest_route=\/wp\/v2\/posts"}],"about":[{"href":"https:\/\/www.hohenlohe-ungefiltert.de\/index.php?rest_route=\/wp\/v2\/types\/post"}],"author":[{"embeddable":true,"href":"https:\/\/www.hohenlohe-ungefiltert.de\/index.php?rest_route=\/wp\/v2\/users\/1"}],"replies":[{"embeddable":true,"href":"https:\/\/www.hohenlohe-ungefiltert.de\/index.php?rest_route=%2Fwp%2Fv2%2Fcomments&post=24233"}],"version-history":[{"count":2,"href":"https:\/\/www.hohenlohe-ungefiltert.de\/index.php?rest_route=\/wp\/v2\/posts\/24233\/revisions"}],"predecessor-version":[{"id":24235,"href":"https:\/\/www.hohenlohe-ungefiltert.de\/index.php?rest_route=\/wp\/v2\/posts\/24233\/revisions\/24235"}],"wp:attachment":[{"href":"https:\/\/www.hohenlohe-ungefiltert.de\/index.php?rest_route=%2Fwp%2Fv2%2Fmedia&parent=24233"}],"wp:term":[{"taxonomy":"category","embeddable":true,"href":"https:\/\/www.hohenlohe-ungefiltert.de\/index.php?rest_route=%2Fwp%2Fv2%2Fcategories&post=24233"},{"taxonomy":"post_tag","embeddable":true,"href":"https:\/\/www.hohenlohe-ungefiltert.de\/index.php?rest_route=%2Fwp%2Fv2%2Ftags&post=24233"}],"curies":[{"name":"wp","href":"https:\/\/api.w.org\/{rel}","templated":true}]}}